{"id":159726,"date":"2019-10-19T17:00:10","date_gmt":"2019-10-19T15:00:10","guid":{"rendered":"http:\/\/www.leccecronaca.it\/?p=159726"},"modified":"2019-10-19T17:00:52","modified_gmt":"2019-10-19T15:00:52","slug":"il-lecce-il-prepartita-una-scala-a-pioli","status":"publish","type":"post","link":"https:\/\/www.leccecronaca.it\/index.php\/2019\/10\/19\/il-lecce-il-prepartita-una-scala-a-pioli\/","title":{"rendered":"IL LECCE \/ IL PREPARTITA \/ UNA SCALA A PIOLI"},"content":{"rendered":"<p><img decoding=\"async\" loading=\"lazy\" class=\"alignnone size-full wp-image-159727\" src=\"https:\/\/www.leccecronaca.it\/wordpress\/wp-content\/uploads\/2019\/10\/Stefano-Pioli-6.jpg\" alt=\"\" width=\"1200\" height=\"719\" srcset=\"https:\/\/www.leccecronaca.it\/wordpress\/wp-content\/uploads\/2019\/10\/Stefano-Pioli-6.jpg 1200w, https:\/\/www.leccecronaca.it\/wordpress\/wp-content\/uploads\/2019\/10\/Stefano-Pioli-6-300x180.jpg 300w, https:\/\/www.leccecronaca.it\/wordpress\/wp-content\/uploads\/2019\/10\/Stefano-Pioli-6-1024x614.jpg 1024w, https:\/\/www.leccecronaca.it\/wordpress\/wp-content\/uploads\/2019\/10\/Stefano-Pioli-6-768x460.jpg 768w\" sizes=\"(max-width: 1200px) 100vw, 1200px\" \/>(Rdl)______Le luci a San Siro su Milan-Lecce, di domenica 20 ottobre, ore 20.45. Attesi pi\u00f9 di cinquantamila spettatori, con buna rappresentanza, pi\u00f9 di tremila, di tifosi giallorossi.<\/p>\n<p>Padroni di casa che vengono, prima della sosta del campionato, dalla rocambolesca vittoria a Genova contro il Genoa che non \u00e8 bastata a salvare Marco Giampaolo, sostituito\u00a0in panchina da Stefano Pioli (nella foto).<\/p>\n<p>Il nuovo allenatore ha parlato per la prima volta alla vigilia di una partita alla guida dei Rossoneri questo pomeriggio, nel centro sportivo di Milanello,\u00a0 e lo ha fatto a lungo. Ecco una sintesi delle sue tante dichiarazioni:\u00a0<em>&#8220;Ho trovato giocatori attenti e curiosi. Gli atteggiamenti sono quelli giusti, vedo intensit\u00e0, curiosit\u00e0 e tanta voglia di fare bene. Il clima \u00e8 propositivo. In allenamento mi stanno dando tutto. Ho chiesto loro tanto, ma non siamo stati molto sul campo. In questo momento hanno un carico mentale elevato. Mi aspetto una partita brillante sotto ogni aspetto. Dopo la partita potr\u00f2 dare anche io giudizi pi\u00f9 precisi.\u00a0Un giocatore nel Milan deve dare il massimo a prescindere. <\/em><\/p>\n<p><em>Di cavalli ne abbiamo, e bisogna sprigionarli.\u00a0Dobbiamo far s\u00ec che la nostra prestazione sia la migliore possibile. Far bene per noi stessi, per il nostro club e i tifosi. Sappiamo qual \u00e8 la classifica e se pensiamo di non meritarla \u00e8 il momento giusto per cambiarla.<\/em><\/p>\n<p><em>La cosa importante \u00e8 vedere l&#8217;atteggiamento e l&#8217;approccio giusto. Una squadra che va in campo e supera i momenti difficili con compattezza e coesione che cerchi di mettere in pratica il lavoro settimanale che non \u00e8 stato un grande lavoro per il tempo a disposizione.<\/em><\/p>\n<p><em>A nessun giocatore ho chiesto cos&#8217;ha funzionato e cosa no. Da domani inizia un nuovo percorso che ci deve vedere protagonisti sul campo. Sar\u00e0 la prestazione di domani a determinare il mio lavoro futuro. Capir\u00f2 le qualit\u00e0 dei giocatori, tecniche tattiche e mentali. So che ne hanno di buonissime.<\/em><br \/>\n<em>In dieci giorni delle idee di gioco e posizioni in campo ci devono essere e ci saranno. I miei giocatori non dovranno essere preoccupati di essere perfetti. Dobbiamo darlo per scontato che non saremo precisi nei movimenti. Proprio per questo dovremo avere un atteggiamento di generosit\u00e0 e determinazione elevato.<\/em><br \/>\n<em>Le uniche vittorie del Lecce sono arrivate in trasferta, \u00e8 ben allenata e servir\u00e0 un&#8217;ottima prestazione.\u00a0La mia squadra spero mi stupisca domani sera&#8221;.<\/em><\/p>\n<p>Pi\u00f9 parco Fabio Liverani, che ha parlato a Lecce prima della partenza della squadra per Milano:<\/p>\n<p>\u201c<em>Le convocazioni in Nazionale sono servite a qualche mio giocatore, ad altri meno, visto che non hanno trovato spazio e, magari, questi giorni sarebbero serviti di pi\u00f9 ad allenarsi con la squadra. <\/em><\/p>\n<p><em>Credo che anche il mio collega del Milan avr\u00e0 avuto le mie stesse problematiche. <\/em><\/p>\n<p><em>Domani il Milan andr\u00e0 affrontato con umilt\u00e0, coraggio, attenzione e personalit\u00e0. Nei novanta minuti ci saranno dei momenti in cui soffrire ed altri in cui dovremo essere bravi a fare soffrire loro. <\/em><\/p>\n<p><em>Se avremo la forza ed il coraggio di difenderci ed attaccare creando dei problemi, solo cos\u00ec potremo raggiungere un risultato positivo. Non credo che solo difendendoti si riesca a fare punti. Il mio \u00e8 un gruppo molto intelligente e sensibile. Possiamo anche perdere come successo con Inter e Roma ma non possiamo farlo, invece, come a Bergamo, dove non mi \u00e8 piaciuto l\u2019atteggiamento<\/em>&#8220;.<\/p>\n<fb:like href='https:\/\/www.leccecronaca.it\/index.php\/2019\/10\/19\/il-lecce-il-prepartita-una-scala-a-pioli\/' send='true' layout='button_count' show_faces='true' width='450' height='65' action='recommend' colorscheme='light' font='lucida grande'><\/fb:like><span class=\"fb_share\"><fb:like href=\"https:\/\/www.leccecronaca.it\/index.php\/2019\/10\/19\/il-lecce-il-prepartita-una-scala-a-pioli\/\" layout=\"button_count\"><\/fb:like><\/span>","protected":false},"excerpt":{"rendered":"<p>(Rdl)______Le luci a San Siro su Milan-Lecce, di domenica 20 ottobre, ore 20.45. Attesi pi\u00f9 di cinquantamila spettatori, con buna rappresentanza, pi\u00f9 di tremila, di tifosi giallorossi. Padroni di casa che vengono, prima della sosta del campionato, dalla rocambolesca vittoria a Genova contro il Genoa che non \u00e8 bastata a salvare Marco Giampaolo, sostituito\u00a0in panchina [&hellip;]<\/p>\n","protected":false},"author":4,"featured_media":159727,"comment_status":"open","ping_status":"closed","sticky":false,"template":"","format":"standard","meta":[],"categories":[28],"tags":[],"_links":{"self":[{"href":"https:\/\/www.leccecronaca.it\/index.php\/wp-json\/wp\/v2\/posts\/159726"}],"collection":[{"href":"https:\/\/www.leccecronaca.it\/index.php\/wp-json\/wp\/v2\/posts"}],"about":[{"href":"https:\/\/www.leccecronaca.it\/index.php\/wp-json\/wp\/v2\/types\/post"}],"author":[{"embeddable":true,"href":"https:\/\/www.leccecronaca.it\/index.php\/wp-json\/wp\/v2\/users\/4"}],"replies":[{"embeddable":true,"href":"https:\/\/www.leccecronaca.it\/index.php\/wp-json\/wp\/v2\/comments?post=159726"}],"version-history":[{"count":1,"href":"https:\/\/www.leccecronaca.it\/index.php\/wp-json\/wp\/v2\/posts\/159726\/revisions"}],"predecessor-version":[{"id":159728,"href":"https:\/\/www.leccecronaca.it\/index.php\/wp-json\/wp\/v2\/posts\/159726\/revisions\/159728"}],"wp:featuredmedia":[{"embeddable":true,"href":"https:\/\/www.leccecronaca.it\/index.php\/wp-json\/wp\/v2\/media\/159727"}],"wp:attachment":[{"href":"https:\/\/www.leccecronaca.it\/index.php\/wp-json\/wp\/v2\/media?parent=159726"}],"wp:term":[{"taxonomy":"category","embeddable":true,"href":"https:\/\/www.leccecronaca.it\/index.php\/wp-json\/wp\/v2\/categories?post=159726"},{"taxonomy":"post_tag","embeddable":true,"href":"https:\/\/www.leccecronaca.it\/index.php\/wp-json\/wp\/v2\/tags?post=159726"}],"curies":[{"name":"wp","href":"https:\/\/api.w.org\/{rel}","templated":true}]}}