{"id":159873,"date":"2019-10-24T11:59:31","date_gmt":"2019-10-24T09:59:31","guid":{"rendered":"http:\/\/www.leccecronaca.it\/?p=159873"},"modified":"2019-10-24T12:12:43","modified_gmt":"2019-10-24T10:12:43","slug":"adriatico-oppure-jonio-il-nuovo-romanzo-di-valentina-perrone","status":"publish","type":"post","link":"https:\/\/www.leccecronaca.it\/index.php\/2019\/10\/24\/adriatico-oppure-jonio-il-nuovo-romanzo-di-valentina-perrone\/","title":{"rendered":"ADRIATICO, OPPURE JONIO? LA DOMANDA DI SILVIA E CARLO NEL NUOVO ROMANZO DI VALENTINA PERRONE"},"content":{"rendered":"<p><img decoding=\"async\" loading=\"lazy\" class=\"alignnone size-full wp-image-159874\" src=\"https:\/\/www.leccecronaca.it\/wordpress\/wp-content\/uploads\/2019\/10\/Foto_Valentina-Perrone.jpg\" alt=\"\" width=\"1600\" height=\"1200\" srcset=\"https:\/\/www.leccecronaca.it\/wordpress\/wp-content\/uploads\/2019\/10\/Foto_Valentina-Perrone.jpg 1600w, https:\/\/www.leccecronaca.it\/wordpress\/wp-content\/uploads\/2019\/10\/Foto_Valentina-Perrone-300x225.jpg 300w, https:\/\/www.leccecronaca.it\/wordpress\/wp-content\/uploads\/2019\/10\/Foto_Valentina-Perrone-1024x768.jpg 1024w, https:\/\/www.leccecronaca.it\/wordpress\/wp-content\/uploads\/2019\/10\/Foto_Valentina-Perrone-768x576.jpg 768w, https:\/\/www.leccecronaca.it\/wordpress\/wp-content\/uploads\/2019\/10\/Foto_Valentina-Perrone-1536x1152.jpg 1536w, https:\/\/www.leccecronaca.it\/wordpress\/wp-content\/uploads\/2019\/10\/Foto_Valentina-Perrone-400x300.jpg 400w\" sizes=\"(max-width: 1600px) 100vw, 1600px\" \/>(g.p.)______<\/p>\n<p>Dopo il brillante esordio dei racconti di &#8220;Un caff\u00e8 in ghiaccio con latte di mandorla&#8221; e il primo romanzo &#8220;Memorie di Negroamaro&#8221;, entrambi pubblicati da Edizioni Esperidi,\u00a0 la giovane giornalista e scrittrice salentina <strong>Valentina Perrone<\/strong>\u00a0(nella foto) ha pubblicato un nuovo romanzo, appena uscito per le Edizioni Kimerik, <strong><em>&#8220;Il mare in base al vento&#8221;\u00a0<\/em><\/strong>(200 pagg. 15 euro).<\/p>\n<p>Anche qui il richiamo alla sua terra d&#8217;origine \u00e8 forte gi\u00e0 nel titolo.<\/p>\n<p>Vale la pena di spiegare, infatti, per i nostri lettori non salentini, che a Lecce esiste una spiccata e assai diffusa, per quanto sbrigativa, vocazione alla meteorologia applicata, dalla primavera all&#8217;autunno, per cui, come qui sanno tutti,\u00a0 se soffia la <em>tramontana\u00a0<\/em>si va al mare sulla costa jonica, mentre (nella percezione popolare non esistono altri venti, solo questi due) se butta di <em>scirocco <\/em>si va su quella adriatica, perch\u00e9 cos\u00ec il mare \u00e8 sempre calmo, come recita il luogo comune, che come tutti i luoghi comuni un fondo di verit\u00e0 comunque poi ce l&#8217;ha.<\/p>\n<p>Titolo dunque di nuovo azzeccato.<\/p>\n<p>Del contenuto invece non possiamo dire nulla, non avendolo ancora letto: diranno, ognuno per suo conto, i lettori che vorranno&#8230;immergersi&#8230;nel mare&#8230;scelto in base al vento&#8230;della storia d&#8217;amore qui narrata, che, come anticipano le note\u00a0 editoriali, ha per protagonisti Silvia, una giovane libraria, &#8220;la classica brava ragazza&#8221;, e\u00a0Carlo,&#8221;affascinante ingegnere dal passato ingombrante&#8221;.<\/p>\n<p>Galleggeranno\u00a0 e nuoteranno, oppure andranno al fondo e annegheranno?<\/p>\n<p>Appuntamento sabato\u00a026 ottobre alle 18.30 a Lecce alla libreria Feltrinelli di via Templari &#8211; prima presentazione ufficiale &#8211; per scoprirlo.<\/p>\n<p><img decoding=\"async\" loading=\"lazy\" class=\"alignnone size-full wp-image-159875\" src=\"https:\/\/www.leccecronaca.it\/wordpress\/wp-content\/uploads\/2019\/10\/Copertina_Il-mare-in-base-al-vento_Valentina-Perrone.jpg\" alt=\"\" width=\"662\" height=\"960\" srcset=\"https:\/\/www.leccecronaca.it\/wordpress\/wp-content\/uploads\/2019\/10\/Copertina_Il-mare-in-base-al-vento_Valentina-Perrone.jpg 662w, https:\/\/www.leccecronaca.it\/wordpress\/wp-content\/uploads\/2019\/10\/Copertina_Il-mare-in-base-al-vento_Valentina-Perrone-207x300.jpg 207w\" sizes=\"(max-width: 662px) 100vw, 662px\" \/><\/p>\n<p>&nbsp;<\/p>\n<p>&nbsp;<\/p>\n<p>&nbsp;<\/p>\n<fb:like href='https:\/\/www.leccecronaca.it\/index.php\/2019\/10\/24\/adriatico-oppure-jonio-il-nuovo-romanzo-di-valentina-perrone\/' send='true' layout='button_count' show_faces='true' width='450' height='65' action='recommend' colorscheme='light' font='lucida grande'><\/fb:like><span class=\"fb_share\"><fb:like href=\"https:\/\/www.leccecronaca.it\/index.php\/2019\/10\/24\/adriatico-oppure-jonio-il-nuovo-romanzo-di-valentina-perrone\/\" layout=\"button_count\"><\/fb:like><\/span>","protected":false},"excerpt":{"rendered":"<p>(g.p.)______ Dopo il brillante esordio dei racconti di &#8220;Un caff\u00e8 in ghiaccio con latte di mandorla&#8221; e il primo romanzo &#8220;Memorie di Negroamaro&#8221;, entrambi pubblicati da Edizioni Esperidi,\u00a0 la giovane giornalista e scrittrice salentina Valentina Perrone\u00a0(nella foto) ha pubblicato un nuovo romanzo, appena uscito per le Edizioni Kimerik, &#8220;Il mare in base al vento&#8221;\u00a0(200 pagg. [&hellip;]<\/p>\n","protected":false},"author":4,"featured_media":159874,"comment_status":"open","ping_status":"closed","sticky":false,"template":"","format":"standard","meta":[],"categories":[31,75,57],"tags":[],"_links":{"self":[{"href":"https:\/\/www.leccecronaca.it\/index.php\/wp-json\/wp\/v2\/posts\/159873"}],"collection":[{"href":"https:\/\/www.leccecronaca.it\/index.php\/wp-json\/wp\/v2\/posts"}],"about":[{"href":"https:\/\/www.leccecronaca.it\/index.php\/wp-json\/wp\/v2\/types\/post"}],"author":[{"embeddable":true,"href":"https:\/\/www.leccecronaca.it\/index.php\/wp-json\/wp\/v2\/users\/4"}],"replies":[{"embeddable":true,"href":"https:\/\/www.leccecronaca.it\/index.php\/wp-json\/wp\/v2\/comments?post=159873"}],"version-history":[{"count":4,"href":"https:\/\/www.leccecronaca.it\/index.php\/wp-json\/wp\/v2\/posts\/159873\/revisions"}],"predecessor-version":[{"id":159879,"href":"https:\/\/www.leccecronaca.it\/index.php\/wp-json\/wp\/v2\/posts\/159873\/revisions\/159879"}],"wp:featuredmedia":[{"embeddable":true,"href":"https:\/\/www.leccecronaca.it\/index.php\/wp-json\/wp\/v2\/media\/159874"}],"wp:attachment":[{"href":"https:\/\/www.leccecronaca.it\/index.php\/wp-json\/wp\/v2\/media?parent=159873"}],"wp:term":[{"taxonomy":"category","embeddable":true,"href":"https:\/\/www.leccecronaca.it\/index.php\/wp-json\/wp\/v2\/categories?post=159873"},{"taxonomy":"post_tag","embeddable":true,"href":"https:\/\/www.leccecronaca.it\/index.php\/wp-json\/wp\/v2\/tags?post=159873"}],"curies":[{"name":"wp","href":"https:\/\/api.w.org\/{rel}","templated":true}]}}