{"id":160226,"date":"2019-11-07T17:30:36","date_gmt":"2019-11-07T16:30:36","guid":{"rendered":"http:\/\/www.leccecronaca.it\/?p=160226"},"modified":"2019-11-07T17:50:48","modified_gmt":"2019-11-07T16:50:48","slug":"ok-mi-piace-una-grande-opportunita-per-avviare-al-lavoro-gli-studenti-dellunisalento-nelle-imprese-salentine-per-lo-sviluppo-del-nostro-territorio-ecco-di-che-cosa-si-tratta-con-tutte-le","status":"publish","type":"post","link":"https:\/\/www.leccecronaca.it\/index.php\/2019\/11\/07\/ok-mi-piace-una-grande-opportunita-per-avviare-al-lavoro-gli-studenti-dellunisalento-nelle-imprese-salentine-per-lo-sviluppo-del-nostro-territorio-ecco-di-che-cosa-si-tratta-con-tutte-le\/","title":{"rendered":"OK, MI PIACE! UNA SETTIMANA DI &#8220;grande opportunit\u00e0&#8221; PER AVVIARE AL LAVORO GLI STUDENTI ED I NEO LAUREATI DELL&#8217;UNISALENTO NELLE IMPRESE LOCALI, QUINDI PER LO &#8220;sviluppo del nostro territorio&#8221;. ECCO DI CHE COSA SI TRATTA, CON TUTTE LE INDICAZIONI PER PARTECIPARE"},"content":{"rendered":"<p><img decoding=\"async\" loading=\"lazy\" class=\"alignnone size-full wp-image-160227\" src=\"https:\/\/www.leccecronaca.it\/wordpress\/wp-content\/uploads\/2019\/11\/fabio-pollice.jpg\" alt=\"\" width=\"768\" height=\"672\" srcset=\"https:\/\/www.leccecronaca.it\/wordpress\/wp-content\/uploads\/2019\/11\/fabio-pollice.jpg 768w, https:\/\/www.leccecronaca.it\/wordpress\/wp-content\/uploads\/2019\/11\/fabio-pollice-300x263.jpg 300w\" sizes=\"(max-width: 768px) 100vw, 768px\" \/><strong>Mav<\/strong>______<em>&#8220;La &#8216;Settimana del Lavoro&#8217; \u00e8 una grande opportunit\u00e0 poich\u00e9 permette di mettere in relazione studenti e laureati del nostro Ateneo con realt\u00e0 aziendali di livello locale e nazionale&#8221;<\/em>, cos\u00ec si \u00e8 espresso questa mattina, nel presentare la manifestazione che si terr\u00e0 a Lecce a partire da luned\u00ec 11,\u00a0il rettore dell&#8217;UniSalento Fabio Pollice (nella foto), il quale ha pi aggiunto: <em>&#8220;I ragazzi avranno l\u2019occasione di conoscere quali concreti sbocchi occupazionali offre il percorso formativo intrapreso, la professionalit\u00e0 acquisita, di confrontarsi con i potenziali datori di lavoro e, nondimeno, di proporre la propria candidatura a fronte delle esigenze occupazionali da questi espresse. <\/em><\/p>\n<p><em>Sul fronte opposto le imprese avranno la possibilit\u00e0 di farsi conoscere e selezionare direttamente le professionalit\u00e0 pi\u00f9 idonee e talentuose da inserire nel proprio organico. <\/em><\/p>\n<p><em>I seminari in programma, inoltre, costituiranno importanti momenti di confronto che consentiranno di approfondire aspetti fondamentali del job placement. <\/em><\/p>\n<p><em>Cinque giorni per riflettere sulle prospettive occupazionali dei nostri laureati, per creare una pi\u00f9 stretta interazione tra domanda e offerta di lavoro, tra imprese e Universit\u00e0, per lavorare insieme allo sviluppo del nostro territorio&#8221;<\/em>.<\/p>\n<p>&nbsp;<\/p>\n<p>Gli incontri si terranno in un apposito spazio attrezzato nell\u2019edificio \u201cAldo Romano\u201d del campus Ecotekne, sulla via per Monteroni. Sessanta le aziende presenti, per la raccolta dei curricula e i preliminari colloqui di lavoro, cui potrebbero seguire approfondimenti successivi nelle loro sedi.<\/p>\n<p>Per studenti e laureati dell&#8217; UniSalento \u00e8 gi\u00e0 attiva una piattaforma online:<\/p>\n<p><a href=\"https:\/\/www.unisalento.it\/settimana-del-lavoro\">https:\/\/www.unisalento.it\/settimana-del-lavoro<\/a><\/p>\n<p>E&#8217; possibile inoltre telefonare ai numeri\u00a00832 299214\/299239\/299237\/299203<\/p>\n<p>e scrivere alla mail\u00a0ufficio.career.service@unisalento.it<\/p>\n<p>A margine dell&#8217;iniziativa, per tutta la settimana, una serie di seminari, dibattiti, conferenze.______<\/p>\n<p>LA RICERCA nel nostro articolo del 30 ottobre scorso<\/p>\n<blockquote class=\"wp-embedded-content\" data-secret=\"QbIJkwzwHE\"><p><a href=\"https:\/\/www.leccecronaca.it\/index.php\/2019\/10\/30\/cambio-al-vertice-della-piu-grande-azienda-del-territorio-fabio-pollice-alla-guida-dellunisalento\/\">CAMBIO AL VERTICE DELLA &#8220;pi\u00f9 grande azienda del territorio&#8221;<\/a><\/p><\/blockquote>\n<p><iframe class=\"wp-embedded-content\" sandbox=\"allow-scripts\" security=\"restricted\" style=\"position: absolute; clip: rect(1px, 1px, 1px, 1px);\" src=\"https:\/\/www.leccecronaca.it\/index.php\/2019\/10\/30\/cambio-al-vertice-della-piu-grande-azienda-del-territorio-fabio-pollice-alla-guida-dellunisalento\/embed\/#?secret=QbIJkwzwHE\" data-secret=\"QbIJkwzwHE\" width=\"500\" height=\"282\" title=\"&#8220;CAMBIO AL VERTICE DELLA &#8220;pi\u00f9 grande azienda del territorio&#8221;&#8221; &#8212; LecceCronaca.it\" frameborder=\"0\" marginwidth=\"0\" marginheight=\"0\" scrolling=\"no\"><\/iframe><\/p>\n<p>&nbsp;<\/p>\n<fb:like href='https:\/\/www.leccecronaca.it\/index.php\/2019\/11\/07\/ok-mi-piace-una-grande-opportunita-per-avviare-al-lavoro-gli-studenti-dellunisalento-nelle-imprese-salentine-per-lo-sviluppo-del-nostro-territorio-ecco-di-che-cosa-si-tratta-con-tutte-le\/' send='true' layout='button_count' show_faces='true' width='450' height='65' action='recommend' colorscheme='light' font='lucida grande'><\/fb:like><span class=\"fb_share\"><fb:like href=\"https:\/\/www.leccecronaca.it\/index.php\/2019\/11\/07\/ok-mi-piace-una-grande-opportunita-per-avviare-al-lavoro-gli-studenti-dellunisalento-nelle-imprese-salentine-per-lo-sviluppo-del-nostro-territorio-ecco-di-che-cosa-si-tratta-con-tutte-le\/\" layout=\"button_count\"><\/fb:like><\/span>","protected":false},"excerpt":{"rendered":"<p>Mav______&#8220;La &#8216;Settimana del Lavoro&#8217; \u00e8 una grande opportunit\u00e0 poich\u00e9 permette di mettere in relazione studenti e laureati del nostro Ateneo con realt\u00e0 aziendali di livello locale e nazionale&#8221;, cos\u00ec si \u00e8 espresso questa mattina, nel presentare la manifestazione che si terr\u00e0 a Lecce a partire da luned\u00ec 11,\u00a0il rettore dell&#8217;UniSalento Fabio Pollice (nella foto), il [&hellip;]<\/p>\n","protected":false},"author":4,"featured_media":160227,"comment_status":"open","ping_status":"closed","sticky":false,"template":"","format":"standard","meta":[],"categories":[1,69,31],"tags":[],"_links":{"self":[{"href":"https:\/\/www.leccecronaca.it\/index.php\/wp-json\/wp\/v2\/posts\/160226"}],"collection":[{"href":"https:\/\/www.leccecronaca.it\/index.php\/wp-json\/wp\/v2\/posts"}],"about":[{"href":"https:\/\/www.leccecronaca.it\/index.php\/wp-json\/wp\/v2\/types\/post"}],"author":[{"embeddable":true,"href":"https:\/\/www.leccecronaca.it\/index.php\/wp-json\/wp\/v2\/users\/4"}],"replies":[{"embeddable":true,"href":"https:\/\/www.leccecronaca.it\/index.php\/wp-json\/wp\/v2\/comments?post=160226"}],"version-history":[{"count":7,"href":"https:\/\/www.leccecronaca.it\/index.php\/wp-json\/wp\/v2\/posts\/160226\/revisions"}],"predecessor-version":[{"id":160234,"href":"https:\/\/www.leccecronaca.it\/index.php\/wp-json\/wp\/v2\/posts\/160226\/revisions\/160234"}],"wp:featuredmedia":[{"embeddable":true,"href":"https:\/\/www.leccecronaca.it\/index.php\/wp-json\/wp\/v2\/media\/160227"}],"wp:attachment":[{"href":"https:\/\/www.leccecronaca.it\/index.php\/wp-json\/wp\/v2\/media?parent=160226"}],"wp:term":[{"taxonomy":"category","embeddable":true,"href":"https:\/\/www.leccecronaca.it\/index.php\/wp-json\/wp\/v2\/categories?post=160226"},{"taxonomy":"post_tag","embeddable":true,"href":"https:\/\/www.leccecronaca.it\/index.php\/wp-json\/wp\/v2\/tags?post=160226"}],"curies":[{"name":"wp","href":"https:\/\/api.w.org\/{rel}","templated":true}]}}