{"id":160405,"date":"2019-11-19T00:02:42","date_gmt":"2019-11-18T23:02:42","guid":{"rendered":"http:\/\/www.leccecronaca.it\/?p=160405"},"modified":"2019-11-17T17:00:33","modified_gmt":"2019-11-17T16:00:33","slug":"note-darte-splendida-collettiva-al-must","status":"publish","type":"post","link":"https:\/\/www.leccecronaca.it\/index.php\/2019\/11\/19\/note-darte-splendida-collettiva-al-must\/","title":{"rendered":"NOTE D&#8217;ARTE \/ SPLENDIDA COLLETTIVA AL MUST"},"content":{"rendered":"<p><img decoding=\"async\" loading=\"lazy\" class=\"alignnone size-full wp-image-160407\" src=\"https:\/\/www.leccecronaca.it\/wordpress\/wp-content\/uploads\/2019\/11\/must-museo-storico-citta.jpg\" alt=\"\" width=\"550\" height=\"412\" srcset=\"https:\/\/www.leccecronaca.it\/wordpress\/wp-content\/uploads\/2019\/11\/must-museo-storico-citta.jpg 550w, https:\/\/www.leccecronaca.it\/wordpress\/wp-content\/uploads\/2019\/11\/must-museo-storico-citta-300x225.jpg 300w, https:\/\/www.leccecronaca.it\/wordpress\/wp-content\/uploads\/2019\/11\/must-museo-storico-citta-400x300.jpg 400w\" sizes=\"(max-width: 550px) 100vw, 550px\" \/>di <strong>Raffaele Polo<\/strong>______<\/p>\n<p>Al MUST di Lecce, in via degli Ammirati, una mostra inconsueta e da non perdere: fino al 16 febbraio 2020, in visione\u00a0 \u201cARTE FUORI DAL COMUNE. Opere del Comune di Lecce in mostra\u201d, esposizione dedicata al patrimonio di opere d\u2019arte mobili del Comune di Lecce, raccolte tra XIX e XX secolo, senza un precisa volont\u00e0 collezionistica, coinvolgendo significativi artisti pugliesi e non.<\/p>\n<p>Novanta opere in mostra, tra dipinti e sculture, realizzate da artisti quali Filippo Alto, Gino Ammassari, Francesco Barbieri, Giuseppe Casciaro, Vincenzo Ciardo, Francesco De Matteis, Agesilao Flora, Oronzo Gargiulo, Gaetano Giorgino, Pietro Guida, Ezechiele Leandro, Cesare Augusto Lucrezio, Enzo Miglietta, Domenico Morelli, Giulio Pagliano, Michele Palumbo, Giovanni Pinto, Gioacchino Toma, Oronzo Tiso e di molti altri.<\/p>\n<p>La mostra, promossa dal Comune di Lecce \u2013 Assessorato alla Cultura, \u00e8 curata dal critico e storico dell\u2019arte Carmelo Cipriani ed \u00e8 visitabile tutti i giorni, tranne il luned\u00ec.<\/p>\n<p>Il patrimonio pubblico di opere d\u2019arte \u00e8 per definizione un bene collettivo. Tuttavia la comunanza della propriet\u00e0 non sempre corrisponde ad una reale fruizione da parte della comunit\u00e0 che lo detiene e che da esso dovrebbe trarre profitto esercitandovi al contempo i doveri di tutela e valorizzazione. \u00c8 quanto si verifica con centinaia di opere d\u2019arte detenute da istituzioni pubbliche, specialmente enti locali, spesso inconsapevoli del valore culturale ed economico del patrimonio in loro possesso. Costituisce eccezione il Comune di Lecce che oggi, in seguito ad apposita attivit\u00e0 di inventariazione e studio, riscopre le sue opere e con esse una parte importante della sua storia.<\/p>\n<p>Un patrimonio dislocato nelle stanze comunali, costituito da trecentocinquanta opere, tra dipinti, grafiche, sculture e fotografie, da sempre sotto gli occhi di tutti e\u00a0oggi reso fruibile in gran parte. Riguardate con uno sguardo di unitariet\u00e0, le opere diventano testimonianze di un\u2019identit\u00e0 culturale trasformandosi da meri elementi di decoro in documenti della storia artistica pugliese ed italiana.______<\/p>\n<p>INFO\u00a0\u2013 Museo Storico della Citt\u00e0 di Lecce<br \/>\nEx monastero di santa Chiara, Via degli Ammirati 11, 73100 Lecce<br \/>\nOrario: dal marted\u00ec alla domenica ore 10.00 &#8211; 13.30 \/ 15.30 &#8211; 19.00<br \/>\nChiuso il luned\u00ec<\/p>\n<p>Biglietto MUST<br \/>\nTicket intero : \u20ac 5,50<br \/>\nridottto : \u20ac 3,50<\/p>\n<p>Contatti :<br \/>\ntel. 328.5842114<\/p>\n<p>&nbsp;<\/p>\n<fb:like href='https:\/\/www.leccecronaca.it\/index.php\/2019\/11\/19\/note-darte-splendida-collettiva-al-must\/' send='true' layout='button_count' show_faces='true' width='450' height='65' action='recommend' colorscheme='light' font='lucida grande'><\/fb:like><span class=\"fb_share\"><fb:like href=\"https:\/\/www.leccecronaca.it\/index.php\/2019\/11\/19\/note-darte-splendida-collettiva-al-must\/\" layout=\"button_count\"><\/fb:like><\/span>","protected":false},"excerpt":{"rendered":"<p>di Raffaele Polo______ Al MUST di Lecce, in via degli Ammirati, una mostra inconsueta e da non perdere: fino al 16 febbraio 2020, in visione\u00a0 \u201cARTE FUORI DAL COMUNE. Opere del Comune di Lecce in mostra\u201d, esposizione dedicata al patrimonio di opere d\u2019arte mobili del Comune di Lecce, raccolte tra XIX e XX secolo, senza [&hellip;]<\/p>\n","protected":false},"author":4,"featured_media":160407,"comment_status":"open","ping_status":"closed","sticky":false,"template":"","format":"standard","meta":[],"categories":[31,75],"tags":[],"_links":{"self":[{"href":"https:\/\/www.leccecronaca.it\/index.php\/wp-json\/wp\/v2\/posts\/160405"}],"collection":[{"href":"https:\/\/www.leccecronaca.it\/index.php\/wp-json\/wp\/v2\/posts"}],"about":[{"href":"https:\/\/www.leccecronaca.it\/index.php\/wp-json\/wp\/v2\/types\/post"}],"author":[{"embeddable":true,"href":"https:\/\/www.leccecronaca.it\/index.php\/wp-json\/wp\/v2\/users\/4"}],"replies":[{"embeddable":true,"href":"https:\/\/www.leccecronaca.it\/index.php\/wp-json\/wp\/v2\/comments?post=160405"}],"version-history":[{"count":3,"href":"https:\/\/www.leccecronaca.it\/index.php\/wp-json\/wp\/v2\/posts\/160405\/revisions"}],"predecessor-version":[{"id":160409,"href":"https:\/\/www.leccecronaca.it\/index.php\/wp-json\/wp\/v2\/posts\/160405\/revisions\/160409"}],"wp:featuredmedia":[{"embeddable":true,"href":"https:\/\/www.leccecronaca.it\/index.php\/wp-json\/wp\/v2\/media\/160407"}],"wp:attachment":[{"href":"https:\/\/www.leccecronaca.it\/index.php\/wp-json\/wp\/v2\/media?parent=160405"}],"wp:term":[{"taxonomy":"category","embeddable":true,"href":"https:\/\/www.leccecronaca.it\/index.php\/wp-json\/wp\/v2\/categories?post=160405"},{"taxonomy":"post_tag","embeddable":true,"href":"https:\/\/www.leccecronaca.it\/index.php\/wp-json\/wp\/v2\/tags?post=160405"}],"curies":[{"name":"wp","href":"https:\/\/api.w.org\/{rel}","templated":true}]}}