{"id":160719,"date":"2019-11-28T11:36:52","date_gmt":"2019-11-28T10:36:52","guid":{"rendered":"http:\/\/www.leccecronaca.it\/?p=160719"},"modified":"2019-11-28T15:40:33","modified_gmt":"2019-11-28T14:40:33","slug":"al-via-la-riqualificazione-di-via-san-nicola","status":"publish","type":"post","link":"https:\/\/www.leccecronaca.it\/index.php\/2019\/11\/28\/al-via-la-riqualificazione-di-via-san-nicola\/","title":{"rendered":"LA RIQUALIFICAZIONE DI VIA SAN NICOLA"},"content":{"rendered":"<p><img decoding=\"async\" loading=\"lazy\" class=\"alignnone size-full wp-image-160720\" src=\"https:\/\/www.leccecronaca.it\/wordpress\/wp-content\/uploads\/2019\/11\/tc.jpg\" alt=\"\" width=\"275\" height=\"183\" \/>Riceviamo e volentieri pubblichiamo. La consigliera comunale del Partito Democratico Lidia Faggiano ci manda il seguente comunicato______<\/p>\n<p>\u201cVoglio esprimere la mia soddisfazione per il compimento dell\u2019iter per l\u2019avvio dei lavori di riqualificazione di via San Nicola. Stamattina si \u00e8 tenuto \u00a0il sopralluogo svolto dall\u2019assessore Delli Noci, dal direttore dei lavori e dai rappresentanti della ditta incaricata per la verifica delle condizioni di immediata esecuzione.<\/p>\n<p>in questo momento il pensiero va al compianto Tonino Nuzzo, residente del quartiere e presidente del Comitato dei residenti che per tanti anni ha portato avanti la battaglia per la sicurezza e il decoro di Borgo San Nicola, e che resta un esempio di cittadinanza attiva virtuosa per tutti noi.<\/p>\n<p>&nbsp;<\/p>\n<p>Le opere che saranno realizzate sono relative al primo lotto\u00a0 del progetto, con l\u2019ampliamento della carreggiata e la realizzazione di marciapiedi per garantire la sicurezza dei pedoni. Queste opere sono state a lungo sollecitate dai cittadini che reclamavano condizioni di viabilit\u00e0 adeguate al crescente flusso veicolare che la presenza della Casa Circondariale e l\u2019accesso in tangenziale hanno notevolmente incrementato. Il progetto \u00e8 stato condiviso con il Comitato di residenti e redatto secondo i suggerimenti e le istanze che sono state esplicitate nel corso dei numerosi incontri con l\u2019Amministrazione comunale, che ha manifestato capacit\u00e0 di ascolto e disponibilit\u00e0.<\/p>\n<p>&nbsp;<\/p>\n<p>La riqualificazione di via San Nicola mira non solo a migliorare le condizioni di viabilit\u00e0 ma contribuir\u00e0, insieme alla cantierizzazione\u00a0 del Parco San Nicola e al recupero della \u00a0Torre Colombaia in fase di ultimazione, a migliorare la vivibilit\u00e0 di questa borgata della periferia nord di Lecce che, pur trovandosi a ridosso della citt\u00e0, era stata per lungo tempo esclusa da interventi riqualificativi. La firma del contratto con la ditta sancir\u00e0 l\u2019avvio degli interventi che interesseranno, gi\u00e0 prima delle feste Natalizie, l\u2019area antistante la chiesetta per consentire ai fedeli di accedervi agevolmente viste le attuali condizioni precarie dei marciapiedi. Dopo la sospensione festiva, i lavori riprenderanno a gennaio\u201d.<\/p>\n<p>&nbsp;<\/p>\n<fb:like href='https:\/\/www.leccecronaca.it\/index.php\/2019\/11\/28\/al-via-la-riqualificazione-di-via-san-nicola\/' send='true' layout='button_count' show_faces='true' width='450' height='65' action='recommend' colorscheme='light' font='lucida grande'><\/fb:like><span class=\"fb_share\"><fb:like href=\"https:\/\/www.leccecronaca.it\/index.php\/2019\/11\/28\/al-via-la-riqualificazione-di-via-san-nicola\/\" layout=\"button_count\"><\/fb:like><\/span>","protected":false},"excerpt":{"rendered":"<p>Riceviamo e volentieri pubblichiamo. La consigliera comunale del Partito Democratico Lidia Faggiano ci manda il seguente comunicato______ \u201cVoglio esprimere la mia soddisfazione per il compimento dell\u2019iter per l\u2019avvio dei lavori di riqualificazione di via San Nicola. Stamattina si \u00e8 tenuto \u00a0il sopralluogo svolto dall\u2019assessore Delli Noci, dal direttore dei lavori e dai rappresentanti della ditta [&hellip;]<\/p>\n","protected":false},"author":4,"featured_media":160720,"comment_status":"open","ping_status":"closed","sticky":false,"template":"","format":"standard","meta":[],"categories":[69,36],"tags":[],"_links":{"self":[{"href":"https:\/\/www.leccecronaca.it\/index.php\/wp-json\/wp\/v2\/posts\/160719"}],"collection":[{"href":"https:\/\/www.leccecronaca.it\/index.php\/wp-json\/wp\/v2\/posts"}],"about":[{"href":"https:\/\/www.leccecronaca.it\/index.php\/wp-json\/wp\/v2\/types\/post"}],"author":[{"embeddable":true,"href":"https:\/\/www.leccecronaca.it\/index.php\/wp-json\/wp\/v2\/users\/4"}],"replies":[{"embeddable":true,"href":"https:\/\/www.leccecronaca.it\/index.php\/wp-json\/wp\/v2\/comments?post=160719"}],"version-history":[{"count":2,"href":"https:\/\/www.leccecronaca.it\/index.php\/wp-json\/wp\/v2\/posts\/160719\/revisions"}],"predecessor-version":[{"id":160722,"href":"https:\/\/www.leccecronaca.it\/index.php\/wp-json\/wp\/v2\/posts\/160719\/revisions\/160722"}],"wp:featuredmedia":[{"embeddable":true,"href":"https:\/\/www.leccecronaca.it\/index.php\/wp-json\/wp\/v2\/media\/160720"}],"wp:attachment":[{"href":"https:\/\/www.leccecronaca.it\/index.php\/wp-json\/wp\/v2\/media?parent=160719"}],"wp:term":[{"taxonomy":"category","embeddable":true,"href":"https:\/\/www.leccecronaca.it\/index.php\/wp-json\/wp\/v2\/categories?post=160719"},{"taxonomy":"post_tag","embeddable":true,"href":"https:\/\/www.leccecronaca.it\/index.php\/wp-json\/wp\/v2\/tags?post=160719"}],"curies":[{"name":"wp","href":"https:\/\/api.w.org\/{rel}","templated":true}]}}