{"id":161019,"date":"2019-12-11T18:50:49","date_gmt":"2019-12-11T17:50:49","guid":{"rendered":"http:\/\/www.leccecronaca.it\/?p=161019"},"modified":"2019-12-11T18:57:43","modified_gmt":"2019-12-11T17:57:43","slug":"vae-victis","status":"publish","type":"post","link":"https:\/\/www.leccecronaca.it\/index.php\/2019\/12\/11\/vae-victis\/","title":{"rendered":"VAE VICTIS&#8230;"},"content":{"rendered":"<p><img decoding=\"async\" loading=\"lazy\" class=\"alignleft wp-image-161021 size-full\" src=\"https:\/\/www.leccecronaca.it\/wordpress\/wp-content\/uploads\/2019\/12\/sicn-1.jpg\" alt=\"\" width=\"960\" height=\"818\" srcset=\"https:\/\/www.leccecronaca.it\/wordpress\/wp-content\/uploads\/2019\/12\/sicn-1.jpg 960w, https:\/\/www.leccecronaca.it\/wordpress\/wp-content\/uploads\/2019\/12\/sicn-1-300x256.jpg 300w, https:\/\/www.leccecronaca.it\/wordpress\/wp-content\/uploads\/2019\/12\/sicn-1-768x654.jpg 768w\" sizes=\"(max-width: 960px) 100vw, 960px\" \/>(g.p.)______Il fascismo degli antifascisti, scrivevo ieri, dimostrandolo in generale, nella mia analisi delle &#8216;sardine&#8217;. Oggi prendo un solo esempio pratico, di questa vera e propria caccia alle streghe alla rovescia scatenata su quasi tutti i mess media, da mesi, senza nessun costrutto, se non per fanatismo politico, e per interesse partitico del Pd.<\/p>\n<p>La vittima di oggi \u00e8 il calciatore dell&#8217;Inter\u00a0 Cristiano Biraghi, il quale ieri sera ha avuto la sfortuna di essere inquadrato dalle telecamere a San Siro durante la partita\u00a0 contro il Barcellona mentre si aggiustava un parastinchi.<\/p>\n<p>Non \u00e8 sfuggito ai tantissimi santoni di questo nuovo Tribunale dell&#8217;Inquisizione montato nelle sedi di tantissimi mass media il simbolo e la scritta che esso aveva impresso sopra sul davanti.<\/p>\n<p>Sono diventati, rispettivamente, un fascio littorio e un motto fascista.<\/p>\n<p>Cos\u00ec da questa mattina il povero Cristiano Biraghi, giovane di 27 anni, di professione calciatore, \u00e8 stato accusato un po&#8217; dappertutto sui social di essere un pericoloso fascista, con tutta una serie di accuse all&#8217;insegna dell&#8217;odio, ed epiteti collegati, il pi\u00f9 gentile dei quali era &#8220;indegno&#8221; di vestire una maglia di calcio, specie quella della Nazionale.<\/p>\n<p>E&#8217; dovuto intervenire egli stesso a dare spiegazioni, ed \u00e8 dovuta intervenire la sua societ\u00e0, l&#8217;Internazionale, con un comunicato ufficiale, a &#8220;difenderlo&#8221;.<\/p>\n<p>Gi\u00e0, perch\u00e9 il presunto fascio littorio era in realt\u00e0 un elmo indossato dai soldati dell&#8217;antica Sparta, ripreso da un famoso film di successo, e la frase incriminata, &#8220;Vae victis&#8221;, &#8220;Guai ai vinti&#8221;, con il fascismo storico non c&#8217;entra\u00a0 niente, essendo stata pronunciata dal capo dei Galli Brenno al suo &#8216;sacco&#8217; di Roma nel 390 a.C. secondo quanto attesta lo storico Tito Livio, diventata per questo famosa nei secoli, e ora rilanciata &#8211; ecco perch\u00e9 la conosceva e l&#8217;ha ripresa il calciatore, estraneo agli studi classici &#8211; da un videogioco di successo.<\/p>\n<p>&nbsp;<\/p>\n<fb:like href='https:\/\/www.leccecronaca.it\/index.php\/2019\/12\/11\/vae-victis\/' send='true' layout='button_count' show_faces='true' width='450' height='65' action='recommend' colorscheme='light' font='lucida grande'><\/fb:like><span class=\"fb_share\"><fb:like href=\"https:\/\/www.leccecronaca.it\/index.php\/2019\/12\/11\/vae-victis\/\" layout=\"button_count\"><\/fb:like><\/span>","protected":false},"excerpt":{"rendered":"<p>(g.p.)______Il fascismo degli antifascisti, scrivevo ieri, dimostrandolo in generale, nella mia analisi delle &#8216;sardine&#8217;. Oggi prendo un solo esempio pratico, di questa vera e propria caccia alle streghe alla rovescia scatenata su quasi tutti i mess media, da mesi, senza nessun costrutto, se non per fanatismo politico, e per interesse partitico del Pd. La vittima [&hellip;]<\/p>\n","protected":false},"author":4,"featured_media":161021,"comment_status":"open","ping_status":"closed","sticky":false,"template":"","format":"standard","meta":[],"categories":[69,31,76],"tags":[],"_links":{"self":[{"href":"https:\/\/www.leccecronaca.it\/index.php\/wp-json\/wp\/v2\/posts\/161019"}],"collection":[{"href":"https:\/\/www.leccecronaca.it\/index.php\/wp-json\/wp\/v2\/posts"}],"about":[{"href":"https:\/\/www.leccecronaca.it\/index.php\/wp-json\/wp\/v2\/types\/post"}],"author":[{"embeddable":true,"href":"https:\/\/www.leccecronaca.it\/index.php\/wp-json\/wp\/v2\/users\/4"}],"replies":[{"embeddable":true,"href":"https:\/\/www.leccecronaca.it\/index.php\/wp-json\/wp\/v2\/comments?post=161019"}],"version-history":[{"count":3,"href":"https:\/\/www.leccecronaca.it\/index.php\/wp-json\/wp\/v2\/posts\/161019\/revisions"}],"predecessor-version":[{"id":161024,"href":"https:\/\/www.leccecronaca.it\/index.php\/wp-json\/wp\/v2\/posts\/161019\/revisions\/161024"}],"wp:featuredmedia":[{"embeddable":true,"href":"https:\/\/www.leccecronaca.it\/index.php\/wp-json\/wp\/v2\/media\/161021"}],"wp:attachment":[{"href":"https:\/\/www.leccecronaca.it\/index.php\/wp-json\/wp\/v2\/media?parent=161019"}],"wp:term":[{"taxonomy":"category","embeddable":true,"href":"https:\/\/www.leccecronaca.it\/index.php\/wp-json\/wp\/v2\/categories?post=161019"},{"taxonomy":"post_tag","embeddable":true,"href":"https:\/\/www.leccecronaca.it\/index.php\/wp-json\/wp\/v2\/tags?post=161019"}],"curies":[{"name":"wp","href":"https:\/\/api.w.org\/{rel}","templated":true}]}}