{"id":161195,"date":"2019-12-16T21:10:22","date_gmt":"2019-12-16T20:10:22","guid":{"rendered":"http:\/\/www.leccecronaca.it\/?p=161195"},"modified":"2019-12-16T21:14:10","modified_gmt":"2019-12-16T20:14:10","slug":"sul-candidato-del-centro-destra-e-ancora-buio-fitto","status":"publish","type":"post","link":"https:\/\/www.leccecronaca.it\/index.php\/2019\/12\/16\/sul-candidato-del-centro-destra-e-ancora-buio-fitto\/","title":{"rendered":"SUL CANDIDATO DEL CENTRO DESTRA ALLE ELEZIONI REGIONALI IN PUGLIA E&#8217; ANCORA BUIO. FITTO"},"content":{"rendered":"<p><img decoding=\"async\" loading=\"lazy\" class=\"alignleft size-full wp-image-161196\" src=\"https:\/\/www.leccecronaca.it\/wordpress\/wp-content\/uploads\/2019\/12\/MELONI_PIAZZA_SAN_FERDINANDO.jpeg\" alt=\"\" width=\"2048\" height=\"1369\" srcset=\"https:\/\/www.leccecronaca.it\/wordpress\/wp-content\/uploads\/2019\/12\/MELONI_PIAZZA_SAN_FERDINANDO.jpeg 2048w, https:\/\/www.leccecronaca.it\/wordpress\/wp-content\/uploads\/2019\/12\/MELONI_PIAZZA_SAN_FERDINANDO-300x201.jpeg 300w, https:\/\/www.leccecronaca.it\/wordpress\/wp-content\/uploads\/2019\/12\/MELONI_PIAZZA_SAN_FERDINANDO-1024x685.jpeg 1024w, https:\/\/www.leccecronaca.it\/wordpress\/wp-content\/uploads\/2019\/12\/MELONI_PIAZZA_SAN_FERDINANDO-768x513.jpeg 768w, https:\/\/www.leccecronaca.it\/wordpress\/wp-content\/uploads\/2019\/12\/MELONI_PIAZZA_SAN_FERDINANDO-1536x1027.jpeg 1536w\" sizes=\"(max-width: 2048px) 100vw, 2048px\" \/>(g.p.)______Con l&#8217;arrivo a Bari di Giorgia Meloni, dopo quello di Matteo Salvini ieri, oggi doveva essere il giorno dell&#8217;annuncio ufficiale del candidato unitario di Lega, Fratelli d&#8217;Italia e Forza Italia quale presidente della Regione Puglia, alle prossime elezioni regionali, che si terranno a primavera (non c&#8217;\u00e8 ancora la data precisa).<\/p>\n<p>Niente.<\/p>\n<p>La leader di Fratelli d&#8217;Italia, in cui Raffaele Fitto da mesi \u00e8 confluito dopo i suoi precedenti partiti fondati e sciolti uno dopo l&#8217;altro,\u00a0 non ha dato la notizia, che sembrava scontata, almeno a quanto era stato pi\u00f9 volte ampiamente\u00a0 anticipato nei giorni scorsi, invece niente, ci saranno stati problemi, sia di metodo, sia di merito, \u00e8 lecito presumere:<\/p>\n<p><em>&#8220;Ci vedremo nei prossimi giorni, penso, per fare un check definitivo e annunciare tutti insieme tutti i candidati delle elezioni regionali della prossima primavera, a partire da Calabria, poi Puglia e tutte le altre.\u00a0Chiaramente, sarei onorata se la responsabilit\u00e0 di individuare il candidato fosse confermata per Fratelli d&#8217;Italia. Non ho fatto mistero che, se fosse confermato, chiederemmo una disponibilit\u00e0 in questo senso a Raffaele Fitto che, secondo me, \u00e8 un ottimo candidato. Ma anche egli non ha ancora offerto la propria disponibilit\u00e0, tra l&#8217;altro ha un ruolo in Europa molto importante. Ovviamente aspettiamo di parlare con gli alleati e vedere tutto insieme se vengono confermate\u00a0 le cose che ci siamo detti in passato&#8221;, <\/em>\u00e8 quanto ha detto questa sera Giorgia Meloni nel suo comizio in piazza San Ferdinando(nella foto).<\/p>\n<p>&nbsp;<\/p>\n<p>Non va meglio sull&#8217;altro versante del centro &#8211; sinistra, da cui, a differenza dell&#8217;Umbria, e del governo nazionale, il Movimento 5 Stelle si \u00e8 defilato.<\/p>\n<p>Michele Emiliano\u00a0 vuole essere riconfermato, sono cinque anni che lavora per questo, cercando di aggregare sostegni a destra e a manca, ma deve passare attraverso le primarie interne, fissate per il 12 gennaio, e, anche per le inchieste della magistratura che hanno pi\u00f9 volte raggiunto la sua giunta, deve fare i conti con le chiamiamole cos\u00ec, &#8216;perplessit\u00e0&#8217; manifestate sia all&#8217;interno del suo partito, il Pd, sia di altre componenti la coalizione.<\/p>\n<p>&nbsp;<\/p>\n<fb:like href='https:\/\/www.leccecronaca.it\/index.php\/2019\/12\/16\/sul-candidato-del-centro-destra-e-ancora-buio-fitto\/' send='true' layout='button_count' show_faces='true' width='450' height='65' action='recommend' colorscheme='light' font='lucida grande'><\/fb:like><span class=\"fb_share\"><fb:like href=\"https:\/\/www.leccecronaca.it\/index.php\/2019\/12\/16\/sul-candidato-del-centro-destra-e-ancora-buio-fitto\/\" layout=\"button_count\"><\/fb:like><\/span>","protected":false},"excerpt":{"rendered":"<p>(g.p.)______Con l&#8217;arrivo a Bari di Giorgia Meloni, dopo quello di Matteo Salvini ieri, oggi doveva essere il giorno dell&#8217;annuncio ufficiale del candidato unitario di Lega, Fratelli d&#8217;Italia e Forza Italia quale presidente della Regione Puglia, alle prossime elezioni regionali, che si terranno a primavera (non c&#8217;\u00e8 ancora la data precisa). Niente. La leader di Fratelli [&hellip;]<\/p>\n","protected":false},"author":4,"featured_media":161196,"comment_status":"open","ping_status":"closed","sticky":false,"template":"","format":"standard","meta":[],"categories":[69,76],"tags":[],"_links":{"self":[{"href":"https:\/\/www.leccecronaca.it\/index.php\/wp-json\/wp\/v2\/posts\/161195"}],"collection":[{"href":"https:\/\/www.leccecronaca.it\/index.php\/wp-json\/wp\/v2\/posts"}],"about":[{"href":"https:\/\/www.leccecronaca.it\/index.php\/wp-json\/wp\/v2\/types\/post"}],"author":[{"embeddable":true,"href":"https:\/\/www.leccecronaca.it\/index.php\/wp-json\/wp\/v2\/users\/4"}],"replies":[{"embeddable":true,"href":"https:\/\/www.leccecronaca.it\/index.php\/wp-json\/wp\/v2\/comments?post=161195"}],"version-history":[{"count":4,"href":"https:\/\/www.leccecronaca.it\/index.php\/wp-json\/wp\/v2\/posts\/161195\/revisions"}],"predecessor-version":[{"id":161200,"href":"https:\/\/www.leccecronaca.it\/index.php\/wp-json\/wp\/v2\/posts\/161195\/revisions\/161200"}],"wp:featuredmedia":[{"embeddable":true,"href":"https:\/\/www.leccecronaca.it\/index.php\/wp-json\/wp\/v2\/media\/161196"}],"wp:attachment":[{"href":"https:\/\/www.leccecronaca.it\/index.php\/wp-json\/wp\/v2\/media?parent=161195"}],"wp:term":[{"taxonomy":"category","embeddable":true,"href":"https:\/\/www.leccecronaca.it\/index.php\/wp-json\/wp\/v2\/categories?post=161195"},{"taxonomy":"post_tag","embeddable":true,"href":"https:\/\/www.leccecronaca.it\/index.php\/wp-json\/wp\/v2\/tags?post=161195"}],"curies":[{"name":"wp","href":"https:\/\/api.w.org\/{rel}","templated":true}]}}