{"id":161332,"date":"2019-12-23T00:02:21","date_gmt":"2019-12-22T23:02:21","guid":{"rendered":"http:\/\/www.leccecronaca.it\/?p=161332"},"modified":"2019-12-23T11:42:32","modified_gmt":"2019-12-23T10:42:32","slug":"mostre-gino-ancona-a-lecce-da-lunedi-23","status":"publish","type":"post","link":"https:\/\/www.leccecronaca.it\/index.php\/2019\/12\/23\/mostre-gino-ancona-a-lecce-da-lunedi-23\/","title":{"rendered":"MOSTRE \/ NICOLA ANCONA A LECCE DA LUNEDI&#8217; 23"},"content":{"rendered":"<p><img decoding=\"async\" loading=\"lazy\" class=\"alignleft size-full wp-image-161333\" src=\"https:\/\/www.leccecronaca.it\/wordpress\/wp-content\/uploads\/2019\/12\/porticciolo.jpg\" alt=\"\" width=\"608\" height=\"600\" srcset=\"https:\/\/www.leccecronaca.it\/wordpress\/wp-content\/uploads\/2019\/12\/porticciolo.jpg 608w, https:\/\/www.leccecronaca.it\/wordpress\/wp-content\/uploads\/2019\/12\/porticciolo-300x296.jpg 300w, https:\/\/www.leccecronaca.it\/wordpress\/wp-content\/uploads\/2019\/12\/porticciolo-60x60.jpg 60w\" sizes=\"(max-width: 608px) 100vw, 608px\" \/>di <strong>Raffaele Polo<\/strong>______<\/p>\n<p>Oggi, luned\u00ec 23 dicembre 2019, alle 17.00, alla presenza della&#8217; Arcivescovo Michele Seccia, viene inaugurata a Lecce la mostra<strong><em> &#8220;La Nativit\u00e0, da Caravaggio a Tiepolo&#8221;<\/em><\/strong>, nella splendida cornice di Piazza Duomo,\u00a0all&#8217;interno della Sala Convegni del Chiostro del Seminario.<\/p>\n<p>E&#8217; il risultato del lavoro creativo di<strong> Nicola Ancona<\/strong>, autore dei quadri, col supporto di Francesco Petrucci e Paolo Marzano.<\/p>\n<p>Nicola Ancona \u00e8 un noto professionista pugliese, con un&#8217;esperienza decennale come restauratore di opere d&#8217;arte e docente, ma questa volta sar\u00e0 possibile conoscerlo nelle vesti del pittore.<\/p>\n<p>Al termine della sua carriera infatti ha scelto di dedicarsi pienamente alla sua passione di sempre, la pittura, e questa mostra rappresenta la sintesi del suo lavoro artistico.<\/p>\n<p>Il tema proposto \u00e8 quello della Nativit\u00e0, presentato sotto vari punti di vista e stili.<\/p>\n<p>L&#8217;artista propone un viaggio nella storia dell&#8217;arte antica, da Caravaggio a Tiepolo, dai quali trae spunto per realizzare una serie di quadri unici ed autentici, per poi approdare alle sue proposte di arte contemporanea. Ci\u00f2 che rende unici i quadri di Ancona \u00e8 la minuzia di particolari e la fedelt\u00e0 assoluta allo stile antico, entrambi frutto della sua profonda conoscenza delle tecniche e dei segreti dei grandi artisti del passato e della grande manualit\u00e0 sviluppata nel corso degli anni.<\/p>\n<p>L&#8217;arte contemporanea di Ancona invece, rappresenta un invito a guardare le cose da un altro punto di vista e allo stesso tempo uno stimolo ad interrogarsi sul loro senso, con l&#8217;obiettivo ultimo di imparare a conoscere meglio s\u00e9 stessi, oltre l&#8217;apparenza e le illusioni.<\/p>\n<p>La mostra sar\u00e0 aperta tutti i giorni dal 23 dicembre 2019 al 2 gennaio 2020, dalle ore 10.00 alle 13.00 e dalle ore 16.00 alle 19.00.<\/p>\n<p>&nbsp;<\/p>\n<fb:like href='https:\/\/www.leccecronaca.it\/index.php\/2019\/12\/23\/mostre-gino-ancona-a-lecce-da-lunedi-23\/' send='true' layout='button_count' show_faces='true' width='450' height='65' action='recommend' colorscheme='light' font='lucida grande'><\/fb:like><span class=\"fb_share\"><fb:like href=\"https:\/\/www.leccecronaca.it\/index.php\/2019\/12\/23\/mostre-gino-ancona-a-lecce-da-lunedi-23\/\" layout=\"button_count\"><\/fb:like><\/span>","protected":false},"excerpt":{"rendered":"<p>di Raffaele Polo______ Oggi, luned\u00ec 23 dicembre 2019, alle 17.00, alla presenza della&#8217; Arcivescovo Michele Seccia, viene inaugurata a Lecce la mostra &#8220;La Nativit\u00e0, da Caravaggio a Tiepolo&#8221;, nella splendida cornice di Piazza Duomo,\u00a0all&#8217;interno della Sala Convegni del Chiostro del Seminario. E&#8217; il risultato del lavoro creativo di Nicola Ancona, autore dei quadri, col supporto [&hellip;]<\/p>\n","protected":false},"author":4,"featured_media":0,"comment_status":"open","ping_status":"closed","sticky":false,"template":"","format":"standard","meta":[],"categories":[31,75],"tags":[],"_links":{"self":[{"href":"https:\/\/www.leccecronaca.it\/index.php\/wp-json\/wp\/v2\/posts\/161332"}],"collection":[{"href":"https:\/\/www.leccecronaca.it\/index.php\/wp-json\/wp\/v2\/posts"}],"about":[{"href":"https:\/\/www.leccecronaca.it\/index.php\/wp-json\/wp\/v2\/types\/post"}],"author":[{"embeddable":true,"href":"https:\/\/www.leccecronaca.it\/index.php\/wp-json\/wp\/v2\/users\/4"}],"replies":[{"embeddable":true,"href":"https:\/\/www.leccecronaca.it\/index.php\/wp-json\/wp\/v2\/comments?post=161332"}],"version-history":[{"count":2,"href":"https:\/\/www.leccecronaca.it\/index.php\/wp-json\/wp\/v2\/posts\/161332\/revisions"}],"predecessor-version":[{"id":161405,"href":"https:\/\/www.leccecronaca.it\/index.php\/wp-json\/wp\/v2\/posts\/161332\/revisions\/161405"}],"wp:attachment":[{"href":"https:\/\/www.leccecronaca.it\/index.php\/wp-json\/wp\/v2\/media?parent=161332"}],"wp:term":[{"taxonomy":"category","embeddable":true,"href":"https:\/\/www.leccecronaca.it\/index.php\/wp-json\/wp\/v2\/categories?post=161332"},{"taxonomy":"post_tag","embeddable":true,"href":"https:\/\/www.leccecronaca.it\/index.php\/wp-json\/wp\/v2\/tags?post=161332"}],"curies":[{"name":"wp","href":"https:\/\/api.w.org\/{rel}","templated":true}]}}