{"id":161853,"date":"2020-01-07T17:31:18","date_gmt":"2020-01-07T16:31:18","guid":{"rendered":"http:\/\/www.leccecronaca.it\/?p=161853"},"modified":"2020-01-07T17:31:18","modified_gmt":"2020-01-07T16:31:18","slug":"la-maratona-di-solidarieta-di-cuore-amico","status":"publish","type":"post","link":"https:\/\/www.leccecronaca.it\/index.php\/2020\/01\/07\/la-maratona-di-solidarieta-di-cuore-amico\/","title":{"rendered":"LA MARATONA DI SOLIDARIETA&#8217; DI CUORE AMICO"},"content":{"rendered":"<p><img decoding=\"async\" loading=\"lazy\" class=\"alignleft size-full wp-image-161854\" src=\"https:\/\/www.leccecronaca.it\/wordpress\/wp-content\/uploads\/2020\/01\/FOTO-CUOREAMICO-DIRETTA3.jpg\" alt=\"\" width=\"960\" height=\"528\" srcset=\"https:\/\/www.leccecronaca.it\/wordpress\/wp-content\/uploads\/2020\/01\/FOTO-CUOREAMICO-DIRETTA3.jpg 960w, https:\/\/www.leccecronaca.it\/wordpress\/wp-content\/uploads\/2020\/01\/FOTO-CUOREAMICO-DIRETTA3-300x165.jpg 300w, https:\/\/www.leccecronaca.it\/wordpress\/wp-content\/uploads\/2020\/01\/FOTO-CUOREAMICO-DIRETTA3-768x422.jpg 768w\" sizes=\"(max-width: 960px) 100vw, 960px\" \/>Riceviamo e volentieri pubblichiamo. La Onlus &#8216;Cuore Amico&#8217; ci manda il seguente comunicato______<\/p>\n<p>LA LUNGA MARATONA DELLA SOLIDARIETA\u2019: IL CUOREAMICO BATTE SEMPRE PIU\u2019 FORTE<\/p>\n<p>Non \u00e8 stata solo una maratona di solidariet\u00e0 ma anche di partecipazione, divertimento ed emozioni quella che \u00e8 andata in onda per Cuore Amico. Come da tradizione nel giorno dell\u2019Epifania, dalle 10 del mattino fino a sera, TeleRama ha portato nelle case di tutti, con la diretta televisiva, in streaming online e sulle sue pagine Facebook, il senso di un lungo impegno e della condivisione.<\/p>\n<p>&nbsp;<\/p>\n<p>La maratona si \u00e8 trasformata in uno spazio di festa e di spettacolo, ma soprattutto di confronto, riflessione e testimonianza. A portare il contributo del proprio impegno tutti coloro che hanno aderito alla raccolta fondi, gli amministratori dei Comuni, le Pro Loco, le scuole, le associazioni, le istituzioni e gli enti privati. Piero Ciakky e Federica Dell\u2019Anna, Daniela Panzera, Isabel Tramacere, Luna Fiore, Raffaella Meo e Giuseppe Vernaleone si sono alternati alla guida dell\u2019evento televisivo, raccogliendo anche preziose promesse, come quella del senatore della Lega Roberto Marti, che in diretta ha deciso di impegnarsi \u201cadottando\u201d un caso\u00a0 con una significativa donazione personale.<\/p>\n<p>E ancora, immancabile il sostegno giallorosso, con la presenza del presidente dell\u2019U.S. Lecce, Saverio Sticchi Damiani, che ha donato le maglie di due calciatori, Mancosu e Falco, subito messe all\u2019asta.<\/p>\n<p>Una vera e propria festa della solidariet\u00e0, dunque. Alla lunga diretta della 19^ edizione ha partecipato il cuore pulsante dell\u2019associazione Cuore Amico, formato dai tanti volontari che lavorano alacremente al progetto per tutto l\u2019anno, coinvolgendo il pi\u00f9 possibile il territorio, che ha contribuito nei modi pi\u00f9 originali: come le Giubbe Verdi, la Cooperativa Horizon, la compagnia teatrale la Cummenda, l\u2019associazione Le Rene di Surbo. C\u2019\u00e8 anche chi, ad esempio, per il suo 50esimo compleanno ha chiesto agli amici e parenti di trasformare i regali in donazioni per i bimbi salentini.<\/p>\n<p>L\u2019apertura in diretta dei salvadanai, tutti numerati, come sempre alla presenza del pubblico ufficiale Anna Rita Mele, \u00e8 un rito che celebra la trasparenza dell\u2019operazione, sin dalla sua nascita.<\/p>\n<p>Grande la generosit\u00e0 delle associazioni MotoClub Salentum Terrae e La Giornata del Sorriso di Montesano Salentino, dedicata alla giovane Donatella scomparsa prematuramente, che hanno donato rispettivamente 9.565,00 e 1500 Euro. A questi si aggiungono i 35.311,07 Euro dei salvadanai aperti nel corso della diretta, a cui\u00a0 saranno sommate le donazioni delle nuove aperture e il contributo della Banca Popolare Pugliese che andranno ad accrescere gli oltre 4 milioni\u00a0 e mezzo raccolti in questi anni.<\/p>\n<p>&nbsp;<\/p>\n<p>Ad\u00a0oggi\u00a0sono\u00a0 598 i bambini aiutati e 157 le auto attrezzate donate. Sono 17 i bambini da supportare in questa edizione, volti e storie che abbiamo imparato a conoscere ad uno ad uno.<\/p>\n<p>&nbsp;<\/p>\n<p>\u201cCuore Amico fa parte della mia vita, della vita di TeleRama e di tantissimi salentini ormai da 19 anni \u2013 ha dichiarato Paolo Pagliaro fondatore e Presidente della Onlus \u2013 Questo appuntamento non \u00e8 altro che il premio dovuto a tantissime anime gentili, a tanti cuori grandi, che battono per Cuore Amico, ed \u00e8 il dono pi\u00f9 grande ai nostri bambini speciali. Ogni giorno ascoltiamo storie ed incrociamo sguardi e accogliamo persone che hanno bisogno di una mano e noi ci siamo: e credetemi non \u00e8 una missione ma \u00e8 qualcosa difficile da spiegare perch\u00e9 fa parte della nostra normalit\u00e0, la normalit\u00e0 di essere uomini e donne, cristiani, che aiutano altri fratelli. Proprio quella normalit\u00e0 che abbiamo voluto sdoganare anche nella disabilit\u00e0, creando la possibilit\u00e0 di vivere nella normalit\u00e0 quella disabilit\u00e0 che spesso fa paura e ancora pi\u00f9 spesso non riceve l\u2019aiuto necessario dal servizio sanitario nazionale che non abbiamo ancora capito, dopo tanti anni, con quale metro di misura agisce o decide di intervenire. Detto questo, mi sento di ringraziare tutti i collaboratori volontari e tutti i salentini che permettono la realizzazione di questo miracolo\u201d.<\/p>\n<p>&nbsp;<\/p>\n<p>Ricordiamo che la caratteristica principale della raccolta fondi di Cuore Amico \u00e8 che tutto il ricavato viene donato in beneficenza fino all\u2019ultimo centesimo. La macchina organizzativa di Cuore Amico non si ferma mai, \u00e8 sempre in moto e si lavora gi\u00e0 per i nuovi traguardi da raggiungere nel corso della 20esima edizione. L\u2019appuntamento non \u00e8 al prossimo anno, \u00e8 gi\u00e0 a\u00a0domani!<\/p>\n<fb:like href='https:\/\/www.leccecronaca.it\/index.php\/2020\/01\/07\/la-maratona-di-solidarieta-di-cuore-amico\/' send='true' layout='button_count' show_faces='true' width='450' height='65' action='recommend' colorscheme='light' font='lucida grande'><\/fb:like><span class=\"fb_share\"><fb:like href=\"https:\/\/www.leccecronaca.it\/index.php\/2020\/01\/07\/la-maratona-di-solidarieta-di-cuore-amico\/\" layout=\"button_count\"><\/fb:like><\/span>","protected":false},"excerpt":{"rendered":"<p>Riceviamo e volentieri pubblichiamo. La Onlus &#8216;Cuore Amico&#8217; ci manda il seguente comunicato______ LA LUNGA MARATONA DELLA SOLIDARIETA\u2019: IL CUOREAMICO BATTE SEMPRE PIU\u2019 FORTE Non \u00e8 stata solo una maratona di solidariet\u00e0 ma anche di partecipazione, divertimento ed emozioni quella che \u00e8 andata in onda per Cuore Amico. Come da tradizione nel giorno dell\u2019Epifania, dalle [&hellip;]<\/p>\n","protected":false},"author":4,"featured_media":161854,"comment_status":"open","ping_status":"closed","sticky":false,"template":"","format":"standard","meta":[],"categories":[69,36],"tags":[],"_links":{"self":[{"href":"https:\/\/www.leccecronaca.it\/index.php\/wp-json\/wp\/v2\/posts\/161853"}],"collection":[{"href":"https:\/\/www.leccecronaca.it\/index.php\/wp-json\/wp\/v2\/posts"}],"about":[{"href":"https:\/\/www.leccecronaca.it\/index.php\/wp-json\/wp\/v2\/types\/post"}],"author":[{"embeddable":true,"href":"https:\/\/www.leccecronaca.it\/index.php\/wp-json\/wp\/v2\/users\/4"}],"replies":[{"embeddable":true,"href":"https:\/\/www.leccecronaca.it\/index.php\/wp-json\/wp\/v2\/comments?post=161853"}],"version-history":[{"count":1,"href":"https:\/\/www.leccecronaca.it\/index.php\/wp-json\/wp\/v2\/posts\/161853\/revisions"}],"predecessor-version":[{"id":161855,"href":"https:\/\/www.leccecronaca.it\/index.php\/wp-json\/wp\/v2\/posts\/161853\/revisions\/161855"}],"wp:featuredmedia":[{"embeddable":true,"href":"https:\/\/www.leccecronaca.it\/index.php\/wp-json\/wp\/v2\/media\/161854"}],"wp:attachment":[{"href":"https:\/\/www.leccecronaca.it\/index.php\/wp-json\/wp\/v2\/media?parent=161853"}],"wp:term":[{"taxonomy":"category","embeddable":true,"href":"https:\/\/www.leccecronaca.it\/index.php\/wp-json\/wp\/v2\/categories?post=161853"},{"taxonomy":"post_tag","embeddable":true,"href":"https:\/\/www.leccecronaca.it\/index.php\/wp-json\/wp\/v2\/tags?post=161853"}],"curies":[{"name":"wp","href":"https:\/\/api.w.org\/{rel}","templated":true}]}}