{"id":161976,"date":"2020-01-11T14:13:49","date_gmt":"2020-01-11T13:13:49","guid":{"rendered":"http:\/\/www.leccecronaca.it\/?p=161976"},"modified":"2020-01-11T14:14:19","modified_gmt":"2020-01-11T13:14:19","slug":"calcio-mercato-di-gennaio-il-lecce-perde-la-mantia","status":"publish","type":"post","link":"https:\/\/www.leccecronaca.it\/index.php\/2020\/01\/11\/calcio-mercato-di-gennaio-il-lecce-perde-la-mantia\/","title":{"rendered":"CALCIO MERCATO DI GENNAIO, IL LECCE PERDE LA MANTIA"},"content":{"rendered":"<p><img decoding=\"async\" loading=\"lazy\" class=\"alignleft size-full wp-image-161977\" src=\"https:\/\/www.leccecronaca.it\/wordpress\/wp-content\/uploads\/2020\/01\/alm.jpg\" alt=\"\" width=\"750\" height=\"597\" srcset=\"https:\/\/www.leccecronaca.it\/wordpress\/wp-content\/uploads\/2020\/01\/alm.jpg 750w, https:\/\/www.leccecronaca.it\/wordpress\/wp-content\/uploads\/2020\/01\/alm-300x239.jpg 300w\" sizes=\"(max-width: 750px) 100vw, 750px\" \/>(Rdl)______<em>&#8220;Ci sono dei momenti della vita in cui devi prendere delle decisioni\u00a0difficili e a volte dolorose. Questo \u00e8 uno di tali frangenti&#8221;<\/em>. Comincia cos\u00ec il saluto ai tifosi di Andrea La Mantia (nella foto),\u00a0ceduto in prestito con obbligo di riscatto\u00a0 questa mattina all&#8217;Empoli. Attaccante, 29 anni, diciassette gol pesantissimi la scorsa stagione, decisivi per la promozione, e due pure quest&#8217;anno in serie A, per quanto sia stato poco utilizzato, in un reparto che non ha ancora trovato il suo assetto, fra Falco, La Padula, Farias e Babacar.<\/p>\n<p>Cos\u00ec La Mantia ha proseguito: <em>&#8220;Sono arrivato qui nell\u2019estate 2018 attratto dalla piazza e dalla storia del club e fin da subito si \u00e8 creata una empatia speciale con tutto quello che \u00e8 il mondo giallorosso. <\/em><\/p>\n<p><em>Abbiamo vissuto una stagione straordinaria, la scorsa, che \u00e8 culminata, attraverso una cavalcata lunga e faticosa, con l\u2019approdo nella massima divisione, la dimensione consona a questa magnifica piazza. <\/em><\/p>\n<p><em>Sono onorato di aver avuto la possibilit\u00e0 di vestire e difendere i colori giallorossi, facendo sacrifici e sudando per questa maglia. Tutto quello che ho fatto, per\u00f2, \u00e8 stato ampiamente ripagato dal rapporto speciale che ho avuto con la societ\u00e0, dai risultati sportivi conseguiti e ancor di pi\u00f9 dal calore e dall\u2019affetto che la gente salentina ha sempre dimostrato ed esternato nei miei confronti. <\/em><\/p>\n<p><em>Lecce e la sua gente occuper\u00e0 per sempre un posto speciale nel mio cuore. Come detto, per\u00f2, nella vita professionale di noi calciatori esistono dei momenti in cui devi fare delle scelte nella quali bisogna essere razionali, mettendo da parte i sentimenti e cercando di fare il meglio per la propria carriera e cos\u00ec va letta la mia scelta di accettare la proposta dell\u2019Empoli.\u00a0Porter\u00f2 con me sempre i colori giallorossi e vi seguir\u00f2 con grande affetto!!&#8221;______<\/em><\/p>\n<p>LA RICERCA nel nostro articolo di ieri<\/p>\n<blockquote class=\"wp-embedded-content\" data-secret=\"GKFClFXVoP\"><p><a href=\"https:\/\/www.leccecronaca.it\/index.php\/2020\/01\/10\/calcio-mercato-di-gennaio-il-lecce-prende-deiola\/\">CALCIO MERCATO DI GENNAIO, IL LECCE PRENDE DEIOLA<\/a><\/p><\/blockquote>\n<p><iframe class=\"wp-embedded-content\" sandbox=\"allow-scripts\" security=\"restricted\" style=\"position: absolute; clip: rect(1px, 1px, 1px, 1px);\" src=\"https:\/\/www.leccecronaca.it\/index.php\/2020\/01\/10\/calcio-mercato-di-gennaio-il-lecce-prende-deiola\/embed\/#?secret=GKFClFXVoP\" data-secret=\"GKFClFXVoP\" width=\"500\" height=\"282\" title=\"&#8220;CALCIO MERCATO DI GENNAIO, IL LECCE PRENDE DEIOLA&#8221; &#8212; LecceCronaca.it\" frameborder=\"0\" marginwidth=\"0\" marginheight=\"0\" scrolling=\"no\"><\/iframe><\/p>\n<fb:like href='https:\/\/www.leccecronaca.it\/index.php\/2020\/01\/11\/calcio-mercato-di-gennaio-il-lecce-perde-la-mantia\/' send='true' layout='button_count' show_faces='true' width='450' height='65' action='recommend' colorscheme='light' font='lucida grande'><\/fb:like><span class=\"fb_share\"><fb:like href=\"https:\/\/www.leccecronaca.it\/index.php\/2020\/01\/11\/calcio-mercato-di-gennaio-il-lecce-perde-la-mantia\/\" layout=\"button_count\"><\/fb:like><\/span>","protected":false},"excerpt":{"rendered":"<p>(Rdl)______&#8220;Ci sono dei momenti della vita in cui devi prendere delle decisioni\u00a0difficili e a volte dolorose. Questo \u00e8 uno di tali frangenti&#8221;. Comincia cos\u00ec il saluto ai tifosi di Andrea La Mantia (nella foto),\u00a0ceduto in prestito con obbligo di riscatto\u00a0 questa mattina all&#8217;Empoli. Attaccante, 29 anni, diciassette gol pesantissimi la scorsa stagione, decisivi per la [&hellip;]<\/p>\n","protected":false},"author":4,"featured_media":161977,"comment_status":"open","ping_status":"closed","sticky":false,"template":"","format":"standard","meta":[],"categories":[28],"tags":[],"_links":{"self":[{"href":"https:\/\/www.leccecronaca.it\/index.php\/wp-json\/wp\/v2\/posts\/161976"}],"collection":[{"href":"https:\/\/www.leccecronaca.it\/index.php\/wp-json\/wp\/v2\/posts"}],"about":[{"href":"https:\/\/www.leccecronaca.it\/index.php\/wp-json\/wp\/v2\/types\/post"}],"author":[{"embeddable":true,"href":"https:\/\/www.leccecronaca.it\/index.php\/wp-json\/wp\/v2\/users\/4"}],"replies":[{"embeddable":true,"href":"https:\/\/www.leccecronaca.it\/index.php\/wp-json\/wp\/v2\/comments?post=161976"}],"version-history":[{"count":1,"href":"https:\/\/www.leccecronaca.it\/index.php\/wp-json\/wp\/v2\/posts\/161976\/revisions"}],"predecessor-version":[{"id":161978,"href":"https:\/\/www.leccecronaca.it\/index.php\/wp-json\/wp\/v2\/posts\/161976\/revisions\/161978"}],"wp:featuredmedia":[{"embeddable":true,"href":"https:\/\/www.leccecronaca.it\/index.php\/wp-json\/wp\/v2\/media\/161977"}],"wp:attachment":[{"href":"https:\/\/www.leccecronaca.it\/index.php\/wp-json\/wp\/v2\/media?parent=161976"}],"wp:term":[{"taxonomy":"category","embeddable":true,"href":"https:\/\/www.leccecronaca.it\/index.php\/wp-json\/wp\/v2\/categories?post=161976"},{"taxonomy":"post_tag","embeddable":true,"href":"https:\/\/www.leccecronaca.it\/index.php\/wp-json\/wp\/v2\/tags?post=161976"}],"curies":[{"name":"wp","href":"https:\/\/api.w.org\/{rel}","templated":true}]}}