{"id":162635,"date":"2020-01-30T11:26:08","date_gmt":"2020-01-30T10:26:08","guid":{"rendered":"http:\/\/www.leccecronaca.it\/?p=162635"},"modified":"2020-01-30T12:07:51","modified_gmt":"2020-01-30T11:07:51","slug":"addio-ad-anthony","status":"publish","type":"post","link":"https:\/\/www.leccecronaca.it\/index.php\/2020\/01\/30\/addio-ad-anthony\/","title":{"rendered":"ADDIO AD ANTHONY"},"content":{"rendered":"<p><img decoding=\"async\" loading=\"lazy\" class=\"alignleft wp-image-162636 size-medium\" src=\"https:\/\/www.leccecronaca.it\/wordpress\/wp-content\/uploads\/2020\/01\/at-1-300x300.jpg\" alt=\"\" width=\"300\" height=\"300\" srcset=\"https:\/\/www.leccecronaca.it\/wordpress\/wp-content\/uploads\/2020\/01\/at-1-300x300.jpg 300w, https:\/\/www.leccecronaca.it\/wordpress\/wp-content\/uploads\/2020\/01\/at-1-150x150.jpg 150w, https:\/\/www.leccecronaca.it\/wordpress\/wp-content\/uploads\/2020\/01\/at-1-768x770.jpg 768w, https:\/\/www.leccecronaca.it\/wordpress\/wp-content\/uploads\/2020\/01\/at-1-60x60.jpg 60w, https:\/\/www.leccecronaca.it\/wordpress\/wp-content\/uploads\/2020\/01\/at-1.jpg 957w\" sizes=\"(max-width: 300px) 100vw, 300px\" \/>(e.l.)______Drammatico incidente stradale questa notte sulla Lecce-Gallipoli, all&#8217;altezza di Nard\u00f2. Il bilancio \u00e8 di un morto e quattro feriti.<\/p>\n<p>La vittima \u00e8 un giovane di 27 anni di Tuglie, Anthony Toma.<\/p>\n<p>Per cause ancora da accertare, c&#8217;\u00e8 stato un tamponamento che ha coinvolto tre\u00a0 auto, la Renault Scenic su cui viaggiava il povero ragazzo, con altri due amici, un&#8217;Alfa Giulietta e una Fiat 500.<\/p>\n<p>Per lui non c&#8217;\u00e8 stato niente da fare, all&#8217;arrivo dei sanitari del 118. I suoi due amici, e i conducenti delle altre due auto coinvolte, sono stati portati negli ospedali di Copertino e Gallipoli, le loro condizioni non sono gravi.<\/p>\n<p>In corso le indagini della Polizia Stradale per ricostruire l&#8217;esatta dinamica di quanto successo ed accertare eventuali responsabilit\u00e0.<\/p>\n<p>&nbsp;<\/p>\n<p>&nbsp;<\/p>\n<fb:like href='https:\/\/www.leccecronaca.it\/index.php\/2020\/01\/30\/addio-ad-anthony\/' send='true' layout='button_count' show_faces='true' width='450' height='65' action='recommend' colorscheme='light' font='lucida grande'><\/fb:like><span class=\"fb_share\"><fb:like href=\"https:\/\/www.leccecronaca.it\/index.php\/2020\/01\/30\/addio-ad-anthony\/\" layout=\"button_count\"><\/fb:like><\/span>","protected":false},"excerpt":{"rendered":"<p>(e.l.)______Drammatico incidente stradale questa notte sulla Lecce-Gallipoli, all&#8217;altezza di Nard\u00f2. Il bilancio \u00e8 di un morto e quattro feriti. La vittima \u00e8 un giovane di 27 anni di Tuglie, Anthony Toma. Per cause ancora da accertare, c&#8217;\u00e8 stato un tamponamento che ha coinvolto tre\u00a0 auto, la Renault Scenic su cui viaggiava il povero ragazzo, con [&hellip;]<\/p>\n","protected":false},"author":4,"featured_media":162636,"comment_status":"open","ping_status":"closed","sticky":false,"template":"","format":"standard","meta":[],"categories":[69],"tags":[],"_links":{"self":[{"href":"https:\/\/www.leccecronaca.it\/index.php\/wp-json\/wp\/v2\/posts\/162635"}],"collection":[{"href":"https:\/\/www.leccecronaca.it\/index.php\/wp-json\/wp\/v2\/posts"}],"about":[{"href":"https:\/\/www.leccecronaca.it\/index.php\/wp-json\/wp\/v2\/types\/post"}],"author":[{"embeddable":true,"href":"https:\/\/www.leccecronaca.it\/index.php\/wp-json\/wp\/v2\/users\/4"}],"replies":[{"embeddable":true,"href":"https:\/\/www.leccecronaca.it\/index.php\/wp-json\/wp\/v2\/comments?post=162635"}],"version-history":[{"count":2,"href":"https:\/\/www.leccecronaca.it\/index.php\/wp-json\/wp\/v2\/posts\/162635\/revisions"}],"predecessor-version":[{"id":162641,"href":"https:\/\/www.leccecronaca.it\/index.php\/wp-json\/wp\/v2\/posts\/162635\/revisions\/162641"}],"wp:featuredmedia":[{"embeddable":true,"href":"https:\/\/www.leccecronaca.it\/index.php\/wp-json\/wp\/v2\/media\/162636"}],"wp:attachment":[{"href":"https:\/\/www.leccecronaca.it\/index.php\/wp-json\/wp\/v2\/media?parent=162635"}],"wp:term":[{"taxonomy":"category","embeddable":true,"href":"https:\/\/www.leccecronaca.it\/index.php\/wp-json\/wp\/v2\/categories?post=162635"},{"taxonomy":"post_tag","embeddable":true,"href":"https:\/\/www.leccecronaca.it\/index.php\/wp-json\/wp\/v2\/tags?post=162635"}],"curies":[{"name":"wp","href":"https:\/\/api.w.org\/{rel}","templated":true}]}}