{"id":163140,"date":"2020-02-15T09:16:12","date_gmt":"2020-02-15T08:16:12","guid":{"rendered":"http:\/\/www.leccecronaca.it\/?p=163140"},"modified":"2020-02-22T09:44:56","modified_gmt":"2020-02-22T08:44:56","slug":"con-il-rispetto-della-parola-e-con-lautenticita-dellanima-la-giovanissima-poetessa-chiara-evangelista-e-stata-invitata-a-parlare-dello-stato-dellarte-della-poesia-italiana-d","status":"publish","type":"post","link":"https:\/\/www.leccecronaca.it\/index.php\/2020\/02\/15\/con-il-rispetto-della-parola-e-con-lautenticita-dellanima-la-giovanissima-poetessa-chiara-evangelista-e-stata-invitata-a-parlare-dello-stato-dellarte-della-poesia-italiana-d\/","title":{"rendered":"&#8220;Con il rispetto della parola e con l\u2019autenticit\u00e0 dell\u2019anima&#8221;"},"content":{"rendered":"<p><img decoding=\"async\" loading=\"lazy\" class=\"alignnone size-full wp-image-163141\" src=\"https:\/\/www.leccecronaca.it\/wordpress\/wp-content\/uploads\/2020\/02\/6C713C39-9620-4D85-AE32-9F16EE699145.jpg\" alt=\"\" width=\"2178\" height=\"2498\" srcset=\"https:\/\/www.leccecronaca.it\/wordpress\/wp-content\/uploads\/2020\/02\/6C713C39-9620-4D85-AE32-9F16EE699145.jpg 2178w, https:\/\/www.leccecronaca.it\/wordpress\/wp-content\/uploads\/2020\/02\/6C713C39-9620-4D85-AE32-9F16EE699145-262x300.jpg 262w, https:\/\/www.leccecronaca.it\/wordpress\/wp-content\/uploads\/2020\/02\/6C713C39-9620-4D85-AE32-9F16EE699145-893x1024.jpg 893w, https:\/\/www.leccecronaca.it\/wordpress\/wp-content\/uploads\/2020\/02\/6C713C39-9620-4D85-AE32-9F16EE699145-768x881.jpg 768w, https:\/\/www.leccecronaca.it\/wordpress\/wp-content\/uploads\/2020\/02\/6C713C39-9620-4D85-AE32-9F16EE699145-1339x1536.jpg 1339w, https:\/\/www.leccecronaca.it\/wordpress\/wp-content\/uploads\/2020\/02\/6C713C39-9620-4D85-AE32-9F16EE699145-1786x2048.jpg 1786w\" sizes=\"(max-width: 2178px) 100vw, 2178px\" \/>di <strong>Chiara Evangelista<\/strong>______<\/p>\n<p>(LA GIOVANISSIMA SALENTINA CHIARA EVANGELISTA E&#8217; STATA INVITATA A PARLARE DELLA POESIA ITALIANA DALLA PRESTIGIOSA UNIVERSITA&#8217; IULM DI MILANO)______<\/p>\n<p>Perch\u00e9 la poesia \u00e8 meno immediata rispetto alla prosa? Perch\u00e9 la poesia \u201cnon ci arriva\u201d subito?<\/p>\n<p>Riprendendo Mariangela Gualtieri, la poesia \u00e8 l\u2019incontro con la parola e la parola non \u00e8 nient\u2019altro che un deposito, un substrato di significati. Di conseguenza \u00e8 complessa. Il termina complesso deriva dal latino \u201ccomplexus\u201d, ovvero tenuto insieme. La parola \u00e8 quindi un bacino di significati che si celano sotto il segno grafico.<\/p>\n<p>La poesia \u00e8 per eccellenza il luogo dove s\u2019incontra la parola. Nella prosa invece il significato della parola \u00e8 selezionato dal contesto storico, narrativo e linguistico. Di conseguenza vi \u00e8 una restrizione dell\u2019area semantica che rende la prosa pi\u00f9 immediata e fruibile.<\/p>\n<p>La poesia \u00e8 per tutti?<\/p>\n<p>\u201c<em>La poesia \u00e8 un dono fatto agli attenti, un dono che implica destino\u201d<\/em>, diceva Paul Celan. Per me \u00e8 la definizione pi\u00f9 bella di poesia. In questi tempi, siamo disattenti, i sentimenti sono monocromi e abbiamo perso la concezione di bellezza.<\/p>\n<p>Ecco, la poesia \u00e8 una chiamata all\u2019attenzione. Una chiamata a cui possono rispondere tutti. Ma chi risponde deve ricordarsi che la scrittura \u00e8 responsabilit\u00e0.<\/p>\n<p>La poesia al giorno d\u2019oggi?<\/p>\n<p>Il Corriere della Sera alcuni anni fa ha riportato un dato impressionante: in Italia ci sono tre milioni di poeti. Quindi potremmo dire che la poesia \u00e8 tutt\u2019altro che morta. Ma in questo mare magnum di poeti e presunti tali c\u2019\u00e8 poco spazio per la Poesia.<\/p>\n<p>Ci sono i poetry slam, ma difficilmente un testo performato \u201cregge\u201d l\u2019impatto sulla carta. E si confondono i poeti con gli instapoets.<\/p>\n<p>Credo che serva discernere, ora pi\u00f9 che mai. La ricerca di qualit\u00e0 dovrebbe guidare gli editori.<\/p>\n<p>Nei critici letterari vedo l\u2019unico appiglio per un\u2019onest\u00e0 intellettuale ormai svuotata del suo valore. Per scrivere servono il rispetto della parola e l\u2019autenticit\u00e0 dell\u2019anima. L\u2019arroganza, l\u2019arrivismo e il solletichio dell\u2019ego non appartengono alla scrittura.______<\/p>\n<p>&nbsp;<\/p>\n<p><strong>Chiara Evangelista <\/strong>(nella foto), 22 anni, di Lecce, maturit\u00e0 al &#8216;Palmieri&#8217;, ora laureanda all&#8217;Universit\u00e0 Cattolica di Milano, \u00e8 stata invitata dalla prestigiosa <strong>Universit\u00e0\u00a0 di Lingue e Comunicazione &#8211; IULM &#8211;\u00a0 di Milano<\/strong> a intervenire al convegno<strong><em>\u00a0\u201cWhat if\u2026?\u201d<\/em><\/strong> sulla situazione odierna che vive la poesia italiana.<\/p>\n<p>Dopo l&#8217;esordio di <em>&#8220;In medias res&#8221;<\/em>, I Quaderni del Bardo Edizioni, che nel 2017 si fece subito notare sia dalla critica, sia dal pubblico,\u00a0<em><strong>\u201cPi\u00f9 probabile che non\u201d<\/strong><\/em>, la sua seconda raccolta, del 2019, sempre edita da I quaderni del Bardo, \u00e8 attualmente tra i libri di poesia pi\u00f9 venduti.<\/p>\n<p>&nbsp;<\/p>\n<p>&nbsp;<\/p>\n<p>&nbsp;<\/p>\n<fb:like href='https:\/\/www.leccecronaca.it\/index.php\/2020\/02\/15\/con-il-rispetto-della-parola-e-con-lautenticita-dellanima-la-giovanissima-poetessa-chiara-evangelista-e-stata-invitata-a-parlare-dello-stato-dellarte-della-poesia-italiana-d\/' send='true' layout='button_count' show_faces='true' width='450' height='65' action='recommend' colorscheme='light' font='lucida grande'><\/fb:like><span class=\"fb_share\"><fb:like href=\"https:\/\/www.leccecronaca.it\/index.php\/2020\/02\/15\/con-il-rispetto-della-parola-e-con-lautenticita-dellanima-la-giovanissima-poetessa-chiara-evangelista-e-stata-invitata-a-parlare-dello-stato-dellarte-della-poesia-italiana-d\/\" layout=\"button_count\"><\/fb:like><\/span>","protected":false},"excerpt":{"rendered":"<p>di Chiara Evangelista______ (LA GIOVANISSIMA SALENTINA CHIARA EVANGELISTA E&#8217; STATA INVITATA A PARLARE DELLA POESIA ITALIANA DALLA PRESTIGIOSA UNIVERSITA&#8217; IULM DI MILANO)______ Perch\u00e9 la poesia \u00e8 meno immediata rispetto alla prosa? Perch\u00e9 la poesia \u201cnon ci arriva\u201d subito? Riprendendo Mariangela Gualtieri, la poesia \u00e8 l\u2019incontro con la parola e la parola non \u00e8 nient\u2019altro che [&hellip;]<\/p>\n","protected":false},"author":4,"featured_media":163141,"comment_status":"open","ping_status":"closed","sticky":false,"template":"","format":"standard","meta":[],"categories":[31,75],"tags":[],"_links":{"self":[{"href":"https:\/\/www.leccecronaca.it\/index.php\/wp-json\/wp\/v2\/posts\/163140"}],"collection":[{"href":"https:\/\/www.leccecronaca.it\/index.php\/wp-json\/wp\/v2\/posts"}],"about":[{"href":"https:\/\/www.leccecronaca.it\/index.php\/wp-json\/wp\/v2\/types\/post"}],"author":[{"embeddable":true,"href":"https:\/\/www.leccecronaca.it\/index.php\/wp-json\/wp\/v2\/users\/4"}],"replies":[{"embeddable":true,"href":"https:\/\/www.leccecronaca.it\/index.php\/wp-json\/wp\/v2\/comments?post=163140"}],"version-history":[{"count":9,"href":"https:\/\/www.leccecronaca.it\/index.php\/wp-json\/wp\/v2\/posts\/163140\/revisions"}],"predecessor-version":[{"id":163278,"href":"https:\/\/www.leccecronaca.it\/index.php\/wp-json\/wp\/v2\/posts\/163140\/revisions\/163278"}],"wp:featuredmedia":[{"embeddable":true,"href":"https:\/\/www.leccecronaca.it\/index.php\/wp-json\/wp\/v2\/media\/163141"}],"wp:attachment":[{"href":"https:\/\/www.leccecronaca.it\/index.php\/wp-json\/wp\/v2\/media?parent=163140"}],"wp:term":[{"taxonomy":"category","embeddable":true,"href":"https:\/\/www.leccecronaca.it\/index.php\/wp-json\/wp\/v2\/categories?post=163140"},{"taxonomy":"post_tag","embeddable":true,"href":"https:\/\/www.leccecronaca.it\/index.php\/wp-json\/wp\/v2\/tags?post=163140"}],"curies":[{"name":"wp","href":"https:\/\/api.w.org\/{rel}","templated":true}]}}