{"id":163313,"date":"2020-02-19T17:50:29","date_gmt":"2020-02-19T16:50:29","guid":{"rendered":"http:\/\/www.leccecronaca.it\/?p=163313"},"modified":"2020-02-22T09:43:16","modified_gmt":"2020-02-22T08:43:16","slug":"antonio-rotundo-del-pd-cha-avuto-unidea-carlo-salvemini-lha-difesa-ed-esaltata-e-si-e-beccato-una-valanga-di-critiche-la-piu-autorevole-quella-di-michele-carducci-toccato","status":"publish","type":"post","link":"https:\/\/www.leccecronaca.it\/index.php\/2020\/02\/19\/antonio-rotundo-del-pd-cha-avuto-unidea-carlo-salvemini-lha-difesa-ed-esaltata-e-si-e-beccato-una-valanga-di-critiche-la-piu-autorevole-quella-di-michele-carducci-toccato\/","title":{"rendered":"ANTONIO ROTUNDO DEL PD C\u2019HA AVUTO UN\u2019IDEA. CARLO SALVEMINI L&#8217;HA DIFESA ED ESALTATA. E SI E&#8217; BECCATO UNA VALANGA DI CRITICHE. LA PIU&#8217; AUTOREVOLE QUELLA DI MICHELE CARDUCCI. TOCCATO, IL SINDACO SI E&#8217; DETTO OFFESO. MA IL DOCENTE UNIVERSITARIO NON ARRETRA, ANZI: &#8220;Abbiamo il dovere di pretendere decenza&#8221;"},"content":{"rendered":"<p><img decoding=\"async\" loading=\"lazy\" class=\"alignnone wp-image-163314\" src=\"https:\/\/www.leccecronaca.it\/wordpress\/wp-content\/uploads\/2020\/02\/hqdefault.jpg\" alt=\"\" width=\"800\" height=\"600\" srcset=\"https:\/\/www.leccecronaca.it\/wordpress\/wp-content\/uploads\/2020\/02\/hqdefault.jpg 480w, https:\/\/www.leccecronaca.it\/wordpress\/wp-content\/uploads\/2020\/02\/hqdefault-300x225.jpg 300w, https:\/\/www.leccecronaca.it\/wordpress\/wp-content\/uploads\/2020\/02\/hqdefault-400x300.jpg 400w\" sizes=\"(max-width: 800px) 100vw, 800px\" \/>(g.p.)______Da luned\u00ec, divampa la polemica, su un argomento evidentemente sentitissimo, quale i gasdotti Tap e Snam, che negli ambienti di certa &#8216;sinistra&#8217;, fra Pd e dintorni, scorrono come veri e propri nervi scoperti.<\/p>\n<p>Riportiamo in fondo il link del nostro articolo di luned\u00ec mattina, con tutti i commenti che nel frattempo leccecronaca.it ha registrato sia direttamente, sia indirettamente, per completezza dell&#8217;informazione, in modo tale che chi avesse tempo e voglia di consultarli, possa farsi liberamente il proprio convincimento.<\/p>\n<p>&#8216;Stasera c&#8217;\u00e8 per\u00f2 una novit\u00e0. Il dibattito \u00e8 salito di tono.<\/p>\n<p>Fra le critiche, spicca quella del docente universitario Michele Carducci, fra i massimi esperti a livello internazionale di legislazione ambientalista.<\/p>\n<p>Una scossa, per certi nervi scoperti.<\/p>\n<p>Il sindaco Carlo Salvemini ha creduto di replicare.<\/p>\n<p>E Michele Carducci gli ha risposto pochi minuti fa.<\/p>\n<p>Crediamo che ai nostri lettori interessi approfondire almeno quest&#8217;ultima parte della questione, e perci\u00f2 qui di seguito riportiamo integralmente quanto scritto dai due tramite social.<\/p>\n<p><strong><span style=\"color: #0000ff;\">MICHELE CARDUCCI:<\/span><\/strong><\/p>\n<p><span style=\"color: #0000ff;\"><em>Gli argomenti del Comune di Lecce sono privi di qualsiasi ragionevolezza ecologica e sono molto preoccupanti.<\/em><\/span><br \/>\n<span style=\"color: #0000ff;\"><em>Pensare ancora che i danni ambientali siano &#8220;adeguatamente compensabili&#8221; si pu\u00f2 giustificare solo con l&#8217;ignoranza (nel senso non offensivo della parola, ossia &#8220;ignorare che cosa ignoro sulla dinamica dei danni ambientali nell&#8217;epoca del collasso ecosistemico e climatico, denunciato dall&#8217;intera comunit\u00e0 scientifica mondiale&#8221;).<\/em><\/span><br \/>\n<span style=\"color: #0000ff;\"><em>Infatti, la letteratura scientifica dimostra che la (pseudo)soluzione degli &#8220;impatti rilevanti &#8230; adeguatamente compensati&#8221; non compensa proprio nulla, perch\u00e9 non incide sulla (anzi, contribuisce alla) c.d. &#8220;Chronic Disturbance&#8221; che ci ha portato ai problemi ecosistemici di oggi (\u00e8 come presumere che siano &#8220;adeguatamente compensabili&#8221; gli &#8220;impatti rilevanti&#8221; che si continuano a perpetrare su un corpo malato). E&#8217; francamente una pena che la politica non si renda conto di questa trappola e non si accorga dei tempi drammatici di emergenza ecosistemica e climatica che stiamo vivendo. Non si accorga che il corpo della Terra \u00e8 malato.<\/em><\/span><br \/>\n<span style=\"color: #0000ff;\"><em>Non c&#8217;\u00e8 speranza con questi argomenti di para-responsabilit\u00e0.<\/em><\/span><br \/>\n<span style=\"color: #0000ff;\"><em>Non c&#8217;\u00e8 speranza nel paese della &#8220;a-legalit\u00e0&#8221; ambientale e delle &#8220;immunit\u00e0 speciali&#8221;, perennemente sotto diffida della UE per le traduzioni elusive italiane su VIA, VAS, partecipazione dei cittadini.<\/em><\/span><br \/>\n<span style=\"color: #0000ff;\"><em>A che serve una politica &#8220;responsabile&#8221; che non si ribella a questa &#8220;a-legalit\u00e0&#8221;? Che utilizza il dispositivo dello scambio col denaro per ritenere &#8220;adeguatamente compensabili&#8221; i &#8220;rilevanti impatti&#8221; consumati nella notoria elusione del diritto ambientale europeo da parte delle Istituzioni italiane? A che serve questa &#8220;responsabilit\u00e0&#8221; piegata alla sola logica del denaro?<\/em><\/span><br \/>\n<span style=\"color: #0000ff;\"><em>Nelle condotte individuali, orditi argomentativi come quelli del Comune di Lecce sarebbero prossimi, come minino, all&#8217;incauto acquisto. A livello istituzionale, sono inverosimilmente decantati come &#8220;responsabilit\u00e0 verso i cittadini&#8221;.<\/em><\/span><br \/>\n<span style=\"color: #0000ff;\"><em>Ma a che serve questa &#8220;responsabilit\u00e0&#8221; mercantile verso i cittadini? Che se ne fanno i cittadini dei soldi &#8220;responsabilmente&#8221; acquisiti da chi (garantito e reso immune dalla &#8220;a-legalit\u00e0&#8221; ambientale italiana) violenta la natura e quindi il futuro stesso dei cittadini?<\/em><\/span><br \/>\n<span style=\"color: #0000ff;\"><em>Il solito supporto argomentativo, poi, che tutto questo &#8220;impatto rilevante&#8221; sia legale e incontestabile perch\u00e9 avallato dalla giurisprudenza (da quella giurisprudenza amministrativa che, in Italia, ancora cavalca le formule magiche ottocentesche dell&#8217; &#8220;atto politico&#8221; e della &#8220;insindacabilt\u00e0&#8221; della discrezionalit\u00e0 sulla &#8220;strategicit\u00e0&#8221;: arcane alchimie, ignote alla Costituzione e figlie di una &#8220;legalit\u00e0&#8221; autoritaria che vorremmo lasciarci alle spalle), \u00e8 preoccupante e ridicolo. E&#8217; preoccupante, perch\u00e9 si tratta, com&#8217;\u00e8 noto, di un argomento non &#8220;logico&#8221;, n\u00e9 &#8220;valoriale&#8221; n\u00e9 di altro, ma solo ed esclusivamente di &#8220;autorit\u00e0&#8221;; e gli argomenti di &#8220;autorit\u00e0&#8221;, in un sistema di discussione democratica, dovrebbero essere sempre gli ultimi, mai i primi (lo si impara leggendo le straordinarie discussioni dei nostri Padri costituenti). E&#8217; anche ridicolo, perch\u00e9, in ambito ambientale, quello della &#8220;legalit\u00e0&#8221; \u00e8 l&#8217;argomento pi\u00f9 debole, da ultima spiaggia, in quanto, nella realt\u00e0 del rapporto tra natura e azione umana, la legalit\u00e0 \u00e8 necessaria ma non \u00e8 sufficiente a conoscere in profondit\u00e0 i problemi ambientali e soprattutto l&#8217;utilit\u00e0 ecosistemica delle decisioni &#8220;legali&#8221;. Il diritto ambientale \u00e8 un meccanismo complesso, di cui la legalit\u00e0 formale \u00e8 solo una delle componenti, e neppure la pi\u00f9 significativa e risolutiva (come dimostra tutta l&#8217;evoluzione storica della disciplina).<\/em><\/span><br \/>\n<span style=\"color: #0000ff;\"><em>Invocarla in s\u00e9 e per s\u00e9, di conseguenza, \u00e8 piuttosto riduttivo (\u00e8 come &#8220;credere alle favole&#8221;, ha scritto il grande giurista belga F. Ost).<\/em><\/span><br \/>\n<span style=\"color: #0000ff;\"><em>Ma da dove si informano questi politici sul mondo devastato che li circonda? Come fanno a non indignarsi di fronte alla indecente &#8220;a-legalit\u00e0&#8221; ambientale italiana (comprovata, a livello di studi, da autorevoli fonti istituzionali internazionali di comparazione)? Come fanno ad accontentarsi del formalismo della &#8220;legalit\u00e0&#8221; all&#8217;italiana? Avranno mai letto qualcosa sulla dannosa inefficacia prodotta dalla (pseudo-)&#8221;legalit\u00e0&#8221; ambientale italiana, da loro invocata? Tra l&#8217;altro, su questo, il Salento offre purtroppo l&#8217;imbarazzo della scelta.<\/em><\/span><br \/>\n<span style=\"color: #0000ff;\"><em>Dire no sarebbe stato un atto di coraggio politico da assumere di fronte ai problemi ecosistemici, avrebbe sollevato un dibattito sano sulla sostenibilit\u00e0 e sulla importanza di una legislazione ambientale non elusiva; sarebbe servito a responsabilizzare la coscienza civile dei cittadini, senza doverli ogni volta &#8220;responsabilmente&#8221; imbonire col denaro; avrebbe assunto come referenza non generici &#8220;cittadini&#8221;, ma il futuro di decenza che dobbiamo ai giovani e alle generazioni future per indirizzarli verso una visione della politica meno cieca alla distruzione della natura e pi\u00f9 seria e intransigente sul piano delle legalit\u00e0 ambientali.<\/em><\/span><br \/>\n<span style=\"color: #0000ff;\"><em>Invece, nulla; solo vuota &#8220;responsabilit\u00e0&#8221; verso anonimi &#8220;cittadini&#8221;, cui proporre &#8220;denaro&#8221;, al posto di coscienza critica al passo col dramma dei tempi.<\/em><\/span><br \/>\n<span style=\"color: #0000ff;\"><em>Confidare nel coraggio politico dei nostri &#8220;responsabili&#8221; rappresentanti \u00e8 amaramente diventato surreale.<\/em><\/span><br \/>\n<span style=\"color: #0000ff;\"><em>Sul piano pi\u00f9 strettamente assiologico, inoltre, \u00e8 noto che la logica delle &#8220;adeguate compensazioni&#8221; per i &#8220;rilevanti impatti&#8221; ambientali e paesaggistici appartiene alla filosofia della natura del neo-liberismo pi\u00f9 ortodosso e cinico, quello secondo cui la natura \u00e8 ridotta a merce appunto &#8220;compensabile&#8221; col denaro. Che tale logica sia &#8220;responsabilmente&#8221; fatta propria da chi pur manifesta vocazioni sociali, e non meramente monetarie, nell&#8217;azione politica, \u00e8 una paradossale ma tristissima contraddizione.<\/em><\/span><br \/>\n<span style=\"color: #0000ff;\"><em>La scelta &#8220;responsabile&#8221; delle &#8220;adeguate compensazioni&#8221; \u00e8 dunque solo miopia e &#8220;mediocrazia&#8221;: ossia pratica della democrazia, nell&#8217;assunzione, come virt\u00f9 repubblicana, della mediocrit\u00e0 del &#8220;ma&#8221; (&#8220;siamo contrari, ma&#8230;&#8221;; &#8220;vorremmo, ma&#8230;&#8221;; &#8220;siamo consapevoli, ma&#8230;&#8221;; &#8220;siamo per l&#8217;ambiente, ma&#8230;&#8221;; &#8220;dobbiamo impegnarci tutti, ma&#8230;&#8221;; &#8220;provvederemo in altro modo, ma&#8230;&#8221;); un film vecchio gi\u00e0 visto e rivisto, che ha solo prodotto illusioni e danni peggiori dei &#8220;rilevanti impatti&#8221; da &#8220;compensare adeguatamene&#8221;.<\/em><\/span><br \/>\n<span style=\"color: #0000ff;\"><em>Veramente un peccato imperdonabile di chi si proclama dalla parte dei pi\u00f9 vulnerabili, &#8220;ma&#8221; contribuisce alla vulnerabilit\u00e0, purch\u00e9, per senso di responsabilit\u00e0, &#8220;adeguatamente compensata&#8221;.<\/em><\/span><br \/>\n<span style=\"color: #0000ff;\"><em>Un grande costituzionalista weimariano, Hermann Heller, non distante dalle lucide premonizioni di un genio come Walter Benjamin, scrisse un testo che insegna molto sulla &#8220;responsabilit\u00e0&#8221; dei rappresentanti dei cittadini: la responsabilit\u00e0 dei governanti dovrebbe essere &#8220;terrestre&#8221;, non solo &#8220;politica&#8221;.<\/em><\/span><br \/>\n<span style=\"color: #0000ff;\"><em>Erano gli anni Venti del Novecento: un secolo fa.<\/em><\/span><br \/>\n<span style=\"color: #0000ff;\"><em>Dopo un secolo, la politica &#8220;responsabile&#8221; continua a suonare come un disco rotto, intorno al &#8220;ma&#8221;.<\/em><\/span><br \/>\n<span style=\"color: #0000ff;\"><em>E&#8217; desolante.<\/em><\/span><\/p>\n<p>&nbsp;<\/p>\n<p><strong><span style=\"color: #ff0000;\">CARLO SALVEMINI:\u00a0<\/span><\/strong><\/p>\n<p><span style=\"color: #ff0000;\"><em>Gentile\u00a0Michele Carducci<\/em><\/span><\/p>\n<p><span style=\"color: #ff0000;\"><em>ero indeciso se rispondere alla tua nota\u00a0relativa alla polemica sulla TAP, densa di aggettivi e giudizi pesanti nei confronti dell&#8217;Amministrazione Comunale:<\/em><\/span><br \/>\n<span style=\"color: #ff0000;\"><em>&#8220;Ignoranza\/pena\/senza speranza\/ridicolo\/disinformato\u201d solo per ricordarne alcuni.<\/em><\/span><br \/>\n<span style=\"color: #ff0000;\"><em>Oltre all&#8217;accusa di aver contribuito alla realizzazione di Tap.<\/em><\/span><br \/>\n<span style=\"color: #ff0000;\"><em>Sono abituato a misurarmi con le asprezze del dibattito e non sono quindi impressionato, semmai sorpreso, che anche un intellettuale del tuo profilo ceda alle consuetudini del &#8220;linguaggio ostile&#8221; e s&#8217;incarichi di pubblicare un messaggio falso nei contenuti. Espresso nei confronti del Comune di Lecce. Anche in considerazione dell&#8217;incarico da te ricoperto all&#8217;interno di una istituzione importante di questo territorio, l&#8217;Universit\u00e0 del Salento. Alla fine mi sono convinto, proprio per queste ragioni, che \u00e8 giusto e doveroso che la tua presa di posizione non resti senza risposta.<\/em><\/span><\/p>\n<p><span style=\"color: #ff0000;\"><em>Avendo nel tuo intervento liquidato come inutili sofismi la legislazione, la giurisdizione, la rappresentanza istituzionale non mi attarder\u00f2 in una difesa delle istituzioni sulle quali si regge la convivenza civile. Personalmente continuo a pensare che la fatica del processo democratico sia comunque preferibile all&#8217;idea di organizzare e regolare la nostra societ\u00e0 attraverso le campagne sui social network.<\/em><\/span><\/p>\n<p><span style=\"color: #ff0000;\"><em>Ribadisco che l&#8217;avvio di procedure di compensazione non ha nulla a che vedere con l&#8217;assenso o il dissenso verso l&#8217;opera.<\/em><\/span><br \/>\n<span style=\"color: #ff0000;\"><em>Su questo aspetto il Comune di Lecce si \u00e8 espresso con un parere sfavorevole, ampiamente motivato, in Consiglio comunale. Un organo che non \u00e8 una riunione di perdigiorno ignoranti, come lasci intendere, ma l&#8217;espressione massima della volont\u00e0 popolare dei cittadini leccesi.<\/em><\/span><br \/>\n<span style=\"color: #ff0000;\"><em>Ti posto il link la delibera, nel caso volessi perdere 5 minuti del tuo prezioso tempo per leggerla.<\/em><\/span><br \/>\n<span style=\"color: #ff0000;\"><em>Dissenso poi ribadito in sede di conferenza di servizi: nel corso della quale il Comune ha manifestato l&#8217;incompatibilit\u00e0 del metanodotto nel proprio territorio, oltre alla a contrariet\u00e0 alla scelta dell\u2019approdo di TAP, evidenziando che: \u201cl\u2019autonomia dei processi autorizzativi relativi agli aspetti ambientali non ha determinato fino ad oggi un\u2019analisi integrata degli impatti complessivi ed unitari, ovvero comprensivi degli effetti che si determinano su tutti i territori che sono contestualmente attraversati dai metanodotti\u201d.<\/em><\/span><\/p>\n<p><span style=\"color: #ff0000;\"><em>Nella stessa delibera &#8211; che \u00e8 quindi di censura al progetto TAP e al metadonotto SNAM &#8211; viene ribadita l&#8217;intenzione di richiedere, nel quadro di un percorso istituzionale normato (che noia, queste norme, dirai), adeguata compensazione ambientale per gli impatti dell&#8217;opera. \u00c8 una possibilit\u00e0 che la legge accorda agli enti locali che il Comune di Lecce, cos\u00ec come la Regione Puglia, intende perseguire esplicitandolo negli atti. Le istituzioni locali sono fatte cos\u00ec. Agiscono sulla base di istruttorie, votazioni da parte di rappresentanti eletti, delibere di organi legittimati democraticamente. Che meritano rispetto, in particolare da chi esercita responsabilit\u00e0 pubbliche.<\/em><\/span><\/p>\n<p><span style=\"color: #ff0000;\"><em>Tentare di stabilire adeguate compensazioni ai danni ambientali, aggiungi, \u00e8 operazione da ignoranti. Mi chiedo dunque se consideri allo stesso modo la costituzione di parte civile da parte della Regione Puglia, del Comune di Melendugno e altri nel procedimento penale nei confronti dei vertici Tap, essendo la stessa finalizzata alla richiesta di un risarcimento danni, che \u2013 giocoforza \u2013dovr\u00e0 essere quantificato (in casi di condanna).<\/em><\/span><\/p>\n<p><span style=\"color: #ff0000;\"><em>E&#8217; legittimo domandarti quale sia la tua posizione nei confronti dell&#8217;Istituzione nella quale presti la tua opera intellettuale, l&#8217;Universit\u00e0 del Salento. Della quale alcune articolazioni hanno offerto \u2013 legittimamente \u2013 collaborazione alla progettazione e realizzazione del gasdotto. Non ricordo tue prese di posizione pubbliche su questo, tese a ispirare la condotta di tutti noi \u201cverso il futuro di decenza che dobbiamo ai giovani e alle generazioni future\u201d. Mi chiedo se &#8211; oltre che nei confronti del sindaco, degli assessori e dei consiglieri comunali di Lecce &#8211; abbia censure da esprimere anche nei confronti della Universit\u00e0 e di tuoi colleghi.<\/em><\/span><\/p>\n<p><span style=\"color: #ff0000;\"><em>Ci\u00f2 che mi incarico di rappresentare quotidianamente nel mio ruolo di amministratore pubblico \u00e8 il dovere di parlare il linguaggio della verit\u00e0 anche quando \u00e8 scomodo farlo.<\/em><\/span><br \/>\n<span style=\"color: #ff0000;\"><em>Quando non converrebbe. Di prendere posizione coerentemente alle proprie idee in ogni contesto e non solo quando si fiutano gli umori dei social.<\/em><\/span><\/p>\n<p><span style=\"color: #ff0000;\"><em>Mi auguro che in futuro tu possa avere maggiore rispetto verso le istituzioni e chi le rappresenta quando esprimono posizioni che ritieni non adeguate a farsi interprete della complessit\u00e0 del tempo. Anche in ragione del ruolo che ricopri.<\/em><\/span><\/p>\n<p><span style=\"color: #ff0000;\"><em>Cordialmente.<\/em><\/span><\/p>\n<p>&nbsp;<\/p>\n<p><strong><span style=\"color: #0000ff;\">MICHELE CARDUCCI:\u00a0<\/span><\/strong><\/p>\n<p><span style=\"color: #0000ff;\"><em>Mi dispiace sinceramente per il Sindaco di Lecce e se la sintesi del Suo sentimento \u00e8 quella dell&#8217;offesa, ovviamente mi scuso pubblicamente di aver offeso il Suo Ruolo e la Sua Amministrazione.<\/em><\/span><br \/>\n<span style=\"color: #0000ff;\"><em>Come osservava Niccol\u00f2 Tommaseo, commentando la Divina Commedia, le parole forti servono a scuotere l&#8217;intelligenza.<\/em><\/span><br \/>\n<span style=\"color: #0000ff;\"><em>Per questo, come Persone umane abbiamo il dovere di indignarci.<\/em><\/span><br \/>\n<span style=\"color: #0000ff;\"><em>Come Cittadini, abbiano il dovere di criticare duramente chi ci amministra (solo la dura critica salva la democrazia).<\/em><\/span><br \/>\n<span style=\"color: #0000ff;\"><em>Come Esseri viventi, abbiamo il dovere di far presente che le c.d. &#8220;compensazioni ambientali&#8221; non servono a nulla, perch\u00e9 non &#8220;compensano&#8221; (\u00e8 il c.d. meccanismo &#8220;win-lose&#8221; economia\/ecosistema, noto dai tempi della formula di Lotka-Volterra). Dobbiamo farlo, perch\u00e9 non possiamo pensare di non essere responsabili dell&#8217;ecocidio in corso, per il solo fatto di non commetterne direttamente l&#8217;atto lesivo.<\/em><\/span><br \/>\n<span style=\"color: #0000ff;\"><em>Abbiamo allora il dovere di manifestare pubblicamente la delusione, se questo sfugge a chi ci amministra, si tratti del Sindaco o del Rettore o di altra persona che assume responsabilit\u00e0 per la cosa pubblica.<\/em><\/span><br \/>\n<span style=\"color: #0000ff;\"><em>Abbiamo il dovere di farlo pubblicamente.<\/em><\/span><br \/>\n<span style=\"color: #0000ff;\"><em>La delusione \u00e8 un sentimento che riapre opportunit\u00e0.<\/em><\/span><br \/>\n<span style=\"color: #0000ff;\"><em>Abbiamo il dovere di giudicare e giudicarci su quello che stiamo facendo alla natura, anche indirettamente, anche con le c.d. &#8220;compensazioni&#8221;.<\/em><\/span><br \/>\n<span style=\"color: #0000ff;\"><em>Abbiamo il dovere di farlo per pretendere coraggio intellettuale della verit\u00e0 e pratica politica discontinua rispetto al passato.<\/em><\/span><br \/>\n<span style=\"color: #0000ff;\"><em>Abbiamo il dovere di farlo verso le giovani e le future generazioni.<\/em><\/span><br \/>\n<span style=\"color: #0000ff;\"><em>Abbiamo il dovere di farlo proprio perch\u00e9 amiamo la democrazia e prendiamo sul serio la missione della politica<\/em><\/span><br \/>\n<span style=\"color: #0000ff;\"><em>Abbiamo il dovere di farlo, perch\u00e9 dobbiamo cambiare registro nei rapporti verso la natura.<\/em><\/span><br \/>\n<span style=\"color: #0000ff;\"><em>Abbiamo il dovere di farlo, perch\u00e9 la posta in gioco \u00e8 altissima, spaventosamente vicinissima, drammatica.<\/em><\/span><br \/>\n<span style=\"color: #0000ff;\"><em>Siamo in emergenza ecosistemica e climatica.<\/em><\/span><br \/>\n<span style=\"color: #0000ff;\"><em>Allora abbiamo il dovere di informarci e di pretendere informazione su tutto questo.<\/em><\/span><br \/>\n<span style=\"color: #0000ff;\"><em>Leggiamo tutti noi, con onest\u00e0 e umilt\u00e0 intellettuale, questi appelli che nessun quotidiano italiano ha avuto il merito di pubblicare:<\/em><\/span><br \/>\n<span style=\"color: #0000ff;\"><em>&#8211; World Scientists&#8217; Warning to Humanity: A Second Notice (Pubblicato su BioScience, 67, Issue 12, December 2017, 1026-1028, sottoscritto da oltre 20.000 scienziati di tutto il mondo).<\/em><\/span><br \/>\n<span style=\"color: #0000ff;\"><em>&#8211; World Scientists&#8217; Warning of a Climate Emergency (Pubblicato su BioScience, 70, Issue 1, January 2020, 8-12, sottoscritto da circa 12.000 scienziati di tutto il mondo).<\/em><\/span><br \/>\n<span style=\"color: #0000ff;\"><em>Leggiamo questi articoli, che qualsiasi persona che ricopre responsabilit\u00e0 pubbliche dovrebbe umilmente studiare:<\/em><\/span><\/p>\n<p><span style=\"color: #0000ff;\"><em>&#8211; AA. VV., Human and Nature Dynamics (HANDY): Modeling Inequality and Use of Resources in the Collapse or Sustainability of Societies, in Ecological Economics, vol. 101, 2014, pag. 90-102.<\/em><\/span><\/p>\n<p><span style=\"color: #0000ff;\"><em>&#8211; T.M. Lenton, J. Rockstr\u00f6m, O. Gaffney et al., Climate Tipping Points: too risky to bet against, in Nature, 575, 28, 2019, 592-595.<\/em><\/span><\/p>\n<p><span style=\"color: #0000ff;\"><em>Leggiamo questo Report della pi\u00f9 antica Banca sovranazionale della storia (una Banca, non un movimento ambientalista):<\/em><\/span><br \/>\n<span style=\"color: #0000ff;\"><em>&#8211; P. Bolton, M. Despres, L.A. Pereira da Silva et al., The Green Swan. Central Banking and Financial Stability in the Age of Climate Change, Basel, Bank for International Settlements, 2020.<\/em><\/span><\/p>\n<p><span style=\"color: #0000ff;\"><em>Stiamo andando a sbattere contro un muro, ma ci offendiamo per le parole.<\/em><\/span><br \/>\n<span style=\"color: #0000ff;\"><em>Stiamo andando a sbattere e pensiamo di compensare l&#8217;urto con il denaro.<\/em><\/span><br \/>\n<span style=\"color: #0000ff;\"><em>Abbiamo violentato la natura come nessun altro essere vivente, ma citiamo la &#8220;legalit\u00e0&#8221;.<\/em><\/span><br \/>\n<span style=\"color: #0000ff;\"><em>Abbiamo perso il rispetto per la vita in armonia e quindi per noi stessi nello stare in vita con tutta la vita della Terra.<\/em><\/span><br \/>\n<span style=\"color: #0000ff;\"><em>Siamo &#8220;ciechi&#8221; e pensiamo di vedere.<\/em><\/span><br \/>\n<span style=\"color: #0000ff;\"><em>Abbiamo allora il dovere di pretendere nuove &#8220;responsabilit\u00e0&#8221; da tutte le Istituzioni (a partire dall&#8217;Universit\u00e0 del Salento, che vive e cresce &#8211; tra le poche in Italia &#8211; grazie alla libera dura critica e non all&#8217;educata uniformit\u00e0 di pensiero).<\/em><\/span><br \/>\n<span style=\"color: #0000ff;\"><em>Dobbiamo pretenderlo da noi stessi e da tutti.<\/em><\/span><br \/>\n<span style=\"color: #0000ff;\"><em>Abbiamo il dovere di dichiarare da che parte si sta rispetto al pessimo futuro che tutti noi abbiamo contribuito a consegnare ai nostri giovani con queste &#8220;offese&#8221;, meno eclatanti della parola che turba ma molto pi\u00f9 violente per la sottile, irreparabile lesione reale che hanno prodotto e continuano a produrre nell&#8217; &#8220;educato&#8221; gioco di parole.<\/em><\/span><br \/>\n<span style=\"color: #0000ff;\"><em>Abbiamo il dovere di non accontentarci di una &#8220;legalit\u00e0&#8221; contro natura.<\/em><\/span><br \/>\n<span style=\"color: #0000ff;\"><em>Abbiamo dunque il dovere di arrabbiarci per scuotere coscienze e pretendere decenza.<\/em><\/span><br \/>\n<span style=\"color: #0000ff;\"><em>Abbiamo il dovere di fare tutto questo perch\u00e9 \u00e8 giusto e perch\u00e9 \u00e8 necessario.<\/em><\/span><br \/>\n<span style=\"color: #0000ff;\"><em>Viviamo un inedito tempo a-normale e in un tempo a-normale abbiamo il dovere di gridare all&#8217;allarme e di pretendere che si agisca con un coraggio fuori del normale.<\/em><\/span><br \/>\n<span style=\"color: #0000ff;\"><em>Purtroppo per noi, non ci sono alternative e, se rinunciamo, abdichiamo alla speranza, magari in buona educazione.<\/em><\/span><br \/>\n<span style=\"color: #0000ff;\"><em>Ma &#8220;la rabbia \u00e8 il sentimento necessario per recuperare e alimentare speranza&#8221;: Sant&#8217;Agostino.<\/em><\/span><br \/>\n<span style=\"color: #0000ff;\"><em>E in quest&#8217;epoca di tramonto, meglio arrabbiati che rassegnatamente &#8220;educati&#8221;.\u00a0<span style=\"color: #000000;\">______<\/span><\/em><\/span><\/p>\n<p>LA RICERCA nel nostro articolo del 17 febbraio scorso<\/p>\n<blockquote class=\"wp-embedded-content\" data-secret=\"2zgBEpA21A\"><p><a href=\"https:\/\/www.leccecronaca.it\/index.php\/2020\/02\/17\/il-capogruppo-del-pd-antonio-rotundo-cha-avuto-unidea\/\">ANTONIO ROTUNDO DEL PD C&#8217;HA AVUTO UN&#8217;IDEA&#8230;<\/a><\/p><\/blockquote>\n<p><iframe class=\"wp-embedded-content\" sandbox=\"allow-scripts\" security=\"restricted\" style=\"position: absolute; clip: rect(1px, 1px, 1px, 1px);\" src=\"https:\/\/www.leccecronaca.it\/index.php\/2020\/02\/17\/il-capogruppo-del-pd-antonio-rotundo-cha-avuto-unidea\/embed\/#?secret=2zgBEpA21A\" data-secret=\"2zgBEpA21A\" width=\"500\" height=\"282\" title=\"&#8220;ANTONIO ROTUNDO DEL PD C&#8217;HA AVUTO UN&#8217;IDEA&#8230;&#8221; &#8212; LecceCronaca.it\" frameborder=\"0\" marginwidth=\"0\" marginheight=\"0\" scrolling=\"no\"><\/iframe><\/p>\n<p>&nbsp;<\/p>\n<fb:like href='https:\/\/www.leccecronaca.it\/index.php\/2020\/02\/19\/antonio-rotundo-del-pd-cha-avuto-unidea-carlo-salvemini-lha-difesa-ed-esaltata-e-si-e-beccato-una-valanga-di-critiche-la-piu-autorevole-quella-di-michele-carducci-toccato\/' send='true' layout='button_count' show_faces='true' width='450' height='65' action='recommend' colorscheme='light' font='lucida grande'><\/fb:like><span class=\"fb_share\"><fb:like href=\"https:\/\/www.leccecronaca.it\/index.php\/2020\/02\/19\/antonio-rotundo-del-pd-cha-avuto-unidea-carlo-salvemini-lha-difesa-ed-esaltata-e-si-e-beccato-una-valanga-di-critiche-la-piu-autorevole-quella-di-michele-carducci-toccato\/\" layout=\"button_count\"><\/fb:like><\/span>","protected":false},"excerpt":{"rendered":"<p>(g.p.)______Da luned\u00ec, divampa la polemica, su un argomento evidentemente sentitissimo, quale i gasdotti Tap e Snam, che negli ambienti di certa &#8216;sinistra&#8217;, fra Pd e dintorni, scorrono come veri e propri nervi scoperti. Riportiamo in fondo il link del nostro articolo di luned\u00ec mattina, con tutti i commenti che nel frattempo leccecronaca.it ha registrato sia [&hellip;]<\/p>\n","protected":false},"author":4,"featured_media":163314,"comment_status":"open","ping_status":"closed","sticky":false,"template":"","format":"standard","meta":[],"categories":[69,76],"tags":[],"_links":{"self":[{"href":"https:\/\/www.leccecronaca.it\/index.php\/wp-json\/wp\/v2\/posts\/163313"}],"collection":[{"href":"https:\/\/www.leccecronaca.it\/index.php\/wp-json\/wp\/v2\/posts"}],"about":[{"href":"https:\/\/www.leccecronaca.it\/index.php\/wp-json\/wp\/v2\/types\/post"}],"author":[{"embeddable":true,"href":"https:\/\/www.leccecronaca.it\/index.php\/wp-json\/wp\/v2\/users\/4"}],"replies":[{"embeddable":true,"href":"https:\/\/www.leccecronaca.it\/index.php\/wp-json\/wp\/v2\/comments?post=163313"}],"version-history":[{"count":2,"href":"https:\/\/www.leccecronaca.it\/index.php\/wp-json\/wp\/v2\/posts\/163313\/revisions"}],"predecessor-version":[{"id":163316,"href":"https:\/\/www.leccecronaca.it\/index.php\/wp-json\/wp\/v2\/posts\/163313\/revisions\/163316"}],"wp:featuredmedia":[{"embeddable":true,"href":"https:\/\/www.leccecronaca.it\/index.php\/wp-json\/wp\/v2\/media\/163314"}],"wp:attachment":[{"href":"https:\/\/www.leccecronaca.it\/index.php\/wp-json\/wp\/v2\/media?parent=163313"}],"wp:term":[{"taxonomy":"category","embeddable":true,"href":"https:\/\/www.leccecronaca.it\/index.php\/wp-json\/wp\/v2\/categories?post=163313"},{"taxonomy":"post_tag","embeddable":true,"href":"https:\/\/www.leccecronaca.it\/index.php\/wp-json\/wp\/v2\/tags?post=163313"}],"curies":[{"name":"wp","href":"https:\/\/api.w.org\/{rel}","templated":true}]}}