{"id":163317,"date":"2020-02-20T09:33:39","date_gmt":"2020-02-20T08:33:39","guid":{"rendered":"http:\/\/www.leccecronaca.it\/?p=163317"},"modified":"2020-02-28T18:42:23","modified_gmt":"2020-02-28T17:42:23","slug":"perdita-di-autostima-solitudine-emarginazione-alle-radici-della-depressione-un-seminario-in-programma-a-lecce-spieghera-come-superarla","status":"publish","type":"post","link":"https:\/\/www.leccecronaca.it\/index.php\/2020\/02\/20\/perdita-di-autostima-solitudine-emarginazione-alle-radici-della-depressione-un-seminario-in-programma-a-lecce-spieghera-come-superarla\/","title":{"rendered":"PERDITA DI AUTOSTIMA, SOLITUDINE, EMARGINAZIONE: ALLE RADICI DELLA DEPRESSIONE. UN SEMINARIO IN PROGRAMMA A LECCE SPIEGHERA&#8217; COME SUPERARLA"},"content":{"rendered":"<p><img decoding=\"async\" loading=\"lazy\" class=\"alignnone size-full wp-image-163318\" src=\"https:\/\/www.leccecronaca.it\/wordpress\/wp-content\/uploads\/2020\/02\/AS02157_0.jpg\" alt=\"\" width=\"1332\" height=\"1854\" srcset=\"https:\/\/www.leccecronaca.it\/wordpress\/wp-content\/uploads\/2020\/02\/AS02157_0.jpg 1332w, https:\/\/www.leccecronaca.it\/wordpress\/wp-content\/uploads\/2020\/02\/AS02157_0-216x300.jpg 216w, https:\/\/www.leccecronaca.it\/wordpress\/wp-content\/uploads\/2020\/02\/AS02157_0-736x1024.jpg 736w, https:\/\/www.leccecronaca.it\/wordpress\/wp-content\/uploads\/2020\/02\/AS02157_0-768x1069.jpg 768w, https:\/\/www.leccecronaca.it\/wordpress\/wp-content\/uploads\/2020\/02\/AS02157_0-1104x1536.jpg 1104w\" sizes=\"(max-width: 1332px) 100vw, 1332px\" \/>di <strong>Michela Maffei<\/strong>______<\/p>\n<p>Lo psicoanalista <strong>Sergio Martella<\/strong> e la psicopedagogista <strong>Maria Grazia De Donatis<\/strong> conducono il seminario dal titolo<strong><em> \u201cGli umori del tempo: la depressione. Come evitare i rischi dell\u2019umore, sapendo vivere il presente\u201d<\/em> sabato 21 marzo<\/strong> presso il Centro di formazione e cultura \u201cEduVita\u201d in via Principi di Savoia, 16 (nei pressi di Porta Napoli) a Lecce, ore 17-19.<\/p>\n<p>&nbsp;<\/p>\n<p>I temi che verranno trattati sono Individualit\u00e0, Solitudine, Comunicazione, Percezione della Relazione e del Tempo, Esperienza ed Affettivit\u00e0, facendo uso di filmati, audiovisivi ed immagini, utilizzando esempi offerti dal mito e dalle biografie di personaggi noti come Oriana Fallaci e Steve Jobs.<\/p>\n<p>Sergio Martella vuole innazitutto rispondere a queste domande:\u201cQuali sono le dinamiche affettive e relazionali connesse all\u2019esperienza depressiva? In che modo si pu\u00f2 volgere una incombente sensazione di impotenza e di sofferenza in una esperienza di riscatto e di riscoperta dei valori umani?\u201d. Lo psicoanalista freudiano spiega che \u201ccertamente l\u2019esperienza affettiva individuale gioca un ruolo centrale nel sorgere dei malesseri esistenziali, ma non bisogna sottovalutare le valenze della comunicazione sociale e del mutare dei rapporti umani anche oltre lo stretto ambito famigliare\u201d.<\/p>\n<p>&nbsp;<\/p>\n<p>Martella rileva, altres\u00ec, l\u2019importanza del parlare della depressione per uscirne fuori: \u201cCondividere un sapere su un disagio che si manifesta come personale rende questo disagio l\u2019occasione per una riscoperta dell\u2019altro e del benessere che ne deriva, sentendosi parte della realt\u00e0 e di una empatia anche culturale che ci avvicina agli altri\u201d.<\/p>\n<p>&nbsp;<\/p>\n<p>Dunque il seminario affronta un tema classico della divulgazione dei saperi sulla salute, ossia il tema cardine della caduta dell\u2019umore nella percezione esistenziale depressiva delle persone. Martella sottolinea che \u201csebbene se ne parli molto in tutti gli ambiti, il tema resta indecifrabile alla comprensione dei pi\u00f9 e sfugge alle strategie possibili che i singoli individui possono articolare autonomamente per difendersi da questa sensazione di collasso esistenziale. Un\u2019esperienza che pu\u00f2 capitare nel corso della vita a chiunque, ma che certamente\u00a0 costituisce la dolorosa esperienza di invalidit\u00e0 per molti in particolare\u201d.<\/p>\n<p>&nbsp;<\/p>\n<p>Infine Martella rileva che la depressione \u00e8 connessa alla sempre pi\u00f9 diffusa percezione della solitudine direttamente proporzionale all\u2019espandersi della comunicazione virtuale attraverso internet e i social network, contemporanemente alla chiusura famigliare e sociale: \u201cIl concetto di depressione \u00e8 altres\u00ec attuale per le valenze di incomunicabilit\u00e0 e di isolamento che gli sono correlate proprio nella maggiore espansione della nostra era telematica, con le contraddizioni di falsa estensione dei rapporti umani e invece di vera involuzione che le persone sperimentano nel vissuto famigliare e sociale di oggi. Siamo sempre pi\u00f9 soli in proporzione all\u2019estendersi dell\u2019incomunicabilit\u00e0 tecnologica\u201d.<\/p>\n<p>&nbsp;<\/p>\n<p>Maria Grazia De Donatis concentra l\u2019attenzione sulla depressione femminile, partendo dal mito di Medea che tratta il tema dell\u2019infanticidio. Nelle donne la depressione \u00e8 legata agli eventi strutturali della funzione affettiva, sessuale, biologica e dell&#8217;invecchiamento. De Donatis affronter\u00e0 i problemi dalla caduta dell&#8217;autostima, della depressione post-partum, la sindrome del nido vuoto, l\u2019avanzare dell\u2019et\u00e0.<\/p>\n<p>De Donatis si occupa dell\u2019impatto della psiche sul corpo, della mente intuitiva, del rapporto tra paziente e terapeuta, della medicina ancestrale in America Latina, in particolare del popolo andino e di come le differenti culture abbiano elaborato differenti credenze e conoscenze intorno ai problemi esistenziali collegati alla salute, alla malattia e alla cura.<\/p>\n<p>Come si pu\u00f2 notare l\u2019argomento pu\u00f2 essere interrogato da molteplici prospettive. Una domanda riguarda la depressione come disturbo dell\u2019umore troppo ampiamente diffuso nel tempo presente in cui vive la nnostra societ\u00e0.<\/p>\n<p>Un altro interrogativo riguarda piuttosto gli umori della nostra epoca: se la storia ha uno spirito, qual \u00e8 l\u2019atteggiamento prevalente e perch\u00e9? Si tratta di caratteristiche o tratti di personalit\u00e0 degli individui che si sommano o piuttosto \u2013 in un\u2019ottica gestaltica ovvero di insieme \u2013 di un atteggiamento che \u00e8 pi\u00f9 della somma dei singoli orientamenti, quindi di uno stato d\u2019animo del gruppo che dipende dall\u2019interdipendenza dei membri? In un gruppo (famiglia, societ\u00e0, scuola, fabbrica, ecc.) ciascun membro influisce sull\u2019altro e sul gruppo stesso. Eppure troppo spesso i disturbi mentali sono attribuiti a cause individuali di tipo biologico e genetico: si dice che non funziona qualcosa a livello organico e cerebrale. Cosa non funziona, invece, nelle relazioni interpersonali?<\/p>\n<p>Infatti se cambiamo una sola lettera, gli umori del tempo diventano gli amori del tempo che pongono una nuova domanda: quanto incide sulla depressione l\u2019esperienza affettiva precoce?<\/p>\n<p>Martella conclude, citando la legge della fisica:\u201dE=mc\u00b2. Einstein era ben consapevole del fatto che parlare in fisica di Energia equivalesse al significato di Emozione, affettivit\u00e0 e amore nello scambio energetico tra esseri umani, la materia e l&#8217;ambiente. Nella presunta lettera alla figlia Lisern, Einstein lo esprime chiaramente. Il contenuto \u00e8 interessante per il semplice fatto che mette in relazione l&#8217;irrazionale della fisica con l&#8217;irrazionale dei sentimenti.\u00a0 Le leggi della fisica e dei corpi sono le stesse delle emozioni e delle relazioni umane. Sono le stesse leggi che regolano il destino. \u00c8 l&#8217;energia che genera la materia come forza di legame (amore). Sono il desiderio e l&#8217;emozione che generano i fatti concreti della nostra esistenza. I fatti sono gli effetti degli affetti\u201d.<\/p>\n<p>Per info 37546456493 (anche whatsapp);<\/p>\n<p>sito web: www.eduvita.it; e-mail: eduvita.it@gmail.com<\/p>\n<p>&nbsp;<\/p>\n<p>______<\/p>\n<p><strong>Sergio Martella<\/strong><br \/>\nPsicologo Psicoterapeuta, specializzato in Ipnosi e in Psiconcologia; gi\u00e0 docente di Psicologia Clinica presso la Facolt\u00e0 di Medicina e Chirurgia dell\u2019Universit\u00e0 di Padova, gi\u00e0 ricercatore presso la Divisione di Oncologia Medica di Padova. Autore di saggi di psicologia analitica e di pubblicazioni scientifiche in ambito sanitario, e sociale. Numerosi anche gli interventi di divulgazione culturale pubblicati online. Attualmente svolge attivit\u00e0 clinica a Lecce ed a Padova.<\/p>\n<p><strong>Maria Grazia De Donatis<\/strong><br \/>\nPsicopedagogista a orientamento Psicodinamico Analitico Esistenziale. All\u2019esercizio della professione affianca l\u2019attivit\u00e0 di docenza in Psicoantropologia presso l\u2019universit\u00e0 del Salento. Ha pubblicato articoli scientifici e divulgativi sul tema delle dipendenze e il racconto\u00a0\u201cL\u2019Arte di Vivere\u2026 la Meraviglia\u201d.______<\/p>\n<p>FOTO DI COPERTINA: &#8220;Ragazza alla finestra&#8221;, Salvador Dal\u00ec, olio\u00a0su\u00a0tela, 1925, Madrid,\u00a0Museo Nacional.<\/p>\n<p><img decoding=\"async\" loading=\"lazy\" class=\"alignnone size-full wp-image-163320\" src=\"https:\/\/www.leccecronaca.it\/wordpress\/wp-content\/uploads\/2020\/02\/86347018_624317551634716_4720706436022140928_o.jpg\" alt=\"\" width=\"819\" height=\"960\" srcset=\"https:\/\/www.leccecronaca.it\/wordpress\/wp-content\/uploads\/2020\/02\/86347018_624317551634716_4720706436022140928_o.jpg 819w, https:\/\/www.leccecronaca.it\/wordpress\/wp-content\/uploads\/2020\/02\/86347018_624317551634716_4720706436022140928_o-256x300.jpg 256w, https:\/\/www.leccecronaca.it\/wordpress\/wp-content\/uploads\/2020\/02\/86347018_624317551634716_4720706436022140928_o-768x900.jpg 768w\" sizes=\"(max-width: 819px) 100vw, 819px\" \/><\/p>\n<fb:like href='https:\/\/www.leccecronaca.it\/index.php\/2020\/02\/20\/perdita-di-autostima-solitudine-emarginazione-alle-radici-della-depressione-un-seminario-in-programma-a-lecce-spieghera-come-superarla\/' send='true' layout='button_count' show_faces='true' width='450' height='65' action='recommend' colorscheme='light' font='lucida grande'><\/fb:like><span class=\"fb_share\"><fb:like href=\"https:\/\/www.leccecronaca.it\/index.php\/2020\/02\/20\/perdita-di-autostima-solitudine-emarginazione-alle-radici-della-depressione-un-seminario-in-programma-a-lecce-spieghera-come-superarla\/\" layout=\"button_count\"><\/fb:like><\/span>","protected":false},"excerpt":{"rendered":"<p>di Michela Maffei______ Lo psicoanalista Sergio Martella e la psicopedagogista Maria Grazia De Donatis conducono il seminario dal titolo \u201cGli umori del tempo: la depressione. Come evitare i rischi dell\u2019umore, sapendo vivere il presente\u201d sabato 21 marzo presso il Centro di formazione e cultura \u201cEduVita\u201d in via Principi di Savoia, 16 (nei pressi di Porta [&hellip;]<\/p>\n","protected":false},"author":4,"featured_media":163318,"comment_status":"open","ping_status":"closed","sticky":false,"template":"","format":"standard","meta":[],"categories":[31,75],"tags":[],"_links":{"self":[{"href":"https:\/\/www.leccecronaca.it\/index.php\/wp-json\/wp\/v2\/posts\/163317"}],"collection":[{"href":"https:\/\/www.leccecronaca.it\/index.php\/wp-json\/wp\/v2\/posts"}],"about":[{"href":"https:\/\/www.leccecronaca.it\/index.php\/wp-json\/wp\/v2\/types\/post"}],"author":[{"embeddable":true,"href":"https:\/\/www.leccecronaca.it\/index.php\/wp-json\/wp\/v2\/users\/4"}],"replies":[{"embeddable":true,"href":"https:\/\/www.leccecronaca.it\/index.php\/wp-json\/wp\/v2\/comments?post=163317"}],"version-history":[{"count":1,"href":"https:\/\/www.leccecronaca.it\/index.php\/wp-json\/wp\/v2\/posts\/163317\/revisions"}],"predecessor-version":[{"id":163321,"href":"https:\/\/www.leccecronaca.it\/index.php\/wp-json\/wp\/v2\/posts\/163317\/revisions\/163321"}],"wp:featuredmedia":[{"embeddable":true,"href":"https:\/\/www.leccecronaca.it\/index.php\/wp-json\/wp\/v2\/media\/163318"}],"wp:attachment":[{"href":"https:\/\/www.leccecronaca.it\/index.php\/wp-json\/wp\/v2\/media?parent=163317"}],"wp:term":[{"taxonomy":"category","embeddable":true,"href":"https:\/\/www.leccecronaca.it\/index.php\/wp-json\/wp\/v2\/categories?post=163317"},{"taxonomy":"post_tag","embeddable":true,"href":"https:\/\/www.leccecronaca.it\/index.php\/wp-json\/wp\/v2\/tags?post=163317"}],"curies":[{"name":"wp","href":"https:\/\/api.w.org\/{rel}","templated":true}]}}