{"id":163351,"date":"2020-02-20T00:15:07","date_gmt":"2020-02-19T23:15:07","guid":{"rendered":"http:\/\/www.leccecronaca.it\/?p=163351"},"modified":"2020-02-20T17:53:41","modified_gmt":"2020-02-20T16:53:41","slug":"l-agri-carnevale-inclusivo-a-castiglione-dotranto","status":"publish","type":"post","link":"https:\/\/www.leccecronaca.it\/index.php\/2020\/02\/20\/l-agri-carnevale-inclusivo-a-castiglione-dotranto\/","title":{"rendered":"L&#8217; \u201cAgri-Carnevale Inclusivo\u201d A CASTIGLIONE D&#8217;OTRANTO"},"content":{"rendered":"<p><img decoding=\"async\" loading=\"lazy\" class=\"alignnone size-full wp-image-163352\" src=\"https:\/\/www.leccecronaca.it\/wordpress\/wp-content\/uploads\/2020\/02\/agricarnevale4.jpg\" alt=\"\" width=\"1200\" height=\"1600\" srcset=\"https:\/\/www.leccecronaca.it\/wordpress\/wp-content\/uploads\/2020\/02\/agricarnevale4.jpg 1200w, https:\/\/www.leccecronaca.it\/wordpress\/wp-content\/uploads\/2020\/02\/agricarnevale4-225x300.jpg 225w, https:\/\/www.leccecronaca.it\/wordpress\/wp-content\/uploads\/2020\/02\/agricarnevale4-768x1024.jpg 768w, https:\/\/www.leccecronaca.it\/wordpress\/wp-content\/uploads\/2020\/02\/agricarnevale4-1152x1536.jpg 1152w\" sizes=\"(max-width: 1200px) 100vw, 1200px\" \/>Riceviamo e volentieri pubblichiamo. Tiziana Colluto, presidente della Casa delle Agricolture Tullia e Gino, ci manda il seguente comunicato______<\/p>\n<p>Un Carnevale originale, dedicato alla terra e all&#8217;inclusione sociale: a Castiglione d&#8217;Otranto (Lecce), quella che nasce dalla collaborazione tra una rete di realt\u00e0 locali \u00e8 una festa impegnata su questi fronti. Il primo \u201cAgri-Carnevale Inclusivo\u201d si articoler\u00e0 in due giornate, il 21 e 24 febbraio prossimi.<\/p>\n<p>Organizzato dall&#8217;associazione Casa delle Agriculture Tullia e Gino, assieme alla cooperativa sociale L&#8217;Adelfia, a L&#8217;Adelfia Lab, all&#8217;associazione Auser Ponte Andrano-Castiglione e alla coop. agricola Casa delle Agriculture, l&#8217;evento \u00e8 patrocinato dal Comune di Andrano.<\/p>\n<p>Anche per questa occasione, dunque, si continua nel solco della coerenza con le grandi tematiche che contraddistinguono l&#8217;impegno della comunit\u00e0 locale, come gi\u00e0 \u00e8 successo per la Notte Verde e per i progetti di innovazione sociale portati avanti sul territorio. Si punta a promuovere, infatti, attraverso la festa, l&#8217;educazione ambientale e agricola e soprattutto lo spirito di inclusione di bambini e ragazzi con altre abilit\u00e0 e provenienti da altri Paesi del mondo.<\/p>\n<p>L&#8217;Agri-Carnevale ha visto impegnati per tutto il mese di febbraio bambini, genitori e nonni, coordinati dalle volontarie di Casa delle Agriculture Tullia e Gino: nell&#8217;ambito del progetto \u201cVerso l&#8217;agriludoteca di comunit\u00e0\u201d, ospitato nella ex scuola elementare dismessa, hanno lavorato sodo, insieme, per confezionare vestiti a tema (semi, fiori, nuvole, alberi, sole etc) e coriandoli da foglie secche e carta riciclata. Cos\u00ec i bambini diventeranno ambasciatori di un messaggio di doverosa sostenibilit\u00e0 ambientale.<\/p>\n<p>Il calendario degli eventi si articola, come detto, in due giornate.<\/p>\n<p>Venerd\u00ec 21 febbraio, alle 15, da piazza della Libert\u00e0 partir\u00e0 \u201cCi vuole un fiore\u201d, la sfilata di maschere dedicate alla Natura: un colorato e festoso corteo attraverser\u00e0 le vie del paese a piedi e con mezzi non inquinanti, in particolare biciclette e risci\u00f2 addobbati. Alle 16.30, la festa proseguir\u00e0 nella ex scuola elementare di via don Sturzo con \u201cAgriludoteca di comunit\u00e0 in allegria\u201d, tra giochi, balli e merenda biologica.<\/p>\n<p>&nbsp;<\/p>\n<p>Luned\u00ec 24 febbraio, invece, dalle 16.30 alle 19.30, sempre presso la ex scuola don Felice Pisano&#8217; di via don Sturzo, nell&#8217;ambito dell&#8217;Agriludoteca di comunit\u00e0 si celebrer\u00e0 \u201cIl Carnevale Contadino\u201d: un ricco veglione con il gioco della pentolaccia e la storia, il testamento e la sepoltura de \u201cLu Paulinu\u201d, che lascer\u00e0 il posto a sua moglie la \u201cCaremma\u201d, la vecchietta che accompagner\u00e0 il paese per tutto il periodo della Quaresima.<\/p>\n<p>&nbsp;<\/p>\n<p>Info:\u00a0Tiziana Colluto, 348\/5649772 ass.casadelleagriculture@gmail.com<\/p>\n<fb:like href='https:\/\/www.leccecronaca.it\/index.php\/2020\/02\/20\/l-agri-carnevale-inclusivo-a-castiglione-dotranto\/' send='true' layout='button_count' show_faces='true' width='450' height='65' action='recommend' colorscheme='light' font='lucida grande'><\/fb:like><span class=\"fb_share\"><fb:like href=\"https:\/\/www.leccecronaca.it\/index.php\/2020\/02\/20\/l-agri-carnevale-inclusivo-a-castiglione-dotranto\/\" layout=\"button_count\"><\/fb:like><\/span>","protected":false},"excerpt":{"rendered":"<p>Riceviamo e volentieri pubblichiamo. Tiziana Colluto, presidente della Casa delle Agricolture Tullia e Gino, ci manda il seguente comunicato______ Un Carnevale originale, dedicato alla terra e all&#8217;inclusione sociale: a Castiglione d&#8217;Otranto (Lecce), quella che nasce dalla collaborazione tra una rete di realt\u00e0 locali \u00e8 una festa impegnata su questi fronti. Il primo \u201cAgri-Carnevale Inclusivo\u201d si [&hellip;]<\/p>\n","protected":false},"author":4,"featured_media":163352,"comment_status":"open","ping_status":"closed","sticky":false,"template":"","format":"standard","meta":[],"categories":[69,36],"tags":[],"_links":{"self":[{"href":"https:\/\/www.leccecronaca.it\/index.php\/wp-json\/wp\/v2\/posts\/163351"}],"collection":[{"href":"https:\/\/www.leccecronaca.it\/index.php\/wp-json\/wp\/v2\/posts"}],"about":[{"href":"https:\/\/www.leccecronaca.it\/index.php\/wp-json\/wp\/v2\/types\/post"}],"author":[{"embeddable":true,"href":"https:\/\/www.leccecronaca.it\/index.php\/wp-json\/wp\/v2\/users\/4"}],"replies":[{"embeddable":true,"href":"https:\/\/www.leccecronaca.it\/index.php\/wp-json\/wp\/v2\/comments?post=163351"}],"version-history":[{"count":1,"href":"https:\/\/www.leccecronaca.it\/index.php\/wp-json\/wp\/v2\/posts\/163351\/revisions"}],"predecessor-version":[{"id":163353,"href":"https:\/\/www.leccecronaca.it\/index.php\/wp-json\/wp\/v2\/posts\/163351\/revisions\/163353"}],"wp:featuredmedia":[{"embeddable":true,"href":"https:\/\/www.leccecronaca.it\/index.php\/wp-json\/wp\/v2\/media\/163352"}],"wp:attachment":[{"href":"https:\/\/www.leccecronaca.it\/index.php\/wp-json\/wp\/v2\/media?parent=163351"}],"wp:term":[{"taxonomy":"category","embeddable":true,"href":"https:\/\/www.leccecronaca.it\/index.php\/wp-json\/wp\/v2\/categories?post=163351"},{"taxonomy":"post_tag","embeddable":true,"href":"https:\/\/www.leccecronaca.it\/index.php\/wp-json\/wp\/v2\/tags?post=163351"}],"curies":[{"name":"wp","href":"https:\/\/api.w.org\/{rel}","templated":true}]}}