{"id":163366,"date":"2020-02-20T18:48:22","date_gmt":"2020-02-20T17:48:22","guid":{"rendered":"http:\/\/www.leccecronaca.it\/?p=163366"},"modified":"2020-02-28T18:39:00","modified_gmt":"2020-02-28T17:39:00","slug":"coffee-jobs-giovani-in-moviment_azione-due-giorni-di-incontri-per-favorire-lo-sviluppo-sociale-e-culturale-in-ambito-imprenditoriale-a-copertino-giovedi-27-e-venerdi-28","status":"publish","type":"post","link":"https:\/\/www.leccecronaca.it\/index.php\/2020\/02\/20\/coffee-jobs-giovani-in-moviment_azione-due-giorni-di-incontri-per-favorire-lo-sviluppo-sociale-e-culturale-in-ambito-imprenditoriale-a-copertino-giovedi-27-e-venerdi-28\/","title":{"rendered":"&#8220;Coffee Jobs \u2013 Giovani in Moviment_Azione\u201d. DUE GIORNI DI INCONTRI PER FAVORIRE LO SVILUPPO SOCIALE IN AMBITO IMPRENDITORIALE A COPERTINO GIOVEDI&#8217; 27 E VENERDI&#8217; 28"},"content":{"rendered":"<p><img decoding=\"async\" loading=\"lazy\" class=\"alignnone size-full wp-image-163367\" src=\"https:\/\/www.leccecronaca.it\/wordpress\/wp-content\/uploads\/2020\/02\/FOTO-ANTONIO-CHIRIATTI-.jpg\" alt=\"\" width=\"1230\" height=\"1600\" srcset=\"https:\/\/www.leccecronaca.it\/wordpress\/wp-content\/uploads\/2020\/02\/FOTO-ANTONIO-CHIRIATTI-.jpg 1230w, https:\/\/www.leccecronaca.it\/wordpress\/wp-content\/uploads\/2020\/02\/FOTO-ANTONIO-CHIRIATTI--231x300.jpg 231w, https:\/\/www.leccecronaca.it\/wordpress\/wp-content\/uploads\/2020\/02\/FOTO-ANTONIO-CHIRIATTI--787x1024.jpg 787w, https:\/\/www.leccecronaca.it\/wordpress\/wp-content\/uploads\/2020\/02\/FOTO-ANTONIO-CHIRIATTI--768x999.jpg 768w, https:\/\/www.leccecronaca.it\/wordpress\/wp-content\/uploads\/2020\/02\/FOTO-ANTONIO-CHIRIATTI--1181x1536.jpg 1181w\" sizes=\"(max-width: 1230px) 100vw, 1230px\" \/>di <strong>Carmen Leo<\/strong>______<\/p>\n<p><span style=\"color: #000080;\"><span style=\"color: #0000ff;\"><strong>\u201cLa nostra provincia, come tutto il Sud, ha bisogno di un forte senso di responsabilit\u00e0 da parte delle istituzioni, enti e associazioni, per incoraggiare e promuovere l\u2019interazione tra i giovani e le nostre realt\u00e0 territoriali, in un contesto moderno, al fine di\u00a0 abbattere la distanza e la sfiducia in un territorio che si presenta, invece, molto ricco di possibilit\u00e0. Accanto a queste, le opportunit\u00e0 che derivano da investimenti sul territorio stesso e sui nostri giovani, anche grazie a progetti di prossimit\u00e0, proprio come il Coffee Jobs Martano\u201d<\/strong><\/span><em>.<\/em><\/span> Questo quanto affermato da <strong><span style=\"color: #0000ff;\">Antonio Chiriatti<\/span> <\/strong>(nella foto sopra), 36 anni, di\u00a0 Martano, consulente finanziario per Poste Italiane, presidente dell\u2019<span style=\"color: #0000ff;\"><strong>Associazione <\/strong><\/span>culturale e sociale di promozione del territorio <strong><span style=\"color: #0000ff;\">L\u2019Orizzonte<\/span><\/strong>, la quale in collaborazione con\u00a0 Atena Formazione &amp; Sviluppo\u00a0 e \u00a0Salento Job, in seguito al grande successo ottenuto lo scorso novembre a Martano, presenter\u00e0 a <span style=\"color: #ff0000;\"><strong>Copertino<\/strong><\/span> la prima versione itinerante del <em><strong><span style=\"color: #ff0000;\">&#8220;Coffe Jobs \u2013 Giovani in Moviment_Azione\u201d<\/span><\/strong><\/em>, che si terr\u00e0 <span style=\"color: #ff0000;\"><strong>gioved\u00ec 27<\/strong><\/span> e <strong><span style=\"color: #ff0000;\">venerd\u00ec 28\u00a0 febbraio<\/span><\/strong> presso la sede di Salento Job, \u00a0alla\u00a0 via Magistrato C. Mariano n. 135\/a.<\/p>\n<p>Coffee Jobs \u2013 Giovani in Moviment_Azione \u00e8 un evento nato a Martano grazie proprio all\u2019 Associazione L\u2019ORIZZONTE e volto a promuovere e stimolare la riflessione e la condivisione su tematiche di sviluppo sociale e culturale in ambito imprenditoriale.<\/p>\n<p>Un progetto di prossimit\u00e0 che mira anche ad avvicinare il giovane al mondo del lavoro e alle dinamiche \u00a0dell&#8217;impresa, e \u00a0che intende, quindi, mettere in contatto, attraverso uno scambio reciproco di conoscenze, \u00a0le nostre eccellenze imprenditoriali con i candidati, diventando cosi\u0300 risorsa le une per\u00a0 gli altri.<\/p>\n<p>Nelle due giornate dedicate saranno presenti ospiti di rilievo, persone che hanno fatto della perseveranza e costanza la loro fonte di successo, come ad esempio ideatori di start up vincenti.<\/p>\n<p>Durante la prima giornata, gioved\u00ec 27 febbraio dalle ore 17.00 alle 20.00, si svolger\u00e0 un convegno in cui le aziende partecipanti affronteranno tematiche inerenti il mondo imprenditoriale.<\/p>\n<p>Si parler\u00e0 di blockchain \u00a0e sviluppo economico e sociale, con relatori esperti di settore, che esporranno le loro &#8220;case history&#8221; di successo. Sar\u00e0 presente, tra gli altri, lo stesso Antonio Chiriatti.<\/p>\n<p>&nbsp;<\/p>\n<p>La seconda giornata, venerd\u00ec 28 febbraio, dalle ore 16.00 alle 19.00, sar\u00e0 interamente dedicata alla formula del job meeting, con l&#8217;incontro tra imprese con posizioni professionali aperte e\/o che desiderino incontrare figure brillanti, che in un prossimo futuro possano diventare risorsa per l&#8217;azienda. In questa fase saranno protagoniste eccellenze imprenditoriali del nostro territorio in ricerca di figure professionali da inserire nel proprio organico.<\/p>\n<p><em><strong><span style=\"color: #003300;\">\u201cUn evento COMPLETAMENTE GRATUITO, \u00a0dedicato ad aziende a livello locale e provinciale, volto a generare nuove riflessioni e creare nuove connessioni tra imprese, enti, giovani e territorio, organizzato su due giornate, per farsi significativo trait d\u2019union tra mondo del lavoro e \u00a0giovani, tramite un progetto di positiva contaminazione tra persone, imprese e futuro, esplorando le potenzialit\u00e0 dei giovani lavoratori e della nostra terra. \u00c8 un vero onore per me e per Salento Job ospitare questo fantastica iniziativa. Mi auguro, pertanto, \u00a0che vi sia la massima partecipazione da parte delle nuove leve in cerca di occupazione\u201d.<\/span> <\/strong><\/em>Cos\u00ec in un\u2019intervista esclusiva a leccecronaca.it,<span style=\"color: #003300;\"><strong> Emanuele De Vito<\/strong> <\/span>(foto sotto), 23 anni, di Copertino, da qualche mese laureato in Economia e Finanza presso l&#8217;Universit\u00e0 del Salento,\u00a0 Digital Strategist, Social Media Manager, fondatore e presidente, da circa un anno,\u00a0 dell&#8217;associazione Salento Job con sede a Copertino, che offre servizi di marketing digitale studiati e adattati ad hoc alle esigenze di piccole e medie aziende locali, mirando giornalmente anche a favorire l&#8217;incontro tra domanda e offerta di lavoro tra queste ed i giovani talenti di terra salentina.<\/p>\n<p><img decoding=\"async\" loading=\"lazy\" class=\"alignnone size-full wp-image-163368\" src=\"https:\/\/www.leccecronaca.it\/wordpress\/wp-content\/uploads\/2020\/02\/FOTO-EMANUELE-DE-VITO.jpg\" alt=\"\" width=\"481\" height=\"481\" srcset=\"https:\/\/www.leccecronaca.it\/wordpress\/wp-content\/uploads\/2020\/02\/FOTO-EMANUELE-DE-VITO.jpg 481w, https:\/\/www.leccecronaca.it\/wordpress\/wp-content\/uploads\/2020\/02\/FOTO-EMANUELE-DE-VITO-300x300.jpg 300w, https:\/\/www.leccecronaca.it\/wordpress\/wp-content\/uploads\/2020\/02\/FOTO-EMANUELE-DE-VITO-150x150.jpg 150w, https:\/\/www.leccecronaca.it\/wordpress\/wp-content\/uploads\/2020\/02\/FOTO-EMANUELE-DE-VITO-60x60.jpg 60w\" sizes=\"(max-width: 481px) 100vw, 481px\" \/><\/p>\n<p>Sar\u00e0 lui stesso, in quanto \u201cpadrone di casa\u201d, ad aprire e chiudere i lavori della manifestazione. \u00a0Il suo un esempio lampante di come lo spirito di imprenditorialit\u00e0, che \u00e8 una tra le otto competenze chiave che oggi i programmi ministeriali di istruzione, in accordo con le disposizioni europee, \u00a0richiedono \u00a0agli studenti di acquisire al termine dei percorsi formativi, associato alla dedizione allo studio e all\u2019amore per la propria terra, possano dar vita a nuove professioni, che allargano gli orizzonti mentali ed i confini strettamente territoriali, per trasformare una grande passione in un lavoro entusiasmante, dinamico, diversificato e socialmente utile.<\/p>\n<p>&nbsp;<\/p>\n<p><img decoding=\"async\" loading=\"lazy\" class=\"alignnone size-full wp-image-163371\" src=\"https:\/\/www.leccecronaca.it\/wordpress\/wp-content\/uploads\/2020\/02\/locandina-coffee-jobs.jpg\" alt=\"\" width=\"640\" height=\"960\" srcset=\"https:\/\/www.leccecronaca.it\/wordpress\/wp-content\/uploads\/2020\/02\/locandina-coffee-jobs.jpg 640w, https:\/\/www.leccecronaca.it\/wordpress\/wp-content\/uploads\/2020\/02\/locandina-coffee-jobs-200x300.jpg 200w\" sizes=\"(max-width: 640px) 100vw, 640px\" \/><\/p>\n<fb:like href='https:\/\/www.leccecronaca.it\/index.php\/2020\/02\/20\/coffee-jobs-giovani-in-moviment_azione-due-giorni-di-incontri-per-favorire-lo-sviluppo-sociale-e-culturale-in-ambito-imprenditoriale-a-copertino-giovedi-27-e-venerdi-28\/' send='true' layout='button_count' show_faces='true' width='450' height='65' action='recommend' colorscheme='light' font='lucida grande'><\/fb:like><span class=\"fb_share\"><fb:like href=\"https:\/\/www.leccecronaca.it\/index.php\/2020\/02\/20\/coffee-jobs-giovani-in-moviment_azione-due-giorni-di-incontri-per-favorire-lo-sviluppo-sociale-e-culturale-in-ambito-imprenditoriale-a-copertino-giovedi-27-e-venerdi-28\/\" layout=\"button_count\"><\/fb:like><\/span>","protected":false},"excerpt":{"rendered":"<p>di Carmen Leo______ \u201cLa nostra provincia, come tutto il Sud, ha bisogno di un forte senso di responsabilit\u00e0 da parte delle istituzioni, enti e associazioni, per incoraggiare e promuovere l\u2019interazione tra i giovani e le nostre realt\u00e0 territoriali, in un contesto moderno, al fine di\u00a0 abbattere la distanza e la sfiducia in un territorio che [&hellip;]<\/p>\n","protected":false},"author":4,"featured_media":163367,"comment_status":"open","ping_status":"closed","sticky":false,"template":"","format":"standard","meta":[],"categories":[69,31,75],"tags":[],"_links":{"self":[{"href":"https:\/\/www.leccecronaca.it\/index.php\/wp-json\/wp\/v2\/posts\/163366"}],"collection":[{"href":"https:\/\/www.leccecronaca.it\/index.php\/wp-json\/wp\/v2\/posts"}],"about":[{"href":"https:\/\/www.leccecronaca.it\/index.php\/wp-json\/wp\/v2\/types\/post"}],"author":[{"embeddable":true,"href":"https:\/\/www.leccecronaca.it\/index.php\/wp-json\/wp\/v2\/users\/4"}],"replies":[{"embeddable":true,"href":"https:\/\/www.leccecronaca.it\/index.php\/wp-json\/wp\/v2\/comments?post=163366"}],"version-history":[{"count":4,"href":"https:\/\/www.leccecronaca.it\/index.php\/wp-json\/wp\/v2\/posts\/163366\/revisions"}],"predecessor-version":[{"id":163373,"href":"https:\/\/www.leccecronaca.it\/index.php\/wp-json\/wp\/v2\/posts\/163366\/revisions\/163373"}],"wp:featuredmedia":[{"embeddable":true,"href":"https:\/\/www.leccecronaca.it\/index.php\/wp-json\/wp\/v2\/media\/163367"}],"wp:attachment":[{"href":"https:\/\/www.leccecronaca.it\/index.php\/wp-json\/wp\/v2\/media?parent=163366"}],"wp:term":[{"taxonomy":"category","embeddable":true,"href":"https:\/\/www.leccecronaca.it\/index.php\/wp-json\/wp\/v2\/categories?post=163366"},{"taxonomy":"post_tag","embeddable":true,"href":"https:\/\/www.leccecronaca.it\/index.php\/wp-json\/wp\/v2\/tags?post=163366"}],"curies":[{"name":"wp","href":"https:\/\/api.w.org\/{rel}","templated":true}]}}