{"id":163430,"date":"2020-02-22T14:44:40","date_gmt":"2020-02-22T13:44:40","guid":{"rendered":"http:\/\/www.leccecronaca.it\/?p=163430"},"modified":"2020-02-22T14:44:40","modified_gmt":"2020-02-22T13:44:40","slug":"il-lecce-il-pre-partita-a-roma-si-scrive-la-storia","status":"publish","type":"post","link":"https:\/\/www.leccecronaca.it\/index.php\/2020\/02\/22\/il-lecce-il-pre-partita-a-roma-si-scrive-la-storia\/","title":{"rendered":"IL LECCE \/ IL PRE PARTITA \/ A ROMA SI SCRIVE LA STORIA"},"content":{"rendered":"<p><img decoding=\"async\" loading=\"lazy\" class=\"alignnone size-full wp-image-163432\" src=\"https:\/\/www.leccecronaca.it\/wordpress\/wp-content\/uploads\/2020\/02\/b1.jpg\" alt=\"\" width=\"696\" height=\"391\" srcset=\"https:\/\/www.leccecronaca.it\/wordpress\/wp-content\/uploads\/2020\/02\/b1.jpg 696w, https:\/\/www.leccecronaca.it\/wordpress\/wp-content\/uploads\/2020\/02\/b1-300x169.jpg 300w\" sizes=\"(max-width: 696px) 100vw, 696px\" \/>(Rdl)______<em><span style=\"color: #ff0000;\">&#8220;Andiamo a Roma\u00a0<\/span><\/em> (Stadio Olimpico, domenica 23 febbraio, fischio di inizio ore 18.00, ndr) <em><span style=\"color: #ff0000;\">con le nostre certezze, con la nostra umilt\u00e0, e con la nostra voglia di fare una partita gagliarda&#8221;<\/span>.<\/em> Per scrivere la storia, aggiungiamo noi, visto che il Lecce, reduce da tre vittorie di fila, record appunto storico eguagliato, quattro di fila non le ha mai vinte.<\/p>\n<p>&nbsp;<\/p>\n<p>Cos\u00ec pochi minuti fa, nella consueta conferenza stampa della vigilia, al Via del Mare, l&#8217;allenatore del Lecce <span style=\"color: #ff0000;\"><strong>Fabio Liverani<\/strong><\/span>, che, in sintesi, cos\u00ec si espresso rispondendo alle varie domande:<span style=\"color: #ff0000;\"> <strong><em>&#8220;Oramai sta diventando una costante la difficolt\u00e0 a livello numerico nel reparto avanzato. In attacco disponiamo del solo Lapadula, ma comunque in organico abbiamo giocatori con caratteristiche offensive. <\/em><\/strong><\/span><\/p>\n<p><span style=\"color: #ff0000;\"><strong><em>Dispiace per i ragazzi che sono infortunati e per tutti noi che dobbiamo fare a meno di loro. <\/em><\/strong><\/span><\/p>\n<p><span style=\"color: #ff0000;\"><strong><em>Domani con la Roma sar\u00e0 una gara sicuramente difficile e impegnativa, andiamo li con le nostre certezze e umilt\u00e0 per fare una partita gagliarda, di sostanza. Dovremo ripetere la prestazione di Napoli e di altre gare, difendendo quando ci sar\u00e0 da farlo e cercando di fare gioco quando possibile. Pensare ad una Roma stanca per l\u2019impegno europeo sarebbe il pi\u00f9 grave errore. <\/em><\/strong><\/span><\/p>\n<p><span style=\"color: #ff0000;\"><strong><em>I loro giocatori hanno grande qualit\u00e0 e sono abituati a disputare tre impegni in sette giorni\u201d.<\/em><\/strong><\/span><\/p>\n<p>&nbsp;<\/p>\n<p>La Roma, impegnata negli nella Coppa Europa League sia gioved\u00ec scorso, sia gioved\u00ec prossimo, in campionato \u00e8 reduce da tre sconfitte di fila, con relativa coda di polemiche.<\/p>\n<p>L&#8217;allenatore <span style=\"color: #ffcc00;\"><strong>Paulo Fonseca<\/strong> <\/span>(nella foto) non si scompone, e nella sua conferenza stampa, sempre di questo primo pomeriggio, nella capitale, si \u00e8 detto ottimista per il futuro della sua squadra: <em><strong><span style=\"color: #ffcc00;\">&#8220;Kolarov domani sar\u00e0 in campo, per la partita contro il Lecce le sue caratteristiche sono importanti.\u00a0Ha avuto qualche problema rispetto ai compagni, ma \u00e8 migliorato nell&#8217;ultima partita. <\/span><\/strong><\/em><\/p>\n<p><em><strong><span style=\"color: #ffcc00;\">Sono il primo a credere che sia possibile giocare la prossima Champions e devo essere il primo a trasmettere questa mia convinzione ai giocatori.\u00a0<\/span><\/strong><\/em><\/p>\n<p><em><strong><span style=\"color: #ffcc00;\">Mancini non ha giocato, ritorner\u00e0 in squadra quando io penser\u00f2 di averne bisogno.\u00a0<\/span><\/strong><\/em><\/p>\n<p><em><strong><span style=\"color: #ffcc00;\">La squadra di Liverani \u00e8 molto motivata, viene da tre vittorie consecutive. Gioca bene, gioca dal basso. Ha buoni giocatori, gli piace avere la palla. Stanno vivendo un grande momento. Sar\u00e0 una partita difficile. Per questo cambier\u00f2 alcuni giocatori. Come ho detto, non abbiamo molto tempo per recuperare ed \u00e8 normale che potremo cambiare qualcuno per essere pi\u00f9 freschi&#8221;.<\/span><\/strong><\/em><\/p>\n<p>&nbsp;<\/p>\n<fb:like href='https:\/\/www.leccecronaca.it\/index.php\/2020\/02\/22\/il-lecce-il-pre-partita-a-roma-si-scrive-la-storia\/' send='true' layout='button_count' show_faces='true' width='450' height='65' action='recommend' colorscheme='light' font='lucida grande'><\/fb:like><span class=\"fb_share\"><fb:like href=\"https:\/\/www.leccecronaca.it\/index.php\/2020\/02\/22\/il-lecce-il-pre-partita-a-roma-si-scrive-la-storia\/\" layout=\"button_count\"><\/fb:like><\/span>","protected":false},"excerpt":{"rendered":"<p>(Rdl)______&#8220;Andiamo a Roma\u00a0 (Stadio Olimpico, domenica 23 febbraio, fischio di inizio ore 18.00, ndr) con le nostre certezze, con la nostra umilt\u00e0, e con la nostra voglia di fare una partita gagliarda&#8221;. Per scrivere la storia, aggiungiamo noi, visto che il Lecce, reduce da tre vittorie di fila, record appunto storico eguagliato, quattro di fila [&hellip;]<\/p>\n","protected":false},"author":4,"featured_media":163432,"comment_status":"open","ping_status":"closed","sticky":false,"template":"","format":"standard","meta":[],"categories":[28],"tags":[],"_links":{"self":[{"href":"https:\/\/www.leccecronaca.it\/index.php\/wp-json\/wp\/v2\/posts\/163430"}],"collection":[{"href":"https:\/\/www.leccecronaca.it\/index.php\/wp-json\/wp\/v2\/posts"}],"about":[{"href":"https:\/\/www.leccecronaca.it\/index.php\/wp-json\/wp\/v2\/types\/post"}],"author":[{"embeddable":true,"href":"https:\/\/www.leccecronaca.it\/index.php\/wp-json\/wp\/v2\/users\/4"}],"replies":[{"embeddable":true,"href":"https:\/\/www.leccecronaca.it\/index.php\/wp-json\/wp\/v2\/comments?post=163430"}],"version-history":[{"count":1,"href":"https:\/\/www.leccecronaca.it\/index.php\/wp-json\/wp\/v2\/posts\/163430\/revisions"}],"predecessor-version":[{"id":163433,"href":"https:\/\/www.leccecronaca.it\/index.php\/wp-json\/wp\/v2\/posts\/163430\/revisions\/163433"}],"wp:featuredmedia":[{"embeddable":true,"href":"https:\/\/www.leccecronaca.it\/index.php\/wp-json\/wp\/v2\/media\/163432"}],"wp:attachment":[{"href":"https:\/\/www.leccecronaca.it\/index.php\/wp-json\/wp\/v2\/media?parent=163430"}],"wp:term":[{"taxonomy":"category","embeddable":true,"href":"https:\/\/www.leccecronaca.it\/index.php\/wp-json\/wp\/v2\/categories?post=163430"},{"taxonomy":"post_tag","embeddable":true,"href":"https:\/\/www.leccecronaca.it\/index.php\/wp-json\/wp\/v2\/tags?post=163430"}],"curies":[{"name":"wp","href":"https:\/\/api.w.org\/{rel}","templated":true}]}}