{"id":163559,"date":"2020-02-25T14:31:48","date_gmt":"2020-02-25T13:31:48","guid":{"rendered":"http:\/\/www.leccecronaca.it\/?p=163559"},"modified":"2020-02-25T16:59:19","modified_gmt":"2020-02-25T15:59:19","slug":"emergenza-coronavirus-aggiornamento-2","status":"publish","type":"post","link":"https:\/\/www.leccecronaca.it\/index.php\/2020\/02\/25\/emergenza-coronavirus-aggiornamento-2\/","title":{"rendered":"EMERGENZA #Coronavirus: AGGIORNAMENTO"},"content":{"rendered":"<p><img decoding=\"async\" loading=\"lazy\" class=\"alignnone size-full wp-image-163560\" src=\"https:\/\/www.leccecronaca.it\/wordpress\/wp-content\/uploads\/2020\/02\/st.jpg\" alt=\"\" width=\"2048\" height=\"1364\" srcset=\"https:\/\/www.leccecronaca.it\/wordpress\/wp-content\/uploads\/2020\/02\/st.jpg 2048w, https:\/\/www.leccecronaca.it\/wordpress\/wp-content\/uploads\/2020\/02\/st-300x200.jpg 300w, https:\/\/www.leccecronaca.it\/wordpress\/wp-content\/uploads\/2020\/02\/st-1024x682.jpg 1024w, https:\/\/www.leccecronaca.it\/wordpress\/wp-content\/uploads\/2020\/02\/st-768x512.jpg 768w, https:\/\/www.leccecronaca.it\/wordpress\/wp-content\/uploads\/2020\/02\/st-1536x1023.jpg 1536w\" sizes=\"(max-width: 2048px) 100vw, 2048px\" \/>(mav)______Questa mattina, presso la sede del Dipartimento della protezione Civile a Roma sono proseguiti i lavori del Comitato Operativo al fine di assicurare il coordinamento degli interventi delle componenti e delle strutture operative.<\/p>\n<p>Sono stati forniti i nuovi dati aggiornati: al momento risultano contagiate 283 persone alla stessa ora, ieri erano 229) in sette regioni e in una Provincia autonoma.<\/p>\n<p>I casi accertati di Coronavirus in Lombardia sono 212, 38 in Veneto, 23 in Emilia-Romagna, 3 in Piemonte, 3 nel Lazio, 2 in Toscana, una in Sicilia, una nella Provincia autonoma di Bolzano.<\/p>\n<p>I pazienti ricoverati con sintomi sono 109, 29 sono in terapia intensiva, mentre 137 si trovano in isolamento domiciliare.<\/p>\n<p>Una persona \u00e8 guarita, mentre 7 sono decedute, una in pi\u00f9 rispetto a ieri.<\/p>\n<p>&nbsp;<\/p>\n<p>Al termine del vertice tecnico, nel primo pomeriggio \u00e8 seguita, sempre\u00a0presso la \u00a0sede operativa della Protezione civile, una riunione con i\u00a0 Presidenti delle Regioni (collegati in video conferenza).<\/p>\n<p>Il presidente del Consiglio Giuseppe Conte l&#8217;ha cos\u00ec annunciata: <em>&#8220;Governo, Presidenti di regione e staff tecnico del Ministero della salute adesso in riunione congiunta per coordinare le azioni al fine di fronteggiare al meglio l\u2019emergenza Coronavirus. Uniamo gli sforzi e lavoriamo in squadra senza sosta per tutelare la salute dei nostri cittadini&#8221;.<\/em><\/p>\n<p>E ha poi aggiunto, a margine: <em>&#8220;Abbiamo concordato di fare un&#8217;ordinanza per uniformare i comportamenti in tutte quelle regioni che non fanno parte della zona focolaio. C&#8217;\u00e8 un clima di grande collaborazione. Dobbiamo proseguire con il coordinamento che \u00e8 il metodo pi\u00f9 efficace per evitare contagio&#8221;.<\/em><br \/>\n<em>\u00a0\u00a0\u00a0<\/em><\/p>\n<p>Al termine, ha tenuto una conferenza stampa:<em> &#8220;Nelle zone che non sono focolaio del virus non si giustifica la chiusura delle attivit\u00e0 scolastiche. L&#8217;Italia \u00e8 stata divisa in tre zone: quelle focolaio, dove valgono le misure restrittive varate, un secondo livello che si estende alle aree circostanti che presentano episodi da contagio indiretto e un terzo livello che riguarda il resto d&#8217;Italia. E qui sicuramente non ha ragione di esistere la sospensione si attivit\u00e0 scolastiche.<\/em><\/p>\n<p><em>L&#8217;Italia, grazie al suo sistema sanitario d&#8217;eccellenza e ad una politica sanitaria di massima tutela e rigore, pu\u00f2 mandare i suoi cittadini in giro tranquillamente, questo \u00e8 il messaggio che vogliamo mandare all&#8217;Unione Europea e al mondo.<\/em><\/p>\n<p><em>Sarebbe ingiusto che arrivassero limitazioni da parte di stati esteri. Non lo possiamo accettare. I nostro concittadini possono partire sicuri, per loro e per gli altri&#8221;<\/em>. _______<\/p>\n<p>LA RICERCA nel nostro articolo di ieri<\/p>\n<blockquote class=\"wp-embedded-content\" data-secret=\"EDE2TVcmv1\"><p><a href=\"https:\/\/www.leccecronaca.it\/index.php\/2020\/02\/24\/emergenza-coronavirus-aggiornamento\/\">EMERGENZA #Coronavirus: AGGIORNAMENTO<\/a><\/p><\/blockquote>\n<p><iframe class=\"wp-embedded-content\" sandbox=\"allow-scripts\" security=\"restricted\" style=\"position: absolute; clip: rect(1px, 1px, 1px, 1px);\" src=\"https:\/\/www.leccecronaca.it\/index.php\/2020\/02\/24\/emergenza-coronavirus-aggiornamento\/embed\/#?secret=EDE2TVcmv1\" data-secret=\"EDE2TVcmv1\" width=\"500\" height=\"282\" title=\"&#8220;EMERGENZA #Coronavirus: AGGIORNAMENTO&#8221; &#8212; LecceCronaca.it\" frameborder=\"0\" marginwidth=\"0\" marginheight=\"0\" scrolling=\"no\"><\/iframe><\/p>\n<fb:like href='https:\/\/www.leccecronaca.it\/index.php\/2020\/02\/25\/emergenza-coronavirus-aggiornamento-2\/' send='true' layout='button_count' show_faces='true' width='450' height='65' action='recommend' colorscheme='light' font='lucida grande'><\/fb:like><span class=\"fb_share\"><fb:like href=\"https:\/\/www.leccecronaca.it\/index.php\/2020\/02\/25\/emergenza-coronavirus-aggiornamento-2\/\" layout=\"button_count\"><\/fb:like><\/span>","protected":false},"excerpt":{"rendered":"<p>(mav)______Questa mattina, presso la sede del Dipartimento della protezione Civile a Roma sono proseguiti i lavori del Comitato Operativo al fine di assicurare il coordinamento degli interventi delle componenti e delle strutture operative. Sono stati forniti i nuovi dati aggiornati: al momento risultano contagiate 283 persone alla stessa ora, ieri erano 229) in sette regioni [&hellip;]<\/p>\n","protected":false},"author":4,"featured_media":163560,"comment_status":"open","ping_status":"closed","sticky":false,"template":"","format":"standard","meta":[],"categories":[69],"tags":[],"_links":{"self":[{"href":"https:\/\/www.leccecronaca.it\/index.php\/wp-json\/wp\/v2\/posts\/163559"}],"collection":[{"href":"https:\/\/www.leccecronaca.it\/index.php\/wp-json\/wp\/v2\/posts"}],"about":[{"href":"https:\/\/www.leccecronaca.it\/index.php\/wp-json\/wp\/v2\/types\/post"}],"author":[{"embeddable":true,"href":"https:\/\/www.leccecronaca.it\/index.php\/wp-json\/wp\/v2\/users\/4"}],"replies":[{"embeddable":true,"href":"https:\/\/www.leccecronaca.it\/index.php\/wp-json\/wp\/v2\/comments?post=163559"}],"version-history":[{"count":5,"href":"https:\/\/www.leccecronaca.it\/index.php\/wp-json\/wp\/v2\/posts\/163559\/revisions"}],"predecessor-version":[{"id":163565,"href":"https:\/\/www.leccecronaca.it\/index.php\/wp-json\/wp\/v2\/posts\/163559\/revisions\/163565"}],"wp:featuredmedia":[{"embeddable":true,"href":"https:\/\/www.leccecronaca.it\/index.php\/wp-json\/wp\/v2\/media\/163560"}],"wp:attachment":[{"href":"https:\/\/www.leccecronaca.it\/index.php\/wp-json\/wp\/v2\/media?parent=163559"}],"wp:term":[{"taxonomy":"category","embeddable":true,"href":"https:\/\/www.leccecronaca.it\/index.php\/wp-json\/wp\/v2\/categories?post=163559"},{"taxonomy":"post_tag","embeddable":true,"href":"https:\/\/www.leccecronaca.it\/index.php\/wp-json\/wp\/v2\/tags?post=163559"}],"curies":[{"name":"wp","href":"https:\/\/api.w.org\/{rel}","templated":true}]}}