{"id":163592,"date":"2020-02-27T00:02:31","date_gmt":"2020-02-26T23:02:31","guid":{"rendered":"http:\/\/www.leccecronaca.it\/?p=163592"},"modified":"2020-03-08T18:43:41","modified_gmt":"2020-03-08T17:43:41","slug":"esce-per-iqdb-blue-raccolta-di-poesie-di-attila-f-balazs","status":"publish","type":"post","link":"https:\/\/www.leccecronaca.it\/index.php\/2020\/02\/27\/esce-per-iqdb-blue-raccolta-di-poesie-di-attila-f-balazs\/","title":{"rendered":"ESCE PER iQdB \u201cBlue\u201d, POESIE DI ATTILA F. BALAZS"},"content":{"rendered":"<p><img decoding=\"async\" loading=\"lazy\" class=\"alignnone wp-image-163595\" src=\"https:\/\/www.leccecronaca.it\/wordpress\/wp-content\/uploads\/2020\/02\/download-2.jpg\" alt=\"\" width=\"400\" height=\"400\" srcset=\"https:\/\/www.leccecronaca.it\/wordpress\/wp-content\/uploads\/2020\/02\/download-2.jpg 225w, https:\/\/www.leccecronaca.it\/wordpress\/wp-content\/uploads\/2020\/02\/download-2-150x150.jpg 150w, https:\/\/www.leccecronaca.it\/wordpress\/wp-content\/uploads\/2020\/02\/download-2-60x60.jpg 60w\" sizes=\"(max-width: 400px) 100vw, 400px\" \/>di<strong> Raffaele Polo<\/strong>______<\/p>\n<p>Fresco di stampa, esce per i tipi de &#8216;I Quaderni del Bardo&#8217; di Stefano Donno la raccolta di poesie <strong><em>\u201cBlue\u201d<\/em><\/strong> di <strong>Attila F. Bal\u00e1zs\u00a0<\/strong>(nella foto), poeta di origine rumena che vive in Slovacchia e scrive in lingua ungherese.<\/p>\n<p>Come scrive nella introduzione Laura Garavaglia, che ha anche curato la traduzione dall&#8217;inglese <em>\u201c&#8230;partendo da questa mescolanza di culture appartenenti all\u2019est europeo si pu\u00f2 comprendere la variet\u00e0 di toni e di stili della sua poesia. I luoghi descritti trasmettono al lettore un senso di straniamento, una percezione del tempo che segue un ordine proprio all\u2019interiorit\u00e0 del poeta: (torno a me stesso\/il tempo merita interesse\/oltre la catarsi\/e l\u2019estasi). Questo probabilmente spiega anche il fatto che alcune poesie, sono la stessa versione modificata solo in alcuni versi, come se il poeta avesse sentito il bisogno di fissare nella parola l\u2019inarrestabile mutare delle cose, dei sentimenti, di noi stessi\u201d.<\/em><\/p>\n<p><img decoding=\"async\" loading=\"lazy\" class=\"alignnone size-full wp-image-163594\" src=\"https:\/\/www.leccecronaca.it\/wordpress\/wp-content\/uploads\/2020\/02\/Blue_Cover.jpg\" alt=\"\" width=\"2474\" height=\"2474\" srcset=\"https:\/\/www.leccecronaca.it\/wordpress\/wp-content\/uploads\/2020\/02\/Blue_Cover.jpg 2474w, https:\/\/www.leccecronaca.it\/wordpress\/wp-content\/uploads\/2020\/02\/Blue_Cover-300x300.jpg 300w, https:\/\/www.leccecronaca.it\/wordpress\/wp-content\/uploads\/2020\/02\/Blue_Cover-1024x1024.jpg 1024w, https:\/\/www.leccecronaca.it\/wordpress\/wp-content\/uploads\/2020\/02\/Blue_Cover-150x150.jpg 150w, https:\/\/www.leccecronaca.it\/wordpress\/wp-content\/uploads\/2020\/02\/Blue_Cover-768x768.jpg 768w, https:\/\/www.leccecronaca.it\/wordpress\/wp-content\/uploads\/2020\/02\/Blue_Cover-1536x1536.jpg 1536w, https:\/\/www.leccecronaca.it\/wordpress\/wp-content\/uploads\/2020\/02\/Blue_Cover-2048x2048.jpg 2048w, https:\/\/www.leccecronaca.it\/wordpress\/wp-content\/uploads\/2020\/02\/Blue_Cover-60x60.jpg 60w\" sizes=\"(max-width: 2474px) 100vw, 2474px\" \/><\/p>\n<p style=\"font-weight: 400;\"><a href=\"https:\/\/www.amazon.it\/Blue-Traduzione-dallinglese-Laura-Garavaglia\/dp\/B084QLSYZW\/ref=sr_1_3?__mk_it_IT=%C3%85M%C3%85%C5%BD%C3%95%C3%91&amp;keywords=i+quaderni+del+bardo+edizioni&amp;qid=1582037278&amp;s=books&amp;sr=1-3\">https:\/\/www.amazon.it\/Blue-Traduzione-dallinglese-Laura-Garavaglia\/dp\/B084QLSYZW\/ref=sr_1_3?__mk_it_IT=%C3%85M%C3%85%C5%BD%C3%95%C3%91&amp;keywords=i+quaderni+del+bardo+edizioni&amp;qid=1582037278&amp;s=books&amp;sr=1-3<\/a><\/p>\n<p>Attila F. Bal\u00e1zs \u00e8 nato in Transilvania il 15 gennaio 1954 e dal 1990 si \u00e8 trasferito in Slovacchia. \u00c8 direttore della casa editrice Mad\u00e1ch Publishing House e della casa editrice AB-ART Publishing House. Ha pubblicato trentadue volumi di poesia e di prosa, poi tradotti in venti lingue diverse in diciotto Paesi.<\/p>\n<p>&nbsp;<\/p>\n<fb:like href='https:\/\/www.leccecronaca.it\/index.php\/2020\/02\/27\/esce-per-iqdb-blue-raccolta-di-poesie-di-attila-f-balazs\/' send='true' layout='button_count' show_faces='true' width='450' height='65' action='recommend' colorscheme='light' font='lucida grande'><\/fb:like><span class=\"fb_share\"><fb:like href=\"https:\/\/www.leccecronaca.it\/index.php\/2020\/02\/27\/esce-per-iqdb-blue-raccolta-di-poesie-di-attila-f-balazs\/\" layout=\"button_count\"><\/fb:like><\/span>","protected":false},"excerpt":{"rendered":"<p>di Raffaele Polo______ Fresco di stampa, esce per i tipi de &#8216;I Quaderni del Bardo&#8217; di Stefano Donno la raccolta di poesie \u201cBlue\u201d di Attila F. Bal\u00e1zs\u00a0(nella foto), poeta di origine rumena che vive in Slovacchia e scrive in lingua ungherese. Come scrive nella introduzione Laura Garavaglia, che ha anche curato la traduzione dall&#8217;inglese \u201c&#8230;partendo [&hellip;]<\/p>\n","protected":false},"author":4,"featured_media":163595,"comment_status":"open","ping_status":"closed","sticky":false,"template":"","format":"standard","meta":[],"categories":[31,57],"tags":[],"_links":{"self":[{"href":"https:\/\/www.leccecronaca.it\/index.php\/wp-json\/wp\/v2\/posts\/163592"}],"collection":[{"href":"https:\/\/www.leccecronaca.it\/index.php\/wp-json\/wp\/v2\/posts"}],"about":[{"href":"https:\/\/www.leccecronaca.it\/index.php\/wp-json\/wp\/v2\/types\/post"}],"author":[{"embeddable":true,"href":"https:\/\/www.leccecronaca.it\/index.php\/wp-json\/wp\/v2\/users\/4"}],"replies":[{"embeddable":true,"href":"https:\/\/www.leccecronaca.it\/index.php\/wp-json\/wp\/v2\/comments?post=163592"}],"version-history":[{"count":2,"href":"https:\/\/www.leccecronaca.it\/index.php\/wp-json\/wp\/v2\/posts\/163592\/revisions"}],"predecessor-version":[{"id":163597,"href":"https:\/\/www.leccecronaca.it\/index.php\/wp-json\/wp\/v2\/posts\/163592\/revisions\/163597"}],"wp:featuredmedia":[{"embeddable":true,"href":"https:\/\/www.leccecronaca.it\/index.php\/wp-json\/wp\/v2\/media\/163595"}],"wp:attachment":[{"href":"https:\/\/www.leccecronaca.it\/index.php\/wp-json\/wp\/v2\/media?parent=163592"}],"wp:term":[{"taxonomy":"category","embeddable":true,"href":"https:\/\/www.leccecronaca.it\/index.php\/wp-json\/wp\/v2\/categories?post=163592"},{"taxonomy":"post_tag","embeddable":true,"href":"https:\/\/www.leccecronaca.it\/index.php\/wp-json\/wp\/v2\/tags?post=163592"}],"curies":[{"name":"wp","href":"https:\/\/api.w.org\/{rel}","templated":true}]}}