{"id":163692,"date":"2020-02-29T18:04:23","date_gmt":"2020-02-29T17:04:23","guid":{"rendered":"http:\/\/www.leccecronaca.it\/?p=163692"},"modified":"2020-02-29T18:04:46","modified_gmt":"2020-02-29T17:04:46","slug":"biodiversita-maestra-di-agricoltura","status":"publish","type":"post","link":"https:\/\/www.leccecronaca.it\/index.php\/2020\/02\/29\/biodiversita-maestra-di-agricoltura\/","title":{"rendered":"\u201cBiodiversit\u00e0 maestra di agricoltura\u201d"},"content":{"rendered":"<p><img decoding=\"async\" loading=\"lazy\" class=\"alignnone size-full wp-image-163693\" src=\"https:\/\/www.leccecronaca.it\/wordpress\/wp-content\/uploads\/2020\/02\/angelo-giordano-cece-liscio-di-cassano.jpg\" alt=\"\" width=\"910\" height=\"960\" srcset=\"https:\/\/www.leccecronaca.it\/wordpress\/wp-content\/uploads\/2020\/02\/angelo-giordano-cece-liscio-di-cassano.jpg 910w, https:\/\/www.leccecronaca.it\/wordpress\/wp-content\/uploads\/2020\/02\/angelo-giordano-cece-liscio-di-cassano-284x300.jpg 284w, https:\/\/www.leccecronaca.it\/wordpress\/wp-content\/uploads\/2020\/02\/angelo-giordano-cece-liscio-di-cassano-768x810.jpg 768w\" sizes=\"(max-width: 910px) 100vw, 910px\" \/>Riceviamo e volentieri pubblichiamo. La presidente dell&#8217;associazione Casa delle Agricolture Tullia e Gino, Tiziana Colluto, ci manda il seguente comunicato______:<\/p>\n<p>Si fa presto a dire \u201corto\u201d. Ma la scelta delle variet\u00e0 da seminare condiziona non solo l\u2019agricoltura bens\u00ec anche un pezzo di territorio, da continuare ad asservire o da liberare rispetto all\u2019oligopolio della grande industria sementiera. \u201c<strong>Biodiversit\u00e0 maestra di agricoltura<\/strong>\u201d indica la scelta per un\u2019agricoltura sana, naturale, a tutela del patrimonio agrario locale. La strada, dunque, per una nuova economia agricola che valorizzi l\u2019ambiente e il ruolo dei piccoli contadini.<\/p>\n<p>Sar\u00e0 l\u2019agronomo cegliese <strong>Angelo Giordano\u00a0<img decoding=\"async\" loading=\"lazy\" class=\"alignnone size-full wp-image-163693\" src=\"https:\/\/www.leccecronaca.it\/wordpress\/wp-content\/uploads\/2020\/02\/angelo-giordano-cece-liscio-di-cassano.jpg\" alt=\"\" width=\"910\" height=\"960\" srcset=\"https:\/\/www.leccecronaca.it\/wordpress\/wp-content\/uploads\/2020\/02\/angelo-giordano-cece-liscio-di-cassano.jpg 910w, https:\/\/www.leccecronaca.it\/wordpress\/wp-content\/uploads\/2020\/02\/angelo-giordano-cece-liscio-di-cassano-284x300.jpg 284w, https:\/\/www.leccecronaca.it\/wordpress\/wp-content\/uploads\/2020\/02\/angelo-giordano-cece-liscio-di-cassano-768x810.jpg 768w\" sizes=\"(max-width: 910px) 100vw, 910px\" \/><\/strong>(nella foto), tra i pi\u00f9 grandi coltivatori di biodiversit\u00e0 in Italia, a guidare il terzo dei laboratori &#8220;<em>Orti, panificazione e cucina etnobotanica<\/em>&#8221; di Scuola delle Agriculture 2020, organizzati da <strong>Casa delle Agriculture Tullia e Gino<\/strong> nell&#8217;ambito del progetto \u201c<strong>Il Vivaio dell&#8217;Inclusione<\/strong>\u201d, vincitore del bando Puglia Capitale Sociale 2.0.<\/p>\n<p>Si terr\u00e0 domenica <u>1 marzo, dalle 9 alle 13, a Castiglione d\u2019Otranto<\/u>, con una lezione e un laboratorio in campo.<\/p>\n<p>\u201c<em>Per chi coltiva naturale<\/em> \u2013 spiegano da Casa delle Agriculture \u2013 <em>\u00e8 difficile reperire informazioni, semi, piante, tecniche e strumenti, perch\u00e9 i canali di distribuzione sono quelli convenzionali, che propongono ibridi creati dalle grandi multinazionali, con conseguente necessit\u00e0 di utilizzo di concimi, fitofarmaci e diserbanti. Obiettivo del progetto Vivaio dell\u2019Inclusione, intitolato al sociologo <strong>Luigi Russo<\/strong>, \u00e8 promuovere un modello agricolo completamente differente da quello in atto che ha portato all&#8217;abbandono e all&#8217;avvelenamento progressivo delle nostre terre. A questo processo si affianca quello di natura sociale e territoriale, con il quale si sta stimolando l\u2019avvicinamento alla terra di target sociali ritenuti svantaggiati (come migranti e diversamente abili), grazie al supporto di esperti e della comunit\u00e0 di anziani locali\u201d<\/em>.<\/p>\n<p>Il progetto \u00e8 risultato vincitore del bando regionale sostenuto con il \u201cFondo per il finanziamento di progetti e attivit\u00e0 di interesse generale nel Terzo Settore (art. 73 D.Lgs n. 117\/2017)- Avviso 1-2018 PugliaCapitaleSociale 2.0\u201d. Casa delle Agriculture \u00e8 capofila di una rete che vede come partner l&#8217;associazione di anziani Auser Ponte Andrano-Castiglione e la collaborazione de L\u2019Adelfia, dei due Sprar \u201cIl Salento accoglie\u201d del Gus ad Andrano, del Parco regionale Otranto-Leuca, del Gal Porta a Levante, dell\u2019Unione dei Comuni Andrano-Diso-Spongano.<\/p>\n<p>&nbsp;<\/p>\n<p><strong>Lezione e laboratorio sul campo<\/strong><\/p>\n<p><strong>\u201cBiodiversit\u00e0 maestra di agricoltura\u201d <\/strong>\u00e8 il tema della giornata condotta da Angelo Giordano, contadino custode di Ceglie Messapica (Brindisi). L\u2019appuntamento \u00e8 alle 9 presso la scuola don Felice Pisan\u00f2 di via don Sturzo, a Castiglione d\u2019Otranto, con la lezione \u201c<strong><em>Semi del Futuro<\/em><\/strong>\u201d, sulla riproduzione delle variet\u00e0 locali e la valorizzazione della biodiversit\u00e0 agroalimentare. Dalle 11 alle 13, ci si sposter\u00e0 in zona Curteddhra, sede del Vivaio dell\u2019Inclusione, in via vecchia Lecce: ci si concentrer\u00e0 su \u201c<strong><em>Lo strano frutto: il pomodoro<\/em><\/strong>\u201d. Sul campo, si faranno conoscere sostenibilit\u00e0, adattamento nella scelta delle variet\u00e0 per l&#8217;orto estivo, tecniche di selezione e di riproduzione delle variet\u00e0 eco-tipo locali. I posti sono limitati ed \u00e8 richiesta la prenotazione scrivendo o chiamando al 335\/6487504.<br \/>\n<strong>Angelo Giordano, il contadino custode che valorizza la biodiversit\u00e0<\/strong><\/p>\n<p>Un professionista che si \u00e8 conquistato sul campo la sua reputazione. Angelo Giordano, agronomo e contadino, \u00e8 cofondatore di <strong>Ex Terra Srl &#8211; Societ\u00e0 Benefit<\/strong> che opera principalmente a Ceglie Messapica. Ha dato vita ad un orto-giardino, che \u00e8 anche laboratorio e punto di osservazione e studio degli ortaggi inusuali coltivati. Ex Terra sviluppa progetti di valorizzazione intorno alle antiche variet\u00e0 locali e all\u2019agricoltura naturale ma \u00e8 anche un acceleratore e collettore di attivit\u00e0 e relazioni. Un punto di riferimento per Casa delle Agriculture, che da anni porta avanti un piccolo vivaio della biodiversit\u00e0 per la riproduzione di semi scomparsi, quello che ora si \u00e8 trasformato in Vivaio dell\u2019Inclusione, che vedr\u00e0 presto al suo interno anche una \u201cbiblioteca dei semi\u201d, in fase di allestimento.<\/p>\n<p>&nbsp;<\/p>\n<p>&nbsp;<\/p>\n<p><strong>Info: <\/strong>Tiziana Colluto, 348\/5640772<\/p>\n<p>ass.casadelleagriculture@gmail.com<\/p>\n<p>&nbsp;<\/p>\n<fb:like href='https:\/\/www.leccecronaca.it\/index.php\/2020\/02\/29\/biodiversita-maestra-di-agricoltura\/' send='true' layout='button_count' show_faces='true' width='450' height='65' action='recommend' colorscheme='light' font='lucida grande'><\/fb:like><span class=\"fb_share\"><fb:like href=\"https:\/\/www.leccecronaca.it\/index.php\/2020\/02\/29\/biodiversita-maestra-di-agricoltura\/\" layout=\"button_count\"><\/fb:like><\/span>","protected":false},"excerpt":{"rendered":"<p>Riceviamo e volentieri pubblichiamo. La presidente dell&#8217;associazione Casa delle Agricolture Tullia e Gino, Tiziana Colluto, ci manda il seguente comunicato______: Si fa presto a dire \u201corto\u201d. Ma la scelta delle variet\u00e0 da seminare condiziona non solo l\u2019agricoltura bens\u00ec anche un pezzo di territorio, da continuare ad asservire o da liberare rispetto all\u2019oligopolio della grande industria [&hellip;]<\/p>\n","protected":false},"author":4,"featured_media":0,"comment_status":"open","ping_status":"closed","sticky":false,"template":"","format":"standard","meta":[],"categories":[75,36],"tags":[],"_links":{"self":[{"href":"https:\/\/www.leccecronaca.it\/index.php\/wp-json\/wp\/v2\/posts\/163692"}],"collection":[{"href":"https:\/\/www.leccecronaca.it\/index.php\/wp-json\/wp\/v2\/posts"}],"about":[{"href":"https:\/\/www.leccecronaca.it\/index.php\/wp-json\/wp\/v2\/types\/post"}],"author":[{"embeddable":true,"href":"https:\/\/www.leccecronaca.it\/index.php\/wp-json\/wp\/v2\/users\/4"}],"replies":[{"embeddable":true,"href":"https:\/\/www.leccecronaca.it\/index.php\/wp-json\/wp\/v2\/comments?post=163692"}],"version-history":[{"count":1,"href":"https:\/\/www.leccecronaca.it\/index.php\/wp-json\/wp\/v2\/posts\/163692\/revisions"}],"predecessor-version":[{"id":163694,"href":"https:\/\/www.leccecronaca.it\/index.php\/wp-json\/wp\/v2\/posts\/163692\/revisions\/163694"}],"wp:attachment":[{"href":"https:\/\/www.leccecronaca.it\/index.php\/wp-json\/wp\/v2\/media?parent=163692"}],"wp:term":[{"taxonomy":"category","embeddable":true,"href":"https:\/\/www.leccecronaca.it\/index.php\/wp-json\/wp\/v2\/categories?post=163692"},{"taxonomy":"post_tag","embeddable":true,"href":"https:\/\/www.leccecronaca.it\/index.php\/wp-json\/wp\/v2\/tags?post=163692"}],"curies":[{"name":"wp","href":"https:\/\/api.w.org\/{rel}","templated":true}]}}