{"id":163737,"date":"2020-03-02T17:45:55","date_gmt":"2020-03-02T16:45:55","guid":{"rendered":"http:\/\/www.leccecronaca.it\/?p=163737"},"modified":"2020-03-11T08:32:49","modified_gmt":"2020-03-11T07:32:49","slug":"il-salento-devastato-dalle-speculazioni-attuate-in-nome-della-frode-xylella-dopo-i-gasdotti-arrivano-quelli-del-fotovoltaico-la-denuncia-del-movimento-no-tap-della-provincia-di-brindisi-lappello","status":"publish","type":"post","link":"https:\/\/www.leccecronaca.it\/index.php\/2020\/03\/02\/il-salento-devastato-dalle-speculazioni-attuate-in-nome-della-frode-xylella-dopo-i-gasdotti-arrivano-quelli-del-fotovoltaico-la-denuncia-del-movimento-no-tap-della-provincia-di-brindisi-lappello\/","title":{"rendered":"IL SALENTO DEVASTATO DALLE SPECULAZIONI ATTUATE IN NOME DELLA FRODE XYLELLA"},"content":{"rendered":"<p>&nbsp;<\/p>\n<p><img decoding=\"async\" loading=\"lazy\" class=\"alignnone size-full wp-image-163738\" src=\"https:\/\/www.leccecronaca.it\/wordpress\/wp-content\/uploads\/2020\/03\/IMG_20200229_162350.jpg\" alt=\"\" width=\"800\" height=\"600\" srcset=\"https:\/\/www.leccecronaca.it\/wordpress\/wp-content\/uploads\/2020\/03\/IMG_20200229_162350.jpg 800w, https:\/\/www.leccecronaca.it\/wordpress\/wp-content\/uploads\/2020\/03\/IMG_20200229_162350-300x225.jpg 300w, https:\/\/www.leccecronaca.it\/wordpress\/wp-content\/uploads\/2020\/03\/IMG_20200229_162350-768x576.jpg 768w, https:\/\/www.leccecronaca.it\/wordpress\/wp-content\/uploads\/2020\/03\/IMG_20200229_162350-400x300.jpg 400w\" sizes=\"(max-width: 800px) 100vw, 800px\" \/><\/p>\n<p>DOPO I GASDOTTI, ARRIVANO QUELLI DEL FOTOVOLTAICO. LA DENUNCIA DEL MOVIMENTO NO TAP DELLA PROVINCIA DI BRINDISI. L&#8217;APPELLO ALLE AUTORITA&#8217; COMPETENTI, MA NESSUNO INTERVIENE<\/p>\n<p>(g.p.)______In un comunicato diffuso pochi minuti fa, insieme alle foto che qui riproduciamo, il Movimento No Tap della Provincia di Brindisi denuncia un&#8217;altra strage di ulivi secolari sul nostro territorio, in atto a Galesano, tra Mesagne e Torre Santa Susanna su un&#8217;area di quarantadue ettari con migliaia di alberi, la maggior parte secolari.<\/p>\n<p>Una localit\u00e0 ricca di storia, fra l&#8217;altro.<\/p>\n<p>E&#8217; nominata persino da \u00a0Francesco Petrarca\u00a0nei <em>Trionfi<\/em> al canto III ai versi 25-28. Luigi Scodati parla di monaci basiliani e all&#8217;inizio del XIII secolo, il casale ed il monastero con la chiesa esistevano ancora, e \u201ca Calisanu v&#8217;\u00e8 un antico e vasto oliveto, ed in mezzo ad esso, seminterrato, un vecchio trappeto\u201d. Nel\u00a01731\u00a0Pietro Vinaccia, agrimensore della Corona Napoletana, relaziona il Re <em>\u201cin detto oliveto vi sono alberi di olive 3.009, cio\u00e8 2.722 sono di buona qualit\u00e0, e 272 mezzi secchi, e secchi in tutto 15\u201d:<\/em> sono proprio questi gli ulivi che vengono abbattuti in questi giorni.<\/p>\n<p><img decoding=\"async\" loading=\"lazy\" class=\"alignnone wp-image-163739\" src=\"https:\/\/www.leccecronaca.it\/wordpress\/wp-content\/uploads\/2020\/03\/IMG_20200229_164323-1.jpg\" alt=\"\" width=\"800\" height=\"600\" srcset=\"https:\/\/www.leccecronaca.it\/wordpress\/wp-content\/uploads\/2020\/03\/IMG_20200229_164323-1.jpg 600w, https:\/\/www.leccecronaca.it\/wordpress\/wp-content\/uploads\/2020\/03\/IMG_20200229_164323-1-300x225.jpg 300w, https:\/\/www.leccecronaca.it\/wordpress\/wp-content\/uploads\/2020\/03\/IMG_20200229_164323-1-400x300.jpg 400w\" sizes=\"(max-width: 800px) 100vw, 800px\" \/><\/p>\n<p>Gli attivisti del Movimento hanno\u00a0sporto denuncia contro gli abbattimenti alla Sovraintendenza ai Beni Culturali di Brindisi, Lecce e Taranto\u00a0 e al Nucleo Operativo Ecologico dei Carabinieri.<\/p>\n<p>Ieri hanno segnalato l\u2019abuso al Corpo Forestale dei Carabinieri di Brindisi, che sono prontamente intervenuti per un controllo, ma gli abbattimenti sono continuati. Hanno anche segnalato il fatto ai Vigili Urbani e al Sindaco di Torre Santa Susanna.<\/p>\n<p><img decoding=\"async\" loading=\"lazy\" class=\"alignnone wp-image-163740\" src=\"https:\/\/www.leccecronaca.it\/wordpress\/wp-content\/uploads\/2020\/03\/IMG_20200229_163601.jpg\" alt=\"\" width=\"800\" height=\"600\" srcset=\"https:\/\/www.leccecronaca.it\/wordpress\/wp-content\/uploads\/2020\/03\/IMG_20200229_163601.jpg 600w, https:\/\/www.leccecronaca.it\/wordpress\/wp-content\/uploads\/2020\/03\/IMG_20200229_163601-300x225.jpg 300w, https:\/\/www.leccecronaca.it\/wordpress\/wp-content\/uploads\/2020\/03\/IMG_20200229_163601-400x300.jpg 400w\" sizes=\"(max-width: 800px) 100vw, 800px\" \/><\/p>\n<p>Cosa c&#8217;\u00e8 dietro tutto questo folle e criminale gesto?<\/p>\n<p>Il Movimento No Tap cos\u00ec si esprime al riguardo: <em>&#8220;A quanto pare il proprietario \u00e8 in possesso di autorizzazione della Regione Puglia, ma non sappiamo a che scopo e se \u00e8 stato specificato che si tratta di un uliveto storico e in zona a vincolo paesaggistico. Tra l\u2019altro, un lungo lato della zona \u00e8 proprio lungo la strada provinciale 69 Mesagne &#8211; Torre.<\/em><\/p>\n<p><em>Sembra che degli intermediari abbaino comprato negli ultimi mesi questi terreni per un progetto di parco megafotovoltaico e le recenti leggi prevedono che tali parchi non possono sorgere su terreni olivettati o condotti con alberature o vigneti, ma solo su terreni liberi o macchie.<\/em><\/p>\n<p><em>E rendere macchia i pi\u00f9 antichi uliveti di Torre Santa Susanna \u00e8 un consumo di suolo scandaloso e inaudito, per non parlare della perdit\u00e0 di paesaggio e storia dei luoghi.<\/em><\/p>\n<p><em>Da pi\u00f9 parti ci \u00e8 stato risposto che quella \u00e8 zona infetta, perci\u00f2 &#8216;si possono abbattere gli ulivi anche monumentali. E\u2019 la stessa nota fatta da SNAM per aver abbattuto oltre 5000 ulivi sul gasdotto TAP\/SNAM da Melendugno a Brindisi, dichiarando che &#8216;c\u2019\u00e8 l\u2019obbligo di abbattere gli ulivi in zona infetta da Xylella&#8217;\u2026 <\/em><\/p>\n<p><em>Allora dovremmo abbattere tutti gli ulivi da Ostuni in gi\u00f9&#8221;.<\/em><\/p>\n<p>Infine, nel comunicato, il Movimento No Tap della provincia di Brindisi rivolge un appello: <em>&#8220;Chiamiamo tutte le autorit\u00e0 interpellate e competenti a fermare questo ennesimo scempio sul nostro territorio con la scusa della Xylella e per interessi energetici e di investimento di aziende &#8216;forestiere&#8217;, con impatti negativi su paesaggio, clima, turismo e occupazione del nostro territorio&#8221;.<\/em><\/p>\n<p>&nbsp;<\/p>\n<p>&nbsp;<\/p>\n<fb:like href='https:\/\/www.leccecronaca.it\/index.php\/2020\/03\/02\/il-salento-devastato-dalle-speculazioni-attuate-in-nome-della-frode-xylella-dopo-i-gasdotti-arrivano-quelli-del-fotovoltaico-la-denuncia-del-movimento-no-tap-della-provincia-di-brindisi-lappello\/' send='true' layout='button_count' show_faces='true' width='450' height='65' action='recommend' colorscheme='light' font='lucida grande'><\/fb:like><span class=\"fb_share\"><fb:like href=\"https:\/\/www.leccecronaca.it\/index.php\/2020\/03\/02\/il-salento-devastato-dalle-speculazioni-attuate-in-nome-della-frode-xylella-dopo-i-gasdotti-arrivano-quelli-del-fotovoltaico-la-denuncia-del-movimento-no-tap-della-provincia-di-brindisi-lappello\/\" layout=\"button_count\"><\/fb:like><\/span>","protected":false},"excerpt":{"rendered":"<p>&nbsp; DOPO I GASDOTTI, ARRIVANO QUELLI DEL FOTOVOLTAICO. LA DENUNCIA DEL MOVIMENTO NO TAP DELLA PROVINCIA DI BRINDISI. L&#8217;APPELLO ALLE AUTORITA&#8217; COMPETENTI, MA NESSUNO INTERVIENE (g.p.)______In un comunicato diffuso pochi minuti fa, insieme alle foto che qui riproduciamo, il Movimento No Tap della Provincia di Brindisi denuncia un&#8217;altra strage di ulivi secolari sul nostro territorio, [&hellip;]<\/p>\n","protected":false},"author":4,"featured_media":163738,"comment_status":"open","ping_status":"closed","sticky":false,"template":"","format":"standard","meta":[],"categories":[69,76],"tags":[],"_links":{"self":[{"href":"https:\/\/www.leccecronaca.it\/index.php\/wp-json\/wp\/v2\/posts\/163737"}],"collection":[{"href":"https:\/\/www.leccecronaca.it\/index.php\/wp-json\/wp\/v2\/posts"}],"about":[{"href":"https:\/\/www.leccecronaca.it\/index.php\/wp-json\/wp\/v2\/types\/post"}],"author":[{"embeddable":true,"href":"https:\/\/www.leccecronaca.it\/index.php\/wp-json\/wp\/v2\/users\/4"}],"replies":[{"embeddable":true,"href":"https:\/\/www.leccecronaca.it\/index.php\/wp-json\/wp\/v2\/comments?post=163737"}],"version-history":[{"count":4,"href":"https:\/\/www.leccecronaca.it\/index.php\/wp-json\/wp\/v2\/posts\/163737\/revisions"}],"predecessor-version":[{"id":163826,"href":"https:\/\/www.leccecronaca.it\/index.php\/wp-json\/wp\/v2\/posts\/163737\/revisions\/163826"}],"wp:featuredmedia":[{"embeddable":true,"href":"https:\/\/www.leccecronaca.it\/index.php\/wp-json\/wp\/v2\/media\/163738"}],"wp:attachment":[{"href":"https:\/\/www.leccecronaca.it\/index.php\/wp-json\/wp\/v2\/media?parent=163737"}],"wp:term":[{"taxonomy":"category","embeddable":true,"href":"https:\/\/www.leccecronaca.it\/index.php\/wp-json\/wp\/v2\/categories?post=163737"},{"taxonomy":"post_tag","embeddable":true,"href":"https:\/\/www.leccecronaca.it\/index.php\/wp-json\/wp\/v2\/tags?post=163737"}],"curies":[{"name":"wp","href":"https:\/\/api.w.org\/{rel}","templated":true}]}}