{"id":163760,"date":"2020-03-03T12:49:46","date_gmt":"2020-03-03T11:49:46","guid":{"rendered":"http:\/\/www.leccecronaca.it\/?p=163760"},"modified":"2020-03-03T13:17:59","modified_gmt":"2020-03-03T12:17:59","slug":"il-calcio-paralizzato-si-interroga-su-che-fare-dopo-le-durissime-parole-del-presidente-dellinter-rivolte-al-presidente-della-lega-calcio-un-campionato-infettato-dalle-polemiche-magari-adesso-e","status":"publish","type":"post","link":"https:\/\/www.leccecronaca.it\/index.php\/2020\/03\/03\/il-calcio-paralizzato-si-interroga-su-che-fare-dopo-le-durissime-parole-del-presidente-dellinter-rivolte-al-presidente-della-lega-calcio-un-campionato-infettato-dalle-polemiche-magari-adesso-e\/","title":{"rendered":"IL CALCIO SOTTO CHOC SI INTERROGA SU CHE FARE, DOPO LE DURISSIME PAROLE DEL PRESIDENTE DELL&#8217;INTER STEVEN ZHANG  RIVOLTE AL PRESIDENTE DELLA LEGA CALCIO PAOLO DAL PINO. UN CAMPIONATO INFETTATO DALLE POLEMICHE. MAGARI ADESSO E&#8217; PROPRIO L&#8217;ORA DI CHIUDERE TUTTO"},"content":{"rendered":"<p><img decoding=\"async\" loading=\"lazy\" class=\"alignnone wp-image-163761\" src=\"https:\/\/www.leccecronaca.it\/wordpress\/wp-content\/uploads\/2020\/03\/1540555965-1052944548-0040-k7if-u30098985771137f.jpg\" alt=\"\" width=\"800\" height=\"450\" srcset=\"https:\/\/www.leccecronaca.it\/wordpress\/wp-content\/uploads\/2020\/03\/1540555965-1052944548-0040-k7if-u30098985771137f.jpg 620w, https:\/\/www.leccecronaca.it\/wordpress\/wp-content\/uploads\/2020\/03\/1540555965-1052944548-0040-k7if-u30098985771137f-300x169.jpg 300w\" sizes=\"(max-width: 800px) 100vw, 800px\" \/>(Rdl)______<span style=\"color: #ff0000;\"><em><strong>&#8220;Sei un pagliaccio, vergognati<\/strong><\/em><\/span>&#8220;. Durissimo &#8211; anzi, una roba del genere non si era mai vista n\u00e9 sentita, pur nell&#8217;agitatissimo mondo del calcio avvezzo alle polemiche &#8211; attacco del presidente dell&#8217;Inter\u00a0<strong>Steven Zhang<\/strong>\u00a0(nella foto) al presidente della Lega Calcio <strong>Paolo Dal Pino<\/strong>, nella notte, tramite social. La polemica riguarda la decisione del massimo organo calcistico della serie A del campionato di calcio di far giocare il recupero della partita Juventus-Inter luned\u00ec 9 a porte aperte.<\/p>\n<p>Si attendono ulteriori sviluppi.<\/p>\n<p>Pubblichiamo qui di seguito integralmente il testo del patron dell&#8217;Inter, perch\u00e9 come si evince chiaramente non si tratta di una polemica calcistica, ma che riguarda tutti e tutto.<\/p>\n<p><strong><span style=\"color: #ffcc00;\"><em>&#8220;<span style=\"color: #ff0000;\">Giocare con il calendario e mettere sempre la salute pubblica al secondo posto: sei probabilmente il pagliaccio pi\u00f9 grande che abbia mai visto. 24 ore? 48 ore? 7 giorni? Cos&#8217;altro? Quale sar\u00e0 la tua prossima mossa? <\/span><\/em><\/span><\/strong><\/p>\n<p><strong><em><span style=\"color: #ffcc00;\"><span style=\"color: #ff0000;\">Ora ci vieni a parlare di sportivit\u00e0 e di una competizione limpida. Come puoi farlo quando non proteggi i nostri calciatori e i nostri tecnici, chiedendo loro la disponibilit\u00e0 a giocare per te tutti i giorni, a tutte le ore? <\/span><\/span><\/em><\/strong><\/p>\n<p><strong><em><span style=\"color: #ffcc00;\"><span style=\"color: #ff0000;\">Sto parlando con te, Paolo Dal Pino, il nostro presidente di Lega. Vergognati. <\/span><\/span><\/em><\/strong><\/p>\n<p><strong><em><span style=\"color: #ffcc00;\"><span style=\"color: #ff0000;\">Devi alzarti e prenderti le tue responsabilit\u00e0, questo \u00e8 quello che si fa nel 2020. Ovunque nel mondo, e non conta che una persona tifi Juventus o Inter o che non tifi a prescindere, si mette la sicurezza al primo posto. E&#8217; la cosa pi\u00f9 importante per tutti: per la famiglia e per la societ\u00e0&#8221;.<\/span><\/span><\/em><\/strong><\/p>\n<p><img decoding=\"async\" loading=\"lazy\" class=\"alignnone size-full wp-image-163762\" src=\"https:\/\/www.leccecronaca.it\/wordpress\/wp-content\/uploads\/2020\/03\/ESJI-wRXYAIDNhC.jpg\" alt=\"\" width=\"675\" height=\"1200\" srcset=\"https:\/\/www.leccecronaca.it\/wordpress\/wp-content\/uploads\/2020\/03\/ESJI-wRXYAIDNhC.jpg 675w, https:\/\/www.leccecronaca.it\/wordpress\/wp-content\/uploads\/2020\/03\/ESJI-wRXYAIDNhC-169x300.jpg 169w, https:\/\/www.leccecronaca.it\/wordpress\/wp-content\/uploads\/2020\/03\/ESJI-wRXYAIDNhC-576x1024.jpg 576w\" sizes=\"(max-width: 675px) 100vw, 675px\" \/><\/p>\n<p><span style=\"color: #000000;\">La Procura Federale &#8211; organo di giustizia sportiva &#8211; ha gi\u00e0 aperto un&#8217;inchiesta.<\/span><\/p>\n<p>Dilagano intanto le polemiche su queste parole, variamente accolte e commentate, pi\u00f9 che altro per\u00f2 in chiave di tifo calcistico, purtroppo, anzich\u00e9 in termini sociali, come avrebbero meritato, visto che vengono da un uomo che si \u00e8 trovato ad affrontare l&#8217;emergenza in Cina (dove tutti gli stadi sono stati chiusi) al fianco delle autorit\u00e0 politiche.<\/p>\n<p>Non si capisce a questo punto come verr\u00e0 presa la decisione finale attesa nelle prossime ore sulla partita Juventus-Inter.<\/p>\n<p>Non si capisce come e quali decisioni possano essere prese su tutte le altre.<\/p>\n<p>Forse l&#8217;unica cosa sensata da fare a questo punto \u00e8 bloccare il campionato, del resto gi\u00e0 falsato, nella situazione attuale, e poi se ne riparler\u00e0 a Dio piacendo, sugli esiti.<\/p>\n<fb:like href='https:\/\/www.leccecronaca.it\/index.php\/2020\/03\/03\/il-calcio-paralizzato-si-interroga-su-che-fare-dopo-le-durissime-parole-del-presidente-dellinter-rivolte-al-presidente-della-lega-calcio-un-campionato-infettato-dalle-polemiche-magari-adesso-e\/' send='true' layout='button_count' show_faces='true' width='450' height='65' action='recommend' colorscheme='light' font='lucida grande'><\/fb:like><span class=\"fb_share\"><fb:like href=\"https:\/\/www.leccecronaca.it\/index.php\/2020\/03\/03\/il-calcio-paralizzato-si-interroga-su-che-fare-dopo-le-durissime-parole-del-presidente-dellinter-rivolte-al-presidente-della-lega-calcio-un-campionato-infettato-dalle-polemiche-magari-adesso-e\/\" layout=\"button_count\"><\/fb:like><\/span>","protected":false},"excerpt":{"rendered":"<p>(Rdl)______&#8220;Sei un pagliaccio, vergognati&#8220;. Durissimo &#8211; anzi, una roba del genere non si era mai vista n\u00e9 sentita, pur nell&#8217;agitatissimo mondo del calcio avvezzo alle polemiche &#8211; attacco del presidente dell&#8217;Inter\u00a0Steven Zhang\u00a0(nella foto) al presidente della Lega Calcio Paolo Dal Pino, nella notte, tramite social. La polemica riguarda la decisione del massimo organo calcistico della [&hellip;]<\/p>\n","protected":false},"author":4,"featured_media":163761,"comment_status":"open","ping_status":"closed","sticky":false,"template":"","format":"standard","meta":[],"categories":[28],"tags":[],"_links":{"self":[{"href":"https:\/\/www.leccecronaca.it\/index.php\/wp-json\/wp\/v2\/posts\/163760"}],"collection":[{"href":"https:\/\/www.leccecronaca.it\/index.php\/wp-json\/wp\/v2\/posts"}],"about":[{"href":"https:\/\/www.leccecronaca.it\/index.php\/wp-json\/wp\/v2\/types\/post"}],"author":[{"embeddable":true,"href":"https:\/\/www.leccecronaca.it\/index.php\/wp-json\/wp\/v2\/users\/4"}],"replies":[{"embeddable":true,"href":"https:\/\/www.leccecronaca.it\/index.php\/wp-json\/wp\/v2\/comments?post=163760"}],"version-history":[{"count":5,"href":"https:\/\/www.leccecronaca.it\/index.php\/wp-json\/wp\/v2\/posts\/163760\/revisions"}],"predecessor-version":[{"id":163767,"href":"https:\/\/www.leccecronaca.it\/index.php\/wp-json\/wp\/v2\/posts\/163760\/revisions\/163767"}],"wp:featuredmedia":[{"embeddable":true,"href":"https:\/\/www.leccecronaca.it\/index.php\/wp-json\/wp\/v2\/media\/163761"}],"wp:attachment":[{"href":"https:\/\/www.leccecronaca.it\/index.php\/wp-json\/wp\/v2\/media?parent=163760"}],"wp:term":[{"taxonomy":"category","embeddable":true,"href":"https:\/\/www.leccecronaca.it\/index.php\/wp-json\/wp\/v2\/categories?post=163760"},{"taxonomy":"post_tag","embeddable":true,"href":"https:\/\/www.leccecronaca.it\/index.php\/wp-json\/wp\/v2\/tags?post=163760"}],"curies":[{"name":"wp","href":"https:\/\/api.w.org\/{rel}","templated":true}]}}