{"id":163781,"date":"2020-03-04T11:49:27","date_gmt":"2020-03-04T10:49:27","guid":{"rendered":"http:\/\/www.leccecronaca.it\/?p=163781"},"modified":"2020-03-04T12:09:33","modified_gmt":"2020-03-04T11:09:33","slug":"accusa-di-furto-aggravato-per-un-giovane-di-surbo","status":"publish","type":"post","link":"https:\/\/www.leccecronaca.it\/index.php\/2020\/03\/04\/accusa-di-furto-aggravato-per-un-giovane-di-surbo\/","title":{"rendered":"GIOVANE DI SURBO ACCUSATO DI FURTO AGGRAVATO"},"content":{"rendered":"<p><img decoding=\"async\" loading=\"lazy\" class=\"alignnone size-full wp-image-163782\" src=\"https:\/\/www.leccecronaca.it\/wordpress\/wp-content\/uploads\/2020\/03\/115341547-931f0204-a065-4432-bfa7-309a9340164d.jpg\" alt=\"\" width=\"300\" height=\"300\" srcset=\"https:\/\/www.leccecronaca.it\/wordpress\/wp-content\/uploads\/2020\/03\/115341547-931f0204-a065-4432-bfa7-309a9340164d.jpg 300w, https:\/\/www.leccecronaca.it\/wordpress\/wp-content\/uploads\/2020\/03\/115341547-931f0204-a065-4432-bfa7-309a9340164d-150x150.jpg 150w, https:\/\/www.leccecronaca.it\/wordpress\/wp-content\/uploads\/2020\/03\/115341547-931f0204-a065-4432-bfa7-309a9340164d-60x60.jpg 60w\" sizes=\"(max-width: 300px) 100vw, 300px\" \/>(e.l.)______Nuova custodia cautelare per Gianluca Negro, detto Puntina, 35 anni, di Surbo. Il provvedimento, a seguito delle indagini coordinate dal pm Francesca Miglietta, \u00e8 stato notificato\u00a0 questa mattina dai Carabinieri. E&#8217; accusato di essere l&#8217;autore della rapina avvenuta il 23 febbraio 2019 in un bar del paese, che frutt\u00f2 12.000 euro, prelevati dalle slot machine del locale. A due presunti complici \u00e8 stato imposto l&#8217;obbligo di dimora. Gianluca Negro \u00e8 gi\u00e0 in carcere dalla scorsa settimana, coinvolto nell&#8217;ultima maxi operazione contro la Sacra Corona Unita.<\/p>\n<p>&nbsp;<\/p>\n<p>&nbsp;<\/p>\n<p>&nbsp;<\/p>\n<fb:like href='https:\/\/www.leccecronaca.it\/index.php\/2020\/03\/04\/accusa-di-furto-aggravato-per-un-giovane-di-surbo\/' send='true' layout='button_count' show_faces='true' width='450' height='65' action='recommend' colorscheme='light' font='lucida grande'><\/fb:like><span class=\"fb_share\"><fb:like href=\"https:\/\/www.leccecronaca.it\/index.php\/2020\/03\/04\/accusa-di-furto-aggravato-per-un-giovane-di-surbo\/\" layout=\"button_count\"><\/fb:like><\/span>","protected":false},"excerpt":{"rendered":"<p>(e.l.)______Nuova custodia cautelare per Gianluca Negro, detto Puntina, 35 anni, di Surbo. Il provvedimento, a seguito delle indagini coordinate dal pm Francesca Miglietta, \u00e8 stato notificato\u00a0 questa mattina dai Carabinieri. E&#8217; accusato di essere l&#8217;autore della rapina avvenuta il 23 febbraio 2019 in un bar del paese, che frutt\u00f2 12.000 euro, prelevati dalle slot machine [&hellip;]<\/p>\n","protected":false},"author":4,"featured_media":163782,"comment_status":"open","ping_status":"closed","sticky":false,"template":"","format":"standard","meta":[],"categories":[69],"tags":[],"_links":{"self":[{"href":"https:\/\/www.leccecronaca.it\/index.php\/wp-json\/wp\/v2\/posts\/163781"}],"collection":[{"href":"https:\/\/www.leccecronaca.it\/index.php\/wp-json\/wp\/v2\/posts"}],"about":[{"href":"https:\/\/www.leccecronaca.it\/index.php\/wp-json\/wp\/v2\/types\/post"}],"author":[{"embeddable":true,"href":"https:\/\/www.leccecronaca.it\/index.php\/wp-json\/wp\/v2\/users\/4"}],"replies":[{"embeddable":true,"href":"https:\/\/www.leccecronaca.it\/index.php\/wp-json\/wp\/v2\/comments?post=163781"}],"version-history":[{"count":4,"href":"https:\/\/www.leccecronaca.it\/index.php\/wp-json\/wp\/v2\/posts\/163781\/revisions"}],"predecessor-version":[{"id":163790,"href":"https:\/\/www.leccecronaca.it\/index.php\/wp-json\/wp\/v2\/posts\/163781\/revisions\/163790"}],"wp:featuredmedia":[{"embeddable":true,"href":"https:\/\/www.leccecronaca.it\/index.php\/wp-json\/wp\/v2\/media\/163782"}],"wp:attachment":[{"href":"https:\/\/www.leccecronaca.it\/index.php\/wp-json\/wp\/v2\/media?parent=163781"}],"wp:term":[{"taxonomy":"category","embeddable":true,"href":"https:\/\/www.leccecronaca.it\/index.php\/wp-json\/wp\/v2\/categories?post=163781"},{"taxonomy":"post_tag","embeddable":true,"href":"https:\/\/www.leccecronaca.it\/index.php\/wp-json\/wp\/v2\/tags?post=163781"}],"curies":[{"name":"wp","href":"https:\/\/api.w.org\/{rel}","templated":true}]}}