{"id":163903,"date":"2020-03-07T13:07:52","date_gmt":"2020-03-07T12:07:52","guid":{"rendered":"http:\/\/www.leccecronaca.it\/?p=163903"},"modified":"2020-03-07T13:09:17","modified_gmt":"2020-03-07T12:09:17","slug":"emergenza-coronavirus-lappello-del-sindaco-carlo-salvemini-ai-leccesi-siate-responsabili-e-collaborativi","status":"publish","type":"post","link":"https:\/\/www.leccecronaca.it\/index.php\/2020\/03\/07\/emergenza-coronavirus-lappello-del-sindaco-carlo-salvemini-ai-leccesi-siate-responsabili-e-collaborativi\/","title":{"rendered":"EMERGENZA #Coronavirus, L&#8217;APPELLO DEL SINDACO CARLO SALVEMINI AI LECCESI: &#8220;Siate responsabili&#8221;"},"content":{"rendered":"<p><img decoding=\"async\" loading=\"lazy\" class=\"alignnone wp-image-163904\" src=\"https:\/\/www.leccecronaca.it\/wordpress\/wp-content\/uploads\/2020\/03\/lecce_palazzo_carafa_1502704579178.jpg\" alt=\"\" width=\"800\" height=\"364\" srcset=\"https:\/\/www.leccecronaca.it\/wordpress\/wp-content\/uploads\/2020\/03\/lecce_palazzo_carafa_1502704579178.jpg 615w, https:\/\/www.leccecronaca.it\/wordpress\/wp-content\/uploads\/2020\/03\/lecce_palazzo_carafa_1502704579178-300x137.jpg 300w\" sizes=\"(max-width: 800px) 100vw, 800px\" \/>Riceviamo e qui di seguito pubblichiamo la dichiarazione del sindaco di Lecce\u00a0Carlo Salvemini,\u00a0 un appello alla responsabilit\u00e0 rivolto ai cittadini \u2013 in particolare a chi organizza iniziative, feste o raduni a qualunque titolo \u2013 in relazione ai corretti comportamenti da tenere in un momento di emergenza sanitaria.<\/p>\n<p>Il sindaco informa anche che gli agenti della Polizia Locale sono attivi per la verifica del rispetto delle misure igienico sanitarie prescritte dal DPCM 4 marzo 2020.<\/p>\n<p>\u201c<em>Ci giungono numerose segnalazioni di iniziative che &#8220;comportano affollamenti di persone in luoghi chiusi tali da non consentire il rispetto della distanza di sicurezza interpersonale di almeno un metro&#8221;; che &#8211; come noto &#8211; ai sensi dell&#8217;art. 1 del DPCM del 4 marzo sono sospese.<\/em><\/p>\n<p><em>In questi giorni stiamo promuovendo la diffusione delle informazioni sulle misure di prevenzione igienico sanitarie per contenere la diffusione del contagio. Esse &#8211; per essere efficaci &#8211; richiedono la responsabile collaborazione di tutti.<\/em><\/p>\n<p><em>Nel rinnovare quindi la raccomandazione ad osservare le indicazioni che ci vengono dal Governo Nazionale e dal Comitato tecnico\/scientifico, vi informo che i nostri agenti della Polizia Locale hanno il compito di sensibilizzare tutti al rispetto alle misure per il contrasto ed il contenimento del COVID-19 contenute nel DPCM.<\/em><\/p>\n<p><em>\u00c8 un&#8217;attivit\u00e0 che ha lo scopo di fare sentire ciascuno responsabile col proprio comportamento della salute di tutti. E che solo in casi estremi di irresponsabile indifferenza preveder\u00e0 l&#8217;applicazione dell&#8217;articolo 650 del codice penale, per mancato rispetto delle misure di contenimento previste nel decreto.<\/em><\/p>\n<p><em>Colgo questa occasione per rivolgermi agli studenti delle scuole superiori che hanno l&#8217;abitudine di festeggiare i &#8220;100 giorni&#8221; che mancano all&#8217;esame di maturit\u00e0. O che stanno organizzando &#8211; in queste giornate di sospensione dell&#8217;attivit\u00e0 didattica &#8211; affollati momenti conviviali di incontro. Data l&#8217;eccezionalit\u00e0 della situazione che stiamo vivendo vi esorto ad annullarle anche se previste in abitazioni private.<\/em><\/p>\n<p><em>Mi appello al vostro senso di responsabilit\u00e0 &#8211; e a quello dei vostri genitori &#8211; perch\u00e9 \u00e8 evidente che le forze di polizia non sono nelle condizioni di poter monitorare l&#8217;attuazione delle misure previste anche all&#8217;interno delle case di ciascuno. Grazie a tutti per la collaborazione. Andiamo avanti, uniti\u201d.<\/em><\/p>\n<p>&nbsp;<\/p>\n<fb:like href='https:\/\/www.leccecronaca.it\/index.php\/2020\/03\/07\/emergenza-coronavirus-lappello-del-sindaco-carlo-salvemini-ai-leccesi-siate-responsabili-e-collaborativi\/' send='true' layout='button_count' show_faces='true' width='450' height='65' action='recommend' colorscheme='light' font='lucida grande'><\/fb:like><span class=\"fb_share\"><fb:like href=\"https:\/\/www.leccecronaca.it\/index.php\/2020\/03\/07\/emergenza-coronavirus-lappello-del-sindaco-carlo-salvemini-ai-leccesi-siate-responsabili-e-collaborativi\/\" layout=\"button_count\"><\/fb:like><\/span>","protected":false},"excerpt":{"rendered":"<p>Riceviamo e qui di seguito pubblichiamo la dichiarazione del sindaco di Lecce\u00a0Carlo Salvemini,\u00a0 un appello alla responsabilit\u00e0 rivolto ai cittadini \u2013 in particolare a chi organizza iniziative, feste o raduni a qualunque titolo \u2013 in relazione ai corretti comportamenti da tenere in un momento di emergenza sanitaria. Il sindaco informa anche che gli agenti della [&hellip;]<\/p>\n","protected":false},"author":4,"featured_media":163904,"comment_status":"open","ping_status":"closed","sticky":false,"template":"","format":"standard","meta":[],"categories":[69],"tags":[],"_links":{"self":[{"href":"https:\/\/www.leccecronaca.it\/index.php\/wp-json\/wp\/v2\/posts\/163903"}],"collection":[{"href":"https:\/\/www.leccecronaca.it\/index.php\/wp-json\/wp\/v2\/posts"}],"about":[{"href":"https:\/\/www.leccecronaca.it\/index.php\/wp-json\/wp\/v2\/types\/post"}],"author":[{"embeddable":true,"href":"https:\/\/www.leccecronaca.it\/index.php\/wp-json\/wp\/v2\/users\/4"}],"replies":[{"embeddable":true,"href":"https:\/\/www.leccecronaca.it\/index.php\/wp-json\/wp\/v2\/comments?post=163903"}],"version-history":[{"count":2,"href":"https:\/\/www.leccecronaca.it\/index.php\/wp-json\/wp\/v2\/posts\/163903\/revisions"}],"predecessor-version":[{"id":163906,"href":"https:\/\/www.leccecronaca.it\/index.php\/wp-json\/wp\/v2\/posts\/163903\/revisions\/163906"}],"wp:featuredmedia":[{"embeddable":true,"href":"https:\/\/www.leccecronaca.it\/index.php\/wp-json\/wp\/v2\/media\/163904"}],"wp:attachment":[{"href":"https:\/\/www.leccecronaca.it\/index.php\/wp-json\/wp\/v2\/media?parent=163903"}],"wp:term":[{"taxonomy":"category","embeddable":true,"href":"https:\/\/www.leccecronaca.it\/index.php\/wp-json\/wp\/v2\/categories?post=163903"},{"taxonomy":"post_tag","embeddable":true,"href":"https:\/\/www.leccecronaca.it\/index.php\/wp-json\/wp\/v2\/tags?post=163903"}],"curies":[{"name":"wp","href":"https:\/\/api.w.org\/{rel}","templated":true}]}}