{"id":164178,"date":"2020-03-14T10:23:24","date_gmt":"2020-03-14T09:23:24","guid":{"rendered":"http:\/\/www.leccecronaca.it\/?p=164178"},"modified":"2020-03-14T15:00:48","modified_gmt":"2020-03-14T14:00:48","slug":"leccecronache-buttati-davanti-alla-tv","status":"publish","type":"post","link":"https:\/\/www.leccecronaca.it\/index.php\/2020\/03\/14\/leccecronache-buttati-davanti-alla-tv\/","title":{"rendered":"LECCECRONACHE \/ &#8216;BUTTATI&#8217; DAVANTI ALLA TV"},"content":{"rendered":"<p><img decoding=\"async\" loading=\"lazy\" class=\"alignnone size-full wp-image-164179\" src=\"https:\/\/www.leccecronaca.it\/wordpress\/wp-content\/uploads\/2020\/03\/MA.jpg\" alt=\"\" width=\"687\" height=\"900\" srcset=\"https:\/\/www.leccecronaca.it\/wordpress\/wp-content\/uploads\/2020\/03\/MA.jpg 687w, https:\/\/www.leccecronaca.it\/wordpress\/wp-content\/uploads\/2020\/03\/MA-229x300.jpg 229w\" sizes=\"(max-width: 687px) 100vw, 687px\" \/>di <strong>Raffaele Polo<\/strong>______<\/p>\n<p>Sia ben chiaro: non \u00e8 che la forzata permanenza a casa mi costringe a tenere una rubrica nella quale stigmatizzare e registrare il comportamento umano nei tempi del Coronavirus.<\/p>\n<p>Ci mancherebbe.<\/p>\n<p>Per\u00f2 credo sia piacevole, soprattutto per chi non \u00e8 pi\u00f9 in verdissima et\u00e0, leggere e condividere un po&#8217; di pensieri dedicati al nostro Salento, inteso come modo di pensare che vi esemplifico in due momenti brevissimi:\u00a0\u00a0 sei salentino se, quando ti chiedono di dove sei, rispondi subito: di Lecce! Ma poi l&#8217;interlocutore ti guarda e ti chiede: di Lecce Lecce?\u00a0 E allora sei costretto a dire che sei di Presicce, oppure di Surbo, ti senti un po&#8217; a disagio ma orgoglioso nel contempo perch\u00e9 nomini il tuo paese. (Questo \u00e8 il primo esempio)<\/p>\n<p>&nbsp;<\/p>\n<p>E poi, sei salentino quando &#8216;quelli&#8217; del Nord ti dicono: Ah, che belle le Puglie!\u00a0 E tu, subito, a raddrizzare, bonariamente: veramente, la dizione esatta sarebbe la Puglia. Ma no, non siamo pugliesi, noi. Siamo salentini. (E questo \u00e8 il secondo esempio)<\/p>\n<p>&nbsp;<\/p>\n<p>Quello che mi spinge a scrivere questa che sar\u00e0, mi auguro, un appuntamento quasi quotidiano, \u00e8 l&#8217;esperienza positiva che mi hanno lasciato i vari Giorgio Scerbanenco, Giovanni Mosca, Brunella Gasperini, che rispondevano, negli anni pi\u00f9 belli del secolo scorso, alle rubriche sui giornali. E, rileggendo i quesiti che soprattutto le ragazze e le donne sottoponevano ai suddetti, si capiva subito perch\u00e9 ho definito quegli anni &#8216;pi\u00f9 belli&#8217;.<\/p>\n<p>Una giovinetta chiede se con un bacio sulla bocca si pu\u00f2 rimanere incinte, un&#8217;altra non sa decidersi tra un uomo ricco ma anziano e uno giovane ma povero, un ragazzo \u00e8 timido e non sa come comportarsi con l&#8217;altro sesso, una ragazza trema e si fa rossa se qualcuno la guarda&#8230;<\/p>\n<p>Vedete, quelli erano i problemi di quando anche noi avevamo da porre simili domande (oddio, quella del bacio sulla bocca proprio no&#8230;) e quelli erano i vecchi settimanali che raccoglievano storie e novelle legate all&#8217;amore, al sentimento, ai casi della vita&#8230;<\/p>\n<p>Non ci sono pi\u00f9, peccato.<\/p>\n<p>Ma c&#8217;\u00e8 chi ancora si commuove a vedere i film in bianco e nero e a notare come fossero avvenenti le attrici di un tempo, a cominciare da Ingrid Bergman per poi finire in Italia con Dorian Gray o Isa Barzizza, con Marisa Allasio e le sue compagne di scena.<\/p>\n<p>Allora, ecco un piccolo aspetto positivo della forzata permanenza a casa per il Coronavirus: che nessuno pu\u00f2 rimproverarvi se state &#8216;buttati&#8217; davanti alla tv, a rinverdire queste immagini cos\u00ec significative per noi che, allora, eravamo poco pi\u00f9 che bambini.<\/p>\n<p>Va bene, ho finito il primo intervento, ringrazio tutti quelli che lo leggeranno e do loro appuntamento a domani: sar\u00e0 una strana domenica, senza messa, senza partita, senza visite ad amici e parenti&#8230;..<\/p>\n<fb:like href='https:\/\/www.leccecronaca.it\/index.php\/2020\/03\/14\/leccecronache-buttati-davanti-alla-tv\/' send='true' layout='button_count' show_faces='true' width='450' height='65' action='recommend' colorscheme='light' font='lucida grande'><\/fb:like><span class=\"fb_share\"><fb:like href=\"https:\/\/www.leccecronaca.it\/index.php\/2020\/03\/14\/leccecronache-buttati-davanti-alla-tv\/\" layout=\"button_count\"><\/fb:like><\/span>","protected":false},"excerpt":{"rendered":"<p>di Raffaele Polo______ Sia ben chiaro: non \u00e8 che la forzata permanenza a casa mi costringe a tenere una rubrica nella quale stigmatizzare e registrare il comportamento umano nei tempi del Coronavirus. Ci mancherebbe. Per\u00f2 credo sia piacevole, soprattutto per chi non \u00e8 pi\u00f9 in verdissima et\u00e0, leggere e condividere un po&#8217; di pensieri dedicati [&hellip;]<\/p>\n","protected":false},"author":4,"featured_media":164179,"comment_status":"open","ping_status":"closed","sticky":false,"template":"","format":"standard","meta":[],"categories":[69,31],"tags":[],"_links":{"self":[{"href":"https:\/\/www.leccecronaca.it\/index.php\/wp-json\/wp\/v2\/posts\/164178"}],"collection":[{"href":"https:\/\/www.leccecronaca.it\/index.php\/wp-json\/wp\/v2\/posts"}],"about":[{"href":"https:\/\/www.leccecronaca.it\/index.php\/wp-json\/wp\/v2\/types\/post"}],"author":[{"embeddable":true,"href":"https:\/\/www.leccecronaca.it\/index.php\/wp-json\/wp\/v2\/users\/4"}],"replies":[{"embeddable":true,"href":"https:\/\/www.leccecronaca.it\/index.php\/wp-json\/wp\/v2\/comments?post=164178"}],"version-history":[{"count":1,"href":"https:\/\/www.leccecronaca.it\/index.php\/wp-json\/wp\/v2\/posts\/164178\/revisions"}],"predecessor-version":[{"id":164180,"href":"https:\/\/www.leccecronaca.it\/index.php\/wp-json\/wp\/v2\/posts\/164178\/revisions\/164180"}],"wp:featuredmedia":[{"embeddable":true,"href":"https:\/\/www.leccecronaca.it\/index.php\/wp-json\/wp\/v2\/media\/164179"}],"wp:attachment":[{"href":"https:\/\/www.leccecronaca.it\/index.php\/wp-json\/wp\/v2\/media?parent=164178"}],"wp:term":[{"taxonomy":"category","embeddable":true,"href":"https:\/\/www.leccecronaca.it\/index.php\/wp-json\/wp\/v2\/categories?post=164178"},{"taxonomy":"post_tag","embeddable":true,"href":"https:\/\/www.leccecronaca.it\/index.php\/wp-json\/wp\/v2\/tags?post=164178"}],"curies":[{"name":"wp","href":"https:\/\/api.w.org\/{rel}","templated":true}]}}