{"id":164190,"date":"2020-03-14T18:54:47","date_gmt":"2020-03-14T17:54:47","guid":{"rendered":"http:\/\/www.leccecronaca.it\/?p=164190"},"modified":"2020-03-15T11:29:35","modified_gmt":"2020-03-15T10:29:35","slug":"borelli-in-conferenza-stampa-dalla-sede-della-protezione-civile-per-gli-ultimi-aggiornamenti","status":"publish","type":"post","link":"https:\/\/www.leccecronaca.it\/index.php\/2020\/03\/14\/borelli-in-conferenza-stampa-dalla-sede-della-protezione-civile-per-gli-ultimi-aggiornamenti\/","title":{"rendered":"BORRELLI IN CONFERENZA STAMPA DALLA SEDE DELLA PROTEZIONE CIVILE PER GLI ULTIMI AGGIORNAMENTI"},"content":{"rendered":"<div id=\"corpo\">\n<div id=\"main-content\" class=\"layoutDPC3Colonna\" role=\"main\">\n<div class=\"portlet-layout row-fluid\">\n<div class=\"portlet-column portlet-column-last span10\">\n<div class=\"portlet-layout row-fluid\">\n<div id=\"column-2\" class=\"portlet-column portlet-column-first span9\">\n<div id=\"p_p_id_101_INSTANCE_default_\" class=\"portlet-boundary portlet-boundary_101_ portlet-static portlet-static-end portlet-borderless portlet-asset-publisher \">\n<div class=\"portlet-borderless-container\">\n<div class=\"portlet-body\">\n<div class=\"asset-full-content no-title\">\n<div id=\"_101_INSTANCE_default_1229754\" class=\"asset-content\">\n<div class=\"journal-content-article\">\n<div class=\"main-content-text\">\n<div class=\"top-content leg-content\">\n<p><img decoding=\"async\" loading=\"lazy\" class=\"alignnone size-full wp-image-164191\" src=\"https:\/\/www.leccecronaca.it\/wordpress\/wp-content\/uploads\/2020\/03\/IMG_20200314_184628.jpg\" alt=\"\" width=\"1080\" height=\"569\" srcset=\"https:\/\/www.leccecronaca.it\/wordpress\/wp-content\/uploads\/2020\/03\/IMG_20200314_184628.jpg 1080w, https:\/\/www.leccecronaca.it\/wordpress\/wp-content\/uploads\/2020\/03\/IMG_20200314_184628-300x158.jpg 300w, https:\/\/www.leccecronaca.it\/wordpress\/wp-content\/uploads\/2020\/03\/IMG_20200314_184628-1024x539.jpg 1024w, https:\/\/www.leccecronaca.it\/wordpress\/wp-content\/uploads\/2020\/03\/IMG_20200314_184628-768x405.jpg 768w\" sizes=\"(max-width: 1080px) 100vw, 1080px\" \/><\/p>\n<p>di<strong> Maria Antonietta Vacca<\/strong>_______Emergenza Coronavitus. Appena terminata la conferenza Stampa dalla sede della protezione civile.<\/p>\n<p>Questi i dati pi\u00f9 importanti: casi totali 21157. I tamponi effettuati sono 109.170. I guariti sono 1966, 527 pi\u00f9 di ieri.<\/p>\n<p>Positivi 17750, morti 1441. Sono invece 190 i nuovi ricoveri in terapia intensiva. Circa 2700 positivi in pi\u00f9 rispetto a ieri, ma pi\u00f9 guariti e meno morti.<\/p>\n<p>Altre notizie da riportare nella giornata di oggi sono le seguenti.<\/p>\n<p>Morto a Bergamo un operatore sanitario.<\/p>\n<p>Rinviato il giro d&#8217;Italia, il 3 aprile saranno annunciate le nuove date.<\/p>\n<p>Firmato accordo tra governo e parti sociali.<\/p>\n<p>Si \u00e8 sempre\u00a0 in attesa del gi\u00e0 annunciato, ma ancora non ultimato, nuovo decreto governativo\u00a0 con le misure economiche a favore di cittadini, lavoratori, famiglie e imprese.<\/p>\n<\/div>\n<p>&nbsp;<\/p>\n<div class=\"top-content leg-content\">\n<p>Inoltre durante la conferenza stampa Angelo Borrelli si \u00e8 soffermato per chiarire una polemica apparsa in questi giorni sui media.<\/p>\n<p>&#8220;<em>Basta polemiche, lavoriamo tutti insieme<\/em>&#8220;, questo l&#8217;appello del commissario durante la conferenza stampa:<\/p>\n<div class=\"top-content-back\">\n<div class=\"top-content-body\">\n<p>&#8220;<em>In merito alla notizia apparsa su media locali e nazionali che vorrebbe 500.000 mascherine, acquistate grazie ad una raccolta fondi della Fondazione comunit\u00e0 bresciana, destinate agli ospedali del capoluogo lombardo ma bloccate da una disposizione di questo Dipartimento, si precisa che la notizia \u00e8 destituita di ogni fondamento.<\/em><\/p>\n<p><em>La Fondazione ha contattato, nel pomeriggio del 13 marzo, l\u2019azienda Medimberg comunicando di essere interessata ad una fornitura di mezzo milione di mascherine, proponendo l\u2019acquisto ad un prezzo particolarmente vantaggioso per il produttore. Ciononostante, con grande senso di responsabilit\u00e0, l\u2019azienda ha rigettato l\u2019offerta sostenendo, a ragione, che l\u2019accoglimento di tale proposta commerciale avrebbe sguarnito tutti gli altri nosocomi nazionali a vantaggio di uno solo.<\/em><\/p>\n<p><em>Non c\u2019\u00e8, dunque, nessun ordine bloccato da Roma, non ci sono mascherine ferme in attesa di decisioni del Commissario Borrelli. Da oltre un mese il Dipartimento della Protezione Civile, \u00e8 impegnato per reperire sul mercato il maggior numero possibile di Dispositivi di Protezione Individuale. La centralizzazione degli acquisti serve a rifornire, proporzionalmente in relazione alla diffusione del virus, tutte le strutture ospedaliere del nostro territorio dei dispositivi necessari al funzionamento delle stesse.<\/em><\/p>\n<p><em>Quella che stiamo fronteggiando \u00e8 un\u2019emergenza sanitaria che interessa tutto il Paese e nessuna regione verr\u00e0 lasciata sola.<\/em><\/p>\n<p><em>Questa dura battaglia si vince grazie alla collaborazione di tutti: amministratori, enti, istituzioni, societ\u00e0 civile e operatori dell\u2019informazione. A tutti viene chiesto di rinunciare ad ogni strumentalizzazione, ad ogni polemica e ad ogni forma di protagonismo<\/em>&#8220;.______<\/p>\n<p>LA RICERCA negli altri due nostri articoli di oggi<\/p>\n<blockquote class=\"wp-embedded-content\" data-secret=\"Rd5cS5aX1V\"><p><a href=\"https:\/\/www.leccecronaca.it\/index.php\/2020\/03\/14\/migliaia-di-rientri-in-puglia-dal-nord-italia-in-pochi-giorni-ce-preoccupazione-ed-e-polemica\/\">MIGLIAIA DI RIENTRI IN PUGLIA DAL NORD ITALIA IN POCHI GIORNI, C&#8217;E&#8217;  PREOCCUPAZIONE, ED E&#8217; POLEMICA<\/a><\/p><\/blockquote>\n<p><iframe class=\"wp-embedded-content\" sandbox=\"allow-scripts\" security=\"restricted\" style=\"position: absolute; clip: rect(1px, 1px, 1px, 1px);\" src=\"https:\/\/www.leccecronaca.it\/index.php\/2020\/03\/14\/migliaia-di-rientri-in-puglia-dal-nord-italia-in-pochi-giorni-ce-preoccupazione-ed-e-polemica\/embed\/#?secret=Rd5cS5aX1V\" data-secret=\"Rd5cS5aX1V\" width=\"500\" height=\"282\" title=\"&#8220;MIGLIAIA DI RIENTRI IN PUGLIA DAL NORD ITALIA IN POCHI GIORNI, C&#8217;E&#8217;  PREOCCUPAZIONE, ED E&#8217; POLEMICA&#8221; &#8212; LecceCronaca.it\" frameborder=\"0\" marginwidth=\"0\" marginheight=\"0\" scrolling=\"no\"><\/iframe><\/p>\n<p>&nbsp;<\/p>\n<blockquote class=\"wp-embedded-content\" data-secret=\"uakPM6CwRo\"><p><a href=\"https:\/\/www.leccecronaca.it\/index.php\/2020\/03\/14\/emergenza-coronavirus-quarta-vittima-salentina\/\">EMERGENZA #Coronavirus, QUARTA VITTIMA SALENTINA<\/a><\/p><\/blockquote>\n<p><iframe class=\"wp-embedded-content\" sandbox=\"allow-scripts\" security=\"restricted\" style=\"position: absolute; clip: rect(1px, 1px, 1px, 1px);\" src=\"https:\/\/www.leccecronaca.it\/index.php\/2020\/03\/14\/emergenza-coronavirus-quarta-vittima-salentina\/embed\/#?secret=uakPM6CwRo\" data-secret=\"uakPM6CwRo\" width=\"500\" height=\"282\" title=\"&#8220;EMERGENZA #Coronavirus, QUARTA VITTIMA SALENTINA&#8221; &#8212; LecceCronaca.it\" frameborder=\"0\" marginwidth=\"0\" marginheight=\"0\" scrolling=\"no\"><\/iframe><\/p>\n<p>&nbsp;<\/p>\n<\/div>\n<\/div>\n<\/div>\n<\/div>\n<\/div>\n<\/div>\n<\/div>\n<\/div>\n<\/div>\n<\/div>\n<\/div>\n<\/div>\n<\/div>\n<\/div>\n<\/div>\n<\/div>\n<fb:like href='https:\/\/www.leccecronaca.it\/index.php\/2020\/03\/14\/borelli-in-conferenza-stampa-dalla-sede-della-protezione-civile-per-gli-ultimi-aggiornamenti\/' send='true' layout='button_count' show_faces='true' width='450' height='65' action='recommend' colorscheme='light' font='lucida grande'><\/fb:like><span class=\"fb_share\"><fb:like href=\"https:\/\/www.leccecronaca.it\/index.php\/2020\/03\/14\/borelli-in-conferenza-stampa-dalla-sede-della-protezione-civile-per-gli-ultimi-aggiornamenti\/\" layout=\"button_count\"><\/fb:like><\/span>","protected":false},"excerpt":{"rendered":"<p>di Maria Antonietta Vacca_______Emergenza Coronavitus. Appena terminata la conferenza Stampa dalla sede della protezione civile. Questi i dati pi\u00f9 importanti: casi totali 21157. I tamponi effettuati sono 109.170. I guariti sono 1966, 527 pi\u00f9 di ieri. Positivi 17750, morti 1441. Sono invece 190 i nuovi ricoveri in terapia intensiva. Circa 2700 positivi in pi\u00f9 rispetto [&hellip;]<\/p>\n","protected":false},"author":4,"featured_media":164191,"comment_status":"open","ping_status":"closed","sticky":false,"template":"","format":"standard","meta":[],"categories":[1,69],"tags":[],"_links":{"self":[{"href":"https:\/\/www.leccecronaca.it\/index.php\/wp-json\/wp\/v2\/posts\/164190"}],"collection":[{"href":"https:\/\/www.leccecronaca.it\/index.php\/wp-json\/wp\/v2\/posts"}],"about":[{"href":"https:\/\/www.leccecronaca.it\/index.php\/wp-json\/wp\/v2\/types\/post"}],"author":[{"embeddable":true,"href":"https:\/\/www.leccecronaca.it\/index.php\/wp-json\/wp\/v2\/users\/4"}],"replies":[{"embeddable":true,"href":"https:\/\/www.leccecronaca.it\/index.php\/wp-json\/wp\/v2\/comments?post=164190"}],"version-history":[{"count":4,"href":"https:\/\/www.leccecronaca.it\/index.php\/wp-json\/wp\/v2\/posts\/164190\/revisions"}],"predecessor-version":[{"id":164195,"href":"https:\/\/www.leccecronaca.it\/index.php\/wp-json\/wp\/v2\/posts\/164190\/revisions\/164195"}],"wp:featuredmedia":[{"embeddable":true,"href":"https:\/\/www.leccecronaca.it\/index.php\/wp-json\/wp\/v2\/media\/164191"}],"wp:attachment":[{"href":"https:\/\/www.leccecronaca.it\/index.php\/wp-json\/wp\/v2\/media?parent=164190"}],"wp:term":[{"taxonomy":"category","embeddable":true,"href":"https:\/\/www.leccecronaca.it\/index.php\/wp-json\/wp\/v2\/categories?post=164190"},{"taxonomy":"post_tag","embeddable":true,"href":"https:\/\/www.leccecronaca.it\/index.php\/wp-json\/wp\/v2\/tags?post=164190"}],"curies":[{"name":"wp","href":"https:\/\/api.w.org\/{rel}","templated":true}]}}