{"id":164197,"date":"2020-03-15T12:06:35","date_gmt":"2020-03-15T11:06:35","guid":{"rendered":"http:\/\/www.leccecronaca.it\/?p=164197"},"modified":"2020-03-15T12:12:28","modified_gmt":"2020-03-15T11:12:28","slug":"leccecronache-la-domenica-in-casa","status":"publish","type":"post","link":"https:\/\/www.leccecronaca.it\/index.php\/2020\/03\/15\/leccecronache-la-domenica-in-casa\/","title":{"rendered":"LECCECRONACHE \/ LA DOMENICA IN CASA"},"content":{"rendered":"<p><img decoding=\"async\" loading=\"lazy\" class=\"alignnone wp-image-164198\" src=\"https:\/\/www.leccecronaca.it\/wordpress\/wp-content\/uploads\/2020\/03\/ra.jpg\" alt=\"\" width=\"800\" height=\"480\" srcset=\"https:\/\/www.leccecronaca.it\/wordpress\/wp-content\/uploads\/2020\/03\/ra.jpg 773w, https:\/\/www.leccecronaca.it\/wordpress\/wp-content\/uploads\/2020\/03\/ra-300x180.jpg 300w, https:\/\/www.leccecronaca.it\/wordpress\/wp-content\/uploads\/2020\/03\/ra-768x461.jpg 768w\" sizes=\"(max-width: 800px) 100vw, 800px\" \/>di <strong>Raffaele Polo<\/strong>______<\/p>\n<p>Adesso cos\u00ec, su due piedi, non ricordo esattamente a chi viene attribuita la frase <em>\u201cI guai dell&#8217;uomo cominciano quando egli decide di uscire di casa\u201d<\/em>: Forse \u00e8 di Bertrand Russel. Oppure di Pascal.<\/p>\n<p>S\u00ec, Pascal mi sembra pi\u00f9 probabile, lui che aveva profferito la grande verit\u00e0 che verifico ogni estate, tornando dal mare, sudato, stanco e bruciato, anelando una doccia ristoratrice:<em> \u201cIl momento pi\u00f9 bello del viaggio \u00e8 quando si torna a casa\u201d.\u00a0<\/em><\/p>\n<p>Queste frasi sono, senza dubbio, l&#8217;essenza positiva del sapere umano. In pillole, certo: ma racchiudono Grandi Verit\u00e0 che, poi, in ogni tempo, ci capita di constatare. Come adesso, tanto per dire, dove l&#8217;idea del &#8216;rimanere a casa&#8217; non fa che confermare la saggezza di chi l&#8217;aveva detto in tempi e in situazioni normali&#8230;<\/p>\n<p>Il saggio, perci\u00f2, sa come deve comportarsi, in ogni occasione. E, anche la domenica, senza calcio, senza la messa, senza la passeggiata al mare, senza amici e parenti a pranzo, senza il &#8216;cinemino&#8217; serale e il finale con il pezzo di pizza, giusto per mettere qualcosa sotto i denti, la domenica c&#8217;\u00e8 comunque qualcosa da fare. E riscopriamo, con pia cere e quasi con pudore, quello che si faceva &#8216;una volta&#8217;.\u00a0 Perch\u00e9, il saggio sa anche che le cose buone non cambiano di molto, l&#8217;uomo \u00e8 sempre lo stesso, fondamentalmente. E, sempre il saggio, riscopre le parole dell&#8217;Ecclesiaste (o Qoelet) che dicono :<\/p>\n<p><em>Per ogni cosa c&#8217;\u00e8 il suo momento, il suo tempo per ogni faccenda sotto il cielo.<\/em><br \/>\n<em> C&#8217;\u00e8 un tempo per nascere e un tempo per morire,<\/em><br \/>\n<em> un tempo per piantare e un tempo per sradicare le piante.<\/em><br \/>\n<em> Un tempo per uccidere e un tempo per guarire,<\/em><br \/>\n<em> un tempo per demolire e un tempo per costruire.<\/em><br \/>\n<em> Un tempo per piangere e un tempo per ridere,<\/em><br \/>\n<em> un tempo per gemere e un tempo per ballare.<\/em><br \/>\n<em> Un tempo per gettare sassi e un tempo per raccoglierli,<\/em><br \/>\n<em> un tempo per abbracciare e un tempo per astenersi dagli abbracci.<\/em><\/p>\n<p>&nbsp;<\/p>\n<p>Vedete, c&#8217;\u00e8 anche l&#8217;accenno agli abbracci, ovvero al tempo corrente. Ma la sequela va avanti, \u00e8 sempre pi\u00f9 interessante, vi invito caldamente a cercare e leggere queste parole di Saggezza Universale. E se siete atei o indifferenti, leggete lo stesso, qui non si tratta di Fede o Religione, ma di buonsenso e cultura.<\/p>\n<p>&nbsp;<\/p>\n<p>Fatto questo, proprio perch\u00e9 oggi \u00e8 domenica, passiamo dal Sacro al Profano, e dedichiamoci al profumo della salsa che bolle in cucina, in una pentola accuratamente ricoperta ma si intuisce che, dentro, si agita il prezioso, denso liquido.<\/p>\n<p>Allora fate proprio come si faceva una volta, da ragazzini, incuranti delle minacce delle donne di casa: scegliete un pezzetto oblungo di pane, tenetelo con garbo per una estremit\u00e0 e, attenti alle gocce di vapore, scoperchiate delicatamente la pentola, intingendo la lista di pane nella salsa bollente.<\/p>\n<p>&nbsp;<\/p>\n<p>Poi, attenti a non far scolare la lava bollente, richiudete la pentola e soffiate a lungo sul pane intriso di salsa, prima di portarlo alla bocca e gustarlo con soddisfazione. Attenti a fuggire al primo accenno di rimbrotto che arriver\u00e0 da qualsiasi elemento femminile vi scopra all&#8217;insano ma gratificante gesto&#8230;<\/p>\n<p>Ecco, Pascal o Russel, l&#8217;Ecclesiaste e il Qoelet ce lo permettano: il momento pi\u00f9 bello della domenica (in casa) \u00e8 proprio questo.______<\/p>\n<p>LA RICERCA nel nostro articolo di ieri<\/p>\n<blockquote class=\"wp-embedded-content\" data-secret=\"woxZETnI4e\"><p><a href=\"https:\/\/www.leccecronaca.it\/index.php\/2020\/03\/14\/leccecronache-buttati-davanti-alla-tv\/\">LECCECRONACHE \/ &#8216;BUTTATI&#8217; DAVANTI ALLA TV<\/a><\/p><\/blockquote>\n<p><iframe class=\"wp-embedded-content\" sandbox=\"allow-scripts\" security=\"restricted\" style=\"position: absolute; clip: rect(1px, 1px, 1px, 1px);\" src=\"https:\/\/www.leccecronaca.it\/index.php\/2020\/03\/14\/leccecronache-buttati-davanti-alla-tv\/embed\/#?secret=woxZETnI4e\" data-secret=\"woxZETnI4e\" width=\"500\" height=\"282\" title=\"&#8220;LECCECRONACHE \/ &#8216;BUTTATI&#8217; DAVANTI ALLA TV&#8221; &#8212; LecceCronaca.it\" frameborder=\"0\" marginwidth=\"0\" marginheight=\"0\" scrolling=\"no\"><\/iframe><\/p>\n<p>&nbsp;<\/p>\n<fb:like href='https:\/\/www.leccecronaca.it\/index.php\/2020\/03\/15\/leccecronache-la-domenica-in-casa\/' send='true' layout='button_count' show_faces='true' width='450' height='65' action='recommend' colorscheme='light' font='lucida grande'><\/fb:like><span class=\"fb_share\"><fb:like href=\"https:\/\/www.leccecronaca.it\/index.php\/2020\/03\/15\/leccecronache-la-domenica-in-casa\/\" layout=\"button_count\"><\/fb:like><\/span>","protected":false},"excerpt":{"rendered":"<p>di Raffaele Polo______ Adesso cos\u00ec, su due piedi, non ricordo esattamente a chi viene attribuita la frase \u201cI guai dell&#8217;uomo cominciano quando egli decide di uscire di casa\u201d: Forse \u00e8 di Bertrand Russel. Oppure di Pascal. S\u00ec, Pascal mi sembra pi\u00f9 probabile, lui che aveva profferito la grande verit\u00e0 che verifico ogni estate, tornando dal [&hellip;]<\/p>\n","protected":false},"author":4,"featured_media":164198,"comment_status":"open","ping_status":"closed","sticky":false,"template":"","format":"standard","meta":[],"categories":[69,31],"tags":[],"_links":{"self":[{"href":"https:\/\/www.leccecronaca.it\/index.php\/wp-json\/wp\/v2\/posts\/164197"}],"collection":[{"href":"https:\/\/www.leccecronaca.it\/index.php\/wp-json\/wp\/v2\/posts"}],"about":[{"href":"https:\/\/www.leccecronaca.it\/index.php\/wp-json\/wp\/v2\/types\/post"}],"author":[{"embeddable":true,"href":"https:\/\/www.leccecronaca.it\/index.php\/wp-json\/wp\/v2\/users\/4"}],"replies":[{"embeddable":true,"href":"https:\/\/www.leccecronaca.it\/index.php\/wp-json\/wp\/v2\/comments?post=164197"}],"version-history":[{"count":2,"href":"https:\/\/www.leccecronaca.it\/index.php\/wp-json\/wp\/v2\/posts\/164197\/revisions"}],"predecessor-version":[{"id":164200,"href":"https:\/\/www.leccecronaca.it\/index.php\/wp-json\/wp\/v2\/posts\/164197\/revisions\/164200"}],"wp:featuredmedia":[{"embeddable":true,"href":"https:\/\/www.leccecronaca.it\/index.php\/wp-json\/wp\/v2\/media\/164198"}],"wp:attachment":[{"href":"https:\/\/www.leccecronaca.it\/index.php\/wp-json\/wp\/v2\/media?parent=164197"}],"wp:term":[{"taxonomy":"category","embeddable":true,"href":"https:\/\/www.leccecronaca.it\/index.php\/wp-json\/wp\/v2\/categories?post=164197"},{"taxonomy":"post_tag","embeddable":true,"href":"https:\/\/www.leccecronaca.it\/index.php\/wp-json\/wp\/v2\/tags?post=164197"}],"curies":[{"name":"wp","href":"https:\/\/api.w.org\/{rel}","templated":true}]}}