{"id":164411,"date":"2020-03-21T17:18:48","date_gmt":"2020-03-21T16:18:48","guid":{"rendered":"http:\/\/www.leccecronaca.it\/?p=164411"},"modified":"2020-03-21T17:45:31","modified_gmt":"2020-03-21T16:45:31","slug":"emergenza-coronavirus-i-carabinieri-lavorano-senza-dispositivi-di-protezione-siamo-stati-mandati-a-combattere-contro-un-nemico-invisibile-senza-gli-strumenti-adeguati","status":"publish","type":"post","link":"https:\/\/www.leccecronaca.it\/index.php\/2020\/03\/21\/emergenza-coronavirus-i-carabinieri-lavorano-senza-dispositivi-di-protezione-siamo-stati-mandati-a-combattere-contro-un-nemico-invisibile-senza-gli-strumenti-adeguati\/","title":{"rendered":"EMERGENZA #Coronavirus, I CARABINIERI LAVORANO SENZA DISPOSITIVI DI PROTEZIONE: &#8220;Mandati a combattere contro un nemico invisibile, senza gli strumenti adeguati&#8221;"},"content":{"rendered":"<p>&nbsp;<\/p>\n<p><img decoding=\"async\" loading=\"lazy\" class=\"alignnone wp-image-8536\" src=\"https:\/\/www.leccecronaca.it\/wordpress\/wp-content\/uploads\/2012\/12\/carabinieri.jpg\" alt=\"\" width=\"800\" height=\"588\" srcset=\"https:\/\/www.leccecronaca.it\/wordpress\/wp-content\/uploads\/2012\/12\/carabinieri.jpg 448w, https:\/\/www.leccecronaca.it\/wordpress\/wp-content\/uploads\/2012\/12\/carabinieri-300x220.jpg 300w\" sizes=\"(max-width: 800px) 100vw, 800px\" \/><\/p>\n<p>(c.l.)______<em>\u00a0 \u00a0 \u00a0&#8220;Altissima \u00e8 la preoccupazione del personale dell&#8217;Arma dei Carabinieri della provincia di Lecce, come\u00a0<\/em><em>d&#8217;altronde lo \u00e8 in tutta Italia, che, in piena pandemia, \u00e8 costretto a lavorare in prima linea senza sufficienti dispositivi di protezione individuale, nonostante gli sforzi attuati dai Comandanti ai vari livelli dell\u2019Arma territoriale&#8221;. <\/em>Cos\u00ec <strong>Pantaleo Rizzo<\/strong>, segretario generale provinciale di Lecce di UNARMA-\u00a0 Associazione Sindacale Carabinieri, che questa sera pone il problema in tutta la sua drammatica attualit\u00e0.<\/p>\n<p>&nbsp;<\/p>\n<p>Alla sua accorata dichiarazione si aggiunge quella\u00a0 di <strong>Fabio Pizzo<\/strong>, segretario regionale per la Puglia dello stesso sindacato della Benemerita, che cos\u00ec si esprime:<em> &#8220;Lavoriamo alacremente per il benessere dei cittadini, del personale e del nostro paese pi\u00f9 in generale e, anche se qualcuno ancora oggi mette in dubbio l&#8217;utilit\u00e0 e le competenze dei sindacati militari, ci tengo a sottolineare come UNARMA sia stato invece il primo ad averci visto lungo e a segnalare per tempo le odierne criticit\u00e0 alle competenti autorit\u00e0 nazionali; non \u00e8 una questione di primato, bens\u00ec di dovere e senso della responsabilit\u00e0&#8221;.\u00a0<\/em><\/p>\n<p>I due sindacalisti ci riportano\u00a0 la sconcertante testimonianza del vice presidente nazionale di UNARMA A.S.C., <strong>Gianluca Tondo<\/strong>, il quale ha reso noto come &#8220;<em>gi\u00e0 il 23 gennaio u.s., dopo un&#8217;attenta riunione del nostro\u00a0<\/em><em>direttivo, avevamo ritenuto importante scrivere al Ministro della Difesa, al Ministro della Salute ed al Comando\u00a0<\/em><em>Generale dell&#8217;Arma dei Carabinieri, per segnalare la preoccupazione che il virus stava suscitando tra l&#8217;opinione pubblica\u00a0<\/em><em>e tra i carabinieri in particolare. Avevamo chiesto un intervento urgente di carattere preventivo, atteso che il virus<\/em><br \/>\n<em>aveva caratteristiche di rapida diffusione da persona a persona. Ebbene, risulta che solo il 28 gennaio successivo il\u00a0<\/em><em>Gabinetto del Ministro abbia inviato, per le valutazioni del caso, la nostra urgente missiva allo Stato Maggiore della\u00a0<\/em><em>Difesa. Ben cinque giorni per giungere da un ufficio all&#8217;altro dello stesso palazzo: \u00e8 incredibile! <\/em><\/p>\n<p><em>Nel mese di febbraio, \u00e8\u00a0<\/em><em>stato, poi, necessario tornare sull&#8217;argomento e scrivere pi\u00f9 volte: per esempio, per mettere in evidenza le carenze di\u00a0<\/em><em>sicurezza per i carabinieri che operano nei porti e negli aeroporti; per segnalare che il gel disinfettante distribuito era,\u00a0<\/em><em>clamorosamente, scaduto e, dunque, inefficace; per segnalare la carenza di mascherine, guanti e quant&#8217;altro, cos\u00ec\u00a0<\/em><em>come per suggerire l&#8217;utilizzo di tute operative al posto delle normali uniformi; tutte circostanze spiacevoli e su cui non\u00a0<\/em><em>avremmo mai voluto essere costretti ad intervenire<\/em>&#8220;.<\/p>\n<p>Il comunicato sindacale cos\u00ec continua:<\/p>\n<p>&#8220;<em>Quale nazione manderebbe il suo esercito a combattere, peraltro contro un nemico invisibile, senza ogni\u00a0adeguata strumentazione? Eppure \u00e8 cos\u00ec: le poche mascherine consegnate, tra l&#8217;altro monouso, sono state sanificate e riutilizzate tantissime volte. Ci\u00f2 nonostante, vengono richiesti continui controlli su strada, dove non sempre \u00e8 possibile mantenere la distanza di sicurezza dalla persona controllata; altrettanto dicasi per le operazioni di polizia giudiziaria, che vanno svolte a stretto contatto con eventuali fermati e\/o arrestati.\u00a0Purtroppo il problema non \u00e8 solo quello delle poche mascherine: mancano le tute che dovrebbero coprire l&#8217;uniforme, veicolo di trasmissione del virus nelle caserme e nelle proprie abitazioni, qualora chi le indossa sia venuto in contatto con persone infette da Covid-19.<\/em><\/p>\n<p><em>C&#8217;\u00e8 poi da segnalare che, all&#8217;interno delle caserme, sono stati distribuiti pochi disinfettanti, alcuni dei quali scaduti, che di per s\u00e9 non sono dannosi, ma che, di sicuro, sono inefficaci, in quanto hanno perso la componente alcolica che dovrebbe contro il virus. Infine, ci vengono segnalate le insufficienti operazioni di sanificazione sia dei locali delle caserme, sia, situazione ancor pi\u00f9 grave, dei mezzi su cui i militari espletano il loro servizio di pattuglia.<\/em><br \/>\n<em> Nella pur comprensibile difficolt\u00e0 del momento, un&#8217;altra domanda sorge spontanea: possibile che i vertici\u00a0delle istituzioni della Difesa non siano stati in grado di valutare per tempo questo pericolo per il nostro Paese? Il\u00a0popolo italiano \u00e8 preoccupato dell&#8217;inefficienza dimostrata dai vertici militari dinanzi a questo grave pericolo.<\/em><br \/>\n<em> L&#8217;emergenza CoronaVirus era l\u00ec, gi\u00e0 preannunciata dalle notizie provenienti dalla Cina, un Paese che, seppur\u00a0geograficamente lontano, \u00e8 invece molto vicino al nostro, dal punto di vista sociale e commerciale.<\/em><\/p>\n<p><em>Alle domande, che esigono risposte, si contrappone purtroppo la realt\u00e0 dei fatti. Ed ecco che, a distanza di\u00a0poche ore, giungono le notizie delle morti per Coronavirus anche tra le fila dei militari dell&#8217;Arma dei Carabinieri.<\/em><br \/>\n<em> Auspichiamo, dunque, che venga subito trovata una soluzione a questa grave contingenza, al fine di garantire\u00a0la massima sicurezza e la giusta dignit\u00e0 lavorativa a tutti i militari, nella speranza che coloro, tra questi, che hanno\u00a0sacrificato la loro vita siano uno sprone per i vertici competenti ad intervenire con tempestivit\u00e0 e che questo Paese\u00a0non debba piangere ancora vittime innocenti.<\/em><br \/>\n<em> La frase \u201c<strong>io speriamo che me la cavo<\/strong>\u201d non deve diventare il motto con cui ogni militare si appresta ad iniziare\u00a0il suo turno di servizio, perch\u00e9 la tutela della salute e della sicurezza dei lavoratori \u00e8 un diritto che deve essere\u00a0garantito da ogni paese democratico ed \u00e8 un caposaldo della nostra Costituzione, che non deve mai essere calpestata&#8221;.<\/em><\/p>\n<p>&nbsp;<\/p>\n<p>Ogni lavoratore ha il diritto di essere tutelato nella propria incolumit\u00e0 fisica, quando si trova ad espletare le mansioni per le quali viene retribuito. Questo deve riguardare, a maggior ragione, gli appartenenti alle forze dell&#8217;ordine, che per il solo fatto di indossare una uniforme si espongono a divenire un bersaglio mobile per la criminalit\u00e0, pi\u00f9 o meno organizzata.<\/p>\n<p>Chi si adopera per garantire il rispetto della legge e\u00a0 dell&#8217;ordine pubblico, DEVE essere a sua volta <strong>garantito nella sicurezza personale,<\/strong> e quest&#8217;ultima gli deve pervenire principalmente dallo Stato sulla cui bandiera ha prestato giuramento di <strong>&#8220;fedelt\u00e0 nei secoli&#8221;.<\/strong><\/p>\n<p>&nbsp;<\/p>\n<p>&nbsp;<\/p>\n<h2 class=\"post-title\"><\/h2>\n<fb:like href='https:\/\/www.leccecronaca.it\/index.php\/2020\/03\/21\/emergenza-coronavirus-i-carabinieri-lavorano-senza-dispositivi-di-protezione-siamo-stati-mandati-a-combattere-contro-un-nemico-invisibile-senza-gli-strumenti-adeguati\/' send='true' layout='button_count' show_faces='true' width='450' height='65' action='recommend' colorscheme='light' font='lucida grande'><\/fb:like><span class=\"fb_share\"><fb:like href=\"https:\/\/www.leccecronaca.it\/index.php\/2020\/03\/21\/emergenza-coronavirus-i-carabinieri-lavorano-senza-dispositivi-di-protezione-siamo-stati-mandati-a-combattere-contro-un-nemico-invisibile-senza-gli-strumenti-adeguati\/\" layout=\"button_count\"><\/fb:like><\/span>","protected":false},"excerpt":{"rendered":"<p>&nbsp; (c.l.)______\u00a0 \u00a0 \u00a0&#8220;Altissima \u00e8 la preoccupazione del personale dell&#8217;Arma dei Carabinieri della provincia di Lecce, come\u00a0d&#8217;altronde lo \u00e8 in tutta Italia, che, in piena pandemia, \u00e8 costretto a lavorare in prima linea senza sufficienti dispositivi di protezione individuale, nonostante gli sforzi attuati dai Comandanti ai vari livelli dell\u2019Arma territoriale&#8221;. Cos\u00ec Pantaleo Rizzo, segretario generale [&hellip;]<\/p>\n","protected":false},"author":4,"featured_media":164421,"comment_status":"open","ping_status":"closed","sticky":false,"template":"","format":"standard","meta":[],"categories":[69],"tags":[],"_links":{"self":[{"href":"https:\/\/www.leccecronaca.it\/index.php\/wp-json\/wp\/v2\/posts\/164411"}],"collection":[{"href":"https:\/\/www.leccecronaca.it\/index.php\/wp-json\/wp\/v2\/posts"}],"about":[{"href":"https:\/\/www.leccecronaca.it\/index.php\/wp-json\/wp\/v2\/types\/post"}],"author":[{"embeddable":true,"href":"https:\/\/www.leccecronaca.it\/index.php\/wp-json\/wp\/v2\/users\/4"}],"replies":[{"embeddable":true,"href":"https:\/\/www.leccecronaca.it\/index.php\/wp-json\/wp\/v2\/comments?post=164411"}],"version-history":[{"count":9,"href":"https:\/\/www.leccecronaca.it\/index.php\/wp-json\/wp\/v2\/posts\/164411\/revisions"}],"predecessor-version":[{"id":164425,"href":"https:\/\/www.leccecronaca.it\/index.php\/wp-json\/wp\/v2\/posts\/164411\/revisions\/164425"}],"wp:featuredmedia":[{"embeddable":true,"href":"https:\/\/www.leccecronaca.it\/index.php\/wp-json\/wp\/v2\/media\/164421"}],"wp:attachment":[{"href":"https:\/\/www.leccecronaca.it\/index.php\/wp-json\/wp\/v2\/media?parent=164411"}],"wp:term":[{"taxonomy":"category","embeddable":true,"href":"https:\/\/www.leccecronaca.it\/index.php\/wp-json\/wp\/v2\/categories?post=164411"},{"taxonomy":"post_tag","embeddable":true,"href":"https:\/\/www.leccecronaca.it\/index.php\/wp-json\/wp\/v2\/tags?post=164411"}],"curies":[{"name":"wp","href":"https:\/\/api.w.org\/{rel}","templated":true}]}}