{"id":164489,"date":"2020-03-23T12:45:00","date_gmt":"2020-03-23T11:45:00","guid":{"rendered":"http:\/\/www.leccecronaca.it\/?p=164489"},"modified":"2020-03-23T12:45:00","modified_gmt":"2020-03-23T11:45:00","slug":"intrappolata-in-un-camper-parcheggiato-in-terra-straniera-voglio-solo-tornare-a-casa","status":"publish","type":"post","link":"https:\/\/www.leccecronaca.it\/index.php\/2020\/03\/23\/intrappolata-in-un-camper-parcheggiato-in-terra-straniera-voglio-solo-tornare-a-casa\/","title":{"rendered":"INTRAPPOLATA IN UN CAMPER PARCHEGGIATO IN TERRA STRANIERA: &#8220;Voglio solo tornare a casa&#8221;"},"content":{"rendered":"<p><img decoding=\"async\" loading=\"lazy\" class=\"alignnone size-full wp-image-164491\" src=\"https:\/\/www.leccecronaca.it\/wordpress\/wp-content\/uploads\/2020\/03\/map_tile-1.png\" alt=\"\" width=\"512\" height=\"512\" srcset=\"https:\/\/www.leccecronaca.it\/wordpress\/wp-content\/uploads\/2020\/03\/map_tile-1.png 512w, https:\/\/www.leccecronaca.it\/wordpress\/wp-content\/uploads\/2020\/03\/map_tile-1-300x300.png 300w, https:\/\/www.leccecronaca.it\/wordpress\/wp-content\/uploads\/2020\/03\/map_tile-1-150x150.png 150w, https:\/\/www.leccecronaca.it\/wordpress\/wp-content\/uploads\/2020\/03\/map_tile-1-60x60.png 60w\" sizes=\"(max-width: 512px) 100vw, 512px\" \/>(Rdl)______Pubblichiamo qui di seguito il testo del video diffuso questa mattina su Facebook, relativo alla vicenda dei due salentini bloccati a Igoumenitza che non si \u00e8 ancora risolta______<\/p>\n<p><em>&#8220;Mi chiamo Anna Maria Vergari, ho 62 anni. Io e il mio compagno siamo partiti per una vacanza in camper in Turchia ben prima dell&#8217;emergenza Corona Virus.<\/em><br \/>\n<em>Appena siamo venuti a conoscenza dei vari decreti e delle varie norme anti Covid, abbiamo deciso di interrompere la vacanza per rientrare in Italia presso il nostro domicilio, dove metterci in quarantena.<\/em><br \/>\n<em>Siamo arrivati, muniti di biglietti del traghetto ed autocertificazione, al porto di Igoumenitza la mattina del 17 marzo.<\/em><br \/>\n<em>Nostro malgrado abbiamo scoperto che il porto \u00e8 aperto solo per chi trasporta merci e che la compagnia navale ha chiuso gli uffici e non risponde al centralino telefonico (n\u00e9 in Italia, n\u00e9 in Grecia). Eppure le navi partono tutte puntuali ogni giorno!<\/em><br \/>\n<em>Cominciamo cos\u00ec a smuovere mari e monti e a contattare tutti gli organi competenti per chiedere il rimpatrio.<\/em><br \/>\n<em>Il numero verde per le emergenze ci ha consigliato di contattare la Farnesina.<\/em><br \/>\n<em>La Farnesina, dopo decine di telefonate a vuoto, ci ha detto di contattare il Ministero degli Interni.<\/em><br \/>\n<em>Il Consolato ci ha consigliato di contattare l&#8217;Ambasciata ad Atene e quest&#8217;ultima ci ha detto che non c&#8217;\u00e8 nulla da fare.<\/em><br \/>\n<em>Dopo 6 lunghi giorni e infinite telefonate, ci viene proposto un trasferimento in pullman fino ad Atene e un volo con 2 scali fino a Roma.<\/em><br \/>\n<em>IO HO 62 ANNI. HO UNA TROMBOSI VENOSA PROFONDA CON ALTO RISCHIO DI TROMBOEMBOLISMO certificata dal medico. IO NON POSSO VOLARE e gli organi competenti ne sono perfettamente al corrente!<\/em><br \/>\n<em>Perch\u00e9 per soli 70 chilometri dovrei espormi ad un cos\u00ec alto rischio per la mia vita e ad un cos\u00ec alto rischio di contagio visti gli inevitabili assembramenti che incontrerei lungo il tragitto, quando potrei tranquillamente sigillarmi in camper, imbarcarmi e sbarcare a pochi chilometri da casa dopo solo poche ore di traversata su una nave che comunque parte ogni giorno carica di camion e camionisti?<\/em><br \/>\n<em>In fondo basterebbe solo un nulla osta da parte degli organi competenti italiani!<\/em><br \/>\n<em>Due giorni fa il terremoto, da oggi ho un problema al piano cottura del mio camper e quindi non posso neanche cuocere i pochi alimenti che con difficolt\u00e0 riesco a reperire in una Grecia chiusa e deserta. Non parlo n\u00e9 greco n\u00e9 inglese. Le mie scorte di medicinali salvavita non dureranno a lungo.<\/em><br \/>\n<em>E&#8217; trascorsa gi\u00e0 una settimana e la situazione \u00e8 di impietoso stallo.<\/em><br \/>\n<em>Sono forse una cittadina di serie B?<\/em><br \/>\n<em>Chiusa in camper e lontana da tutti da ormai pi\u00f9 di 2 settimane, esco solo per fare la spesa munita di guanti e mascherina,sono asintomatica cos\u00ec come il mio compagno e voglio solo tornare a casa senza mettere in pericolo le nostre vite.&#8221;______<\/em><\/p>\n<p>LA RICERCA nel nostro articolo del 18 marzo scorso<\/p>\n<blockquote class=\"wp-embedded-content\" data-secret=\"w5UgMz7n2A\"><p><a href=\"https:\/\/www.leccecronaca.it\/index.php\/2020\/03\/18\/due-salentini-bloccati-a-igoumenitza\/\">DUE SALENTINI BLOCCATI A IGOUMENITZA<\/a><\/p><\/blockquote>\n<p><iframe class=\"wp-embedded-content\" sandbox=\"allow-scripts\" security=\"restricted\" style=\"position: absolute; clip: rect(1px, 1px, 1px, 1px);\" src=\"https:\/\/www.leccecronaca.it\/index.php\/2020\/03\/18\/due-salentini-bloccati-a-igoumenitza\/embed\/#?secret=w5UgMz7n2A\" data-secret=\"w5UgMz7n2A\" width=\"500\" height=\"282\" title=\"&#8220;DUE SALENTINI BLOCCATI A IGOUMENITZA&#8221; &#8212; LecceCronaca.it\" frameborder=\"0\" marginwidth=\"0\" marginheight=\"0\" scrolling=\"no\"><\/iframe><\/p>\n<fb:like href='https:\/\/www.leccecronaca.it\/index.php\/2020\/03\/23\/intrappolata-in-un-camper-parcheggiato-in-terra-straniera-voglio-solo-tornare-a-casa\/' send='true' layout='button_count' show_faces='true' width='450' height='65' action='recommend' colorscheme='light' font='lucida grande'><\/fb:like><span class=\"fb_share\"><fb:like href=\"https:\/\/www.leccecronaca.it\/index.php\/2020\/03\/23\/intrappolata-in-un-camper-parcheggiato-in-terra-straniera-voglio-solo-tornare-a-casa\/\" layout=\"button_count\"><\/fb:like><\/span>","protected":false},"excerpt":{"rendered":"<p>(Rdl)______Pubblichiamo qui di seguito il testo del video diffuso questa mattina su Facebook, relativo alla vicenda dei due salentini bloccati a Igoumenitza che non si \u00e8 ancora risolta______ &#8220;Mi chiamo Anna Maria Vergari, ho 62 anni. Io e il mio compagno siamo partiti per una vacanza in camper in Turchia ben prima dell&#8217;emergenza Corona Virus. [&hellip;]<\/p>\n","protected":false},"author":4,"featured_media":164491,"comment_status":"open","ping_status":"closed","sticky":false,"template":"","format":"standard","meta":[],"categories":[69],"tags":[],"_links":{"self":[{"href":"https:\/\/www.leccecronaca.it\/index.php\/wp-json\/wp\/v2\/posts\/164489"}],"collection":[{"href":"https:\/\/www.leccecronaca.it\/index.php\/wp-json\/wp\/v2\/posts"}],"about":[{"href":"https:\/\/www.leccecronaca.it\/index.php\/wp-json\/wp\/v2\/types\/post"}],"author":[{"embeddable":true,"href":"https:\/\/www.leccecronaca.it\/index.php\/wp-json\/wp\/v2\/users\/4"}],"replies":[{"embeddable":true,"href":"https:\/\/www.leccecronaca.it\/index.php\/wp-json\/wp\/v2\/comments?post=164489"}],"version-history":[{"count":1,"href":"https:\/\/www.leccecronaca.it\/index.php\/wp-json\/wp\/v2\/posts\/164489\/revisions"}],"predecessor-version":[{"id":164492,"href":"https:\/\/www.leccecronaca.it\/index.php\/wp-json\/wp\/v2\/posts\/164489\/revisions\/164492"}],"wp:featuredmedia":[{"embeddable":true,"href":"https:\/\/www.leccecronaca.it\/index.php\/wp-json\/wp\/v2\/media\/164491"}],"wp:attachment":[{"href":"https:\/\/www.leccecronaca.it\/index.php\/wp-json\/wp\/v2\/media?parent=164489"}],"wp:term":[{"taxonomy":"category","embeddable":true,"href":"https:\/\/www.leccecronaca.it\/index.php\/wp-json\/wp\/v2\/categories?post=164489"},{"taxonomy":"post_tag","embeddable":true,"href":"https:\/\/www.leccecronaca.it\/index.php\/wp-json\/wp\/v2\/tags?post=164489"}],"curies":[{"name":"wp","href":"https:\/\/api.w.org\/{rel}","templated":true}]}}