{"id":164655,"date":"2020-03-26T14:55:45","date_gmt":"2020-03-26T13:55:45","guid":{"rendered":"http:\/\/www.leccecronaca.it\/?p=164655"},"modified":"2020-03-26T18:41:25","modified_gmt":"2020-03-26T17:41:25","slug":"appello-per-la-sicurezza-dei-poliziotti","status":"publish","type":"post","link":"https:\/\/www.leccecronaca.it\/index.php\/2020\/03\/26\/appello-per-la-sicurezza-dei-poliziotti\/","title":{"rendered":"APPELLO PER LA SICUREZZA DEI POLIZIOTTI"},"content":{"rendered":"<p><img decoding=\"async\" loading=\"lazy\" class=\"alignnone size-full wp-image-164656\" src=\"https:\/\/www.leccecronaca.it\/wordpress\/wp-content\/uploads\/2020\/03\/Michele-Emiliano-Michele-Caputp.jpg\" alt=\"\" width=\"1572\" height=\"913\" srcset=\"https:\/\/www.leccecronaca.it\/wordpress\/wp-content\/uploads\/2020\/03\/Michele-Emiliano-Michele-Caputp.jpg 1572w, https:\/\/www.leccecronaca.it\/wordpress\/wp-content\/uploads\/2020\/03\/Michele-Emiliano-Michele-Caputp-300x174.jpg 300w, https:\/\/www.leccecronaca.it\/wordpress\/wp-content\/uploads\/2020\/03\/Michele-Emiliano-Michele-Caputp-1024x595.jpg 1024w, https:\/\/www.leccecronaca.it\/wordpress\/wp-content\/uploads\/2020\/03\/Michele-Emiliano-Michele-Caputp-768x446.jpg 768w, https:\/\/www.leccecronaca.it\/wordpress\/wp-content\/uploads\/2020\/03\/Michele-Emiliano-Michele-Caputp-1536x892.jpg 1536w\" sizes=\"(max-width: 1572px) 100vw, 1572px\" \/>Riceviamo e volentieri pubblichiamo. Elvio Vulcano, coordinatore nazionale comunicazione del sindacato di Polizia, ci manda il seguente comunicato______<\/p>\n<p>Tutte le Forze\u00a0dell\u2019ordine\u00a0ogni giorno sono chiamate ad un impegno importante per la tutela della sicurezza dei cittadini di tutta l\u2019Italia.<\/p>\n<p>In questo periodo in cui il nuovo Coronavirus sta contagiando fasce sempre pi\u00f9 estese di popolazione, \u00e8 ancor pi\u00f9 evidente a tutti con quale dedizione esse si stanno attivando anche per tutelare la salute delle popolazioni, pur in mezzo a difficolt\u00e0 non comuni da affrontare.<\/p>\n<p>In particolare, uomini e donne che, senza battere ciglio, negli scenari pi\u00f9 disparati e pi\u00f9 imprevisti, cercano di far rispettare oltre all&#8217;ordine e alla sicurezza pubblica anche le varie disposizioni che vengono man mano emanate dalla Presidenza del Consiglio dei Ministri, dalla Protezione Civile e di tutte quelle emanate dalle varie Regioni per contrastare l\u2019attuale pandemia.<\/p>\n<p>A questo proposito,\u00a0Michele Caputo ( a destra nella foto), Segretario Regionale delle Puglie del sindacato di polizia LeS (Libert\u00e0 e Sicurezza) ha rivolto un accorato appello in particolare al Presidente della Regione dott.\u00a0Michele Emiliano.<\/p>\n<p>&#8220;Eccelse istituzioni, illustrissimo Presidente Emiliano la divisa non \u00e8 un&#8217;armatura, non sono nuovi in Puglia i casi di covid-19 che hanno colpito personale della Polizia di Stato, ultimo in ordine di tempo un collega del Comm.to di PS di Canosa di Puglia, quest&#8217;ultimo gi\u00e0 sanificato e operativo in men che non si dica. I Poliziotti, vivono giornalmente a stretto contatto con i cittadini, oltre a cercare di far rispettare il DPCM, espletano giornalmente servizi di ordine pubblico e nondimeno interventi di emergenza gestiti dal 113, questo comporta inevitabilmente, lo stretto contatto con cittadini di tutti i tipi, dal medico al senza tetto, dal tossicodipendente al commerciante, la lista \u00e8 infinita.<\/p>\n<p>Voglio sottolineare che, gli uomini in divisa, hanno a disposizione una limitatissima disponibilit\u00e0 di dispositivi di protezione individuale, da utilizzare solo come extrema ratio, qualora fosse evidente il rischio di contagio, come se fosse preventivabile, comprensibile a priori, quando necessario o meno.<\/p>\n<p>La nostra preoccupazione che a causa del nostro lavoro potremo diventare untori inconsapevoli del virus, \u00e8 ormai acclarato che si pu\u00f2 essere infetti e asintomatici, per questo chiediamo per la nostra e per l\u2019altrui sicurezza un controllo dei poliziotti, sottoponendoli al tampone, vuol dire tutelare non solo le loro famiglie, ma anche tutti i cittadini che entrano in contatto con le divise, parliamo di migliaia e migliaia di persone ogni giorno. Tuteliamo chi, per dovere, per senso civico e per scelta di vita, ha deciso di mettere a disposizione la propria vita al servizio della collettivit\u00e0.\u201d______<\/p>\n<p>LA RICERCA nel nostro articolo del 21 marzo scorso<\/p>\n<blockquote class=\"wp-embedded-content\" data-secret=\"sO3zr32eZQ\"><p><a href=\"https:\/\/www.leccecronaca.it\/index.php\/2020\/03\/21\/emergenza-coronavirus-i-carabinieri-lavorano-senza-dispositivi-di-protezione-siamo-stati-mandati-a-combattere-contro-un-nemico-invisibile-senza-gli-strumenti-adeguati\/\">EMERGENZA #Coronavirus, I CARABINIERI LAVORANO SENZA DISPOSITIVI DI PROTEZIONE: &#8220;Mandati a combattere contro un nemico invisibile, senza gli strumenti adeguati&#8221;<\/a><\/p><\/blockquote>\n<p><iframe class=\"wp-embedded-content\" sandbox=\"allow-scripts\" security=\"restricted\" style=\"position: absolute; clip: rect(1px, 1px, 1px, 1px);\" src=\"https:\/\/www.leccecronaca.it\/index.php\/2020\/03\/21\/emergenza-coronavirus-i-carabinieri-lavorano-senza-dispositivi-di-protezione-siamo-stati-mandati-a-combattere-contro-un-nemico-invisibile-senza-gli-strumenti-adeguati\/embed\/#?secret=sO3zr32eZQ\" data-secret=\"sO3zr32eZQ\" width=\"500\" height=\"282\" title=\"&#8220;EMERGENZA #Coronavirus, I CARABINIERI LAVORANO SENZA DISPOSITIVI DI PROTEZIONE: &#8220;Mandati a combattere contro un nemico invisibile, senza gli strumenti adeguati&#8221;&#8221; &#8212; LecceCronaca.it\" frameborder=\"0\" marginwidth=\"0\" marginheight=\"0\" scrolling=\"no\"><\/iframe><\/p>\n<fb:like href='https:\/\/www.leccecronaca.it\/index.php\/2020\/03\/26\/appello-per-la-sicurezza-dei-poliziotti\/' send='true' layout='button_count' show_faces='true' width='450' height='65' action='recommend' colorscheme='light' font='lucida grande'><\/fb:like><span class=\"fb_share\"><fb:like href=\"https:\/\/www.leccecronaca.it\/index.php\/2020\/03\/26\/appello-per-la-sicurezza-dei-poliziotti\/\" layout=\"button_count\"><\/fb:like><\/span>","protected":false},"excerpt":{"rendered":"<p>Riceviamo e volentieri pubblichiamo. Elvio Vulcano, coordinatore nazionale comunicazione del sindacato di Polizia, ci manda il seguente comunicato______ Tutte le Forze\u00a0dell\u2019ordine\u00a0ogni giorno sono chiamate ad un impegno importante per la tutela della sicurezza dei cittadini di tutta l\u2019Italia. In questo periodo in cui il nuovo Coronavirus sta contagiando fasce sempre pi\u00f9 estese di popolazione, \u00e8 [&hellip;]<\/p>\n","protected":false},"author":4,"featured_media":164656,"comment_status":"open","ping_status":"closed","sticky":false,"template":"","format":"standard","meta":[],"categories":[69,36],"tags":[],"_links":{"self":[{"href":"https:\/\/www.leccecronaca.it\/index.php\/wp-json\/wp\/v2\/posts\/164655"}],"collection":[{"href":"https:\/\/www.leccecronaca.it\/index.php\/wp-json\/wp\/v2\/posts"}],"about":[{"href":"https:\/\/www.leccecronaca.it\/index.php\/wp-json\/wp\/v2\/types\/post"}],"author":[{"embeddable":true,"href":"https:\/\/www.leccecronaca.it\/index.php\/wp-json\/wp\/v2\/users\/4"}],"replies":[{"embeddable":true,"href":"https:\/\/www.leccecronaca.it\/index.php\/wp-json\/wp\/v2\/comments?post=164655"}],"version-history":[{"count":2,"href":"https:\/\/www.leccecronaca.it\/index.php\/wp-json\/wp\/v2\/posts\/164655\/revisions"}],"predecessor-version":[{"id":164658,"href":"https:\/\/www.leccecronaca.it\/index.php\/wp-json\/wp\/v2\/posts\/164655\/revisions\/164658"}],"wp:featuredmedia":[{"embeddable":true,"href":"https:\/\/www.leccecronaca.it\/index.php\/wp-json\/wp\/v2\/media\/164656"}],"wp:attachment":[{"href":"https:\/\/www.leccecronaca.it\/index.php\/wp-json\/wp\/v2\/media?parent=164655"}],"wp:term":[{"taxonomy":"category","embeddable":true,"href":"https:\/\/www.leccecronaca.it\/index.php\/wp-json\/wp\/v2\/categories?post=164655"},{"taxonomy":"post_tag","embeddable":true,"href":"https:\/\/www.leccecronaca.it\/index.php\/wp-json\/wp\/v2\/tags?post=164655"}],"curies":[{"name":"wp","href":"https:\/\/api.w.org\/{rel}","templated":true}]}}