{"id":164682,"date":"2020-03-27T15:42:53","date_gmt":"2020-03-27T14:42:53","guid":{"rendered":"http:\/\/www.leccecronaca.it\/?p=164682"},"modified":"2020-03-27T15:58:20","modified_gmt":"2020-03-27T14:58:20","slug":"scuola-si-andra-oltre-la-data-del-3-aprile","status":"publish","type":"post","link":"https:\/\/www.leccecronaca.it\/index.php\/2020\/03\/27\/scuola-si-andra-oltre-la-data-del-3-aprile\/","title":{"rendered":"SCUOLA: &#8220;Si andr\u00e0 oltre la data del 3 aprile&#8221;"},"content":{"rendered":"<p><img decoding=\"async\" loading=\"lazy\" class=\"alignnone size-full wp-image-164683\" src=\"https:\/\/www.leccecronaca.it\/wordpress\/wp-content\/uploads\/2020\/03\/az.jpg\" alt=\"\" width=\"960\" height=\"528\" srcset=\"https:\/\/www.leccecronaca.it\/wordpress\/wp-content\/uploads\/2020\/03\/az.jpg 960w, https:\/\/www.leccecronaca.it\/wordpress\/wp-content\/uploads\/2020\/03\/az-300x165.jpg 300w, https:\/\/www.leccecronaca.it\/wordpress\/wp-content\/uploads\/2020\/03\/az-768x422.jpg 768w\" sizes=\"(max-width: 960px) 100vw, 960px\" \/>(Rdl)______Roma, 27.03.2020. 15.30.______\u00a0<strong><em>&#8220;Si andr\u00e0 oltre la data del 3 aprile. La salute degli studenti e del nostro personale scolastico \u00e8 prioritaria&#8221;_<\/em><\/strong>_____Il ministro dell&#8217;Istruzione Lucia Azzolina (nella foto) \u00e8 intervenuta pochi minuti fa al programma televisivo di Rai 1 La vita in diretta, <em>&#8220;per parlare di come stiamo lavorando ogni giorno per fronteggiare questa emergenza senza precedenti. Sulla scuola il nostro Paese \u00e8 stato fra i primi a reagire. Per non lasciare soli i nostri ragazzi. Li accompagneremo giorno dopo giorno, fino agli esami<\/em>&#8220;.<\/p>\n<p>Ecco una sintesi delle sue dichiarazioni:<em>\u00a0<strong>&#8220;Sicuramente ci sar\u00e0 una proroga alla chiusura delle scuole: si andr\u00e0 oltre la data del 3 aprile.<\/strong> L&#8217;obiettivo \u00e8 garantire che gli studenti ritornino a scuola quando stra-certo e stra-sicuro che possono tornare, la salute \u00e8 prioritaria.<\/em><\/p>\n<p><em>Le notizie sulla didattica a distanza a luglio non hanno alcun fondamento: significherebbe dire che il personale della scuola non sta lavorando e non \u00e8 cos\u00ec. Se la didattica a distanza funziona come sta funzionando non c&#8217;\u00e8 alcun motivo per andare a luglio o agosto: le strutture scolastiche non sono idonee tra l&#8217;altro.<\/em><\/p>\n<p><em>A chi doveva essere rimandato si permetter\u00e0 di recuperare gli apprendimenti, se necessario. Sono decisioni che stiamo vagliando sulla base di quando e se si torner\u00e0 a scuola. <\/em><\/p>\n<p><em>Esiste l&#8217;autonomia scolastica, i docenti conoscono molto i loro studenti. Il percorso di uno studente \u00e8 lungo, gli apprendimenti degli studenti i docenti sanno valutarli&#8221;.<\/em><\/p>\n<fb:like href='https:\/\/www.leccecronaca.it\/index.php\/2020\/03\/27\/scuola-si-andra-oltre-la-data-del-3-aprile\/' send='true' layout='button_count' show_faces='true' width='450' height='65' action='recommend' colorscheme='light' font='lucida grande'><\/fb:like><span class=\"fb_share\"><fb:like href=\"https:\/\/www.leccecronaca.it\/index.php\/2020\/03\/27\/scuola-si-andra-oltre-la-data-del-3-aprile\/\" layout=\"button_count\"><\/fb:like><\/span>","protected":false},"excerpt":{"rendered":"<p>(Rdl)______Roma, 27.03.2020. 15.30.______\u00a0&#8220;Si andr\u00e0 oltre la data del 3 aprile. La salute degli studenti e del nostro personale scolastico \u00e8 prioritaria&#8221;______Il ministro dell&#8217;Istruzione Lucia Azzolina (nella foto) \u00e8 intervenuta pochi minuti fa al programma televisivo di Rai 1 La vita in diretta, &#8220;per parlare di come stiamo lavorando ogni giorno per fronteggiare questa emergenza senza [&hellip;]<\/p>\n","protected":false},"author":4,"featured_media":164683,"comment_status":"open","ping_status":"closed","sticky":false,"template":"","format":"standard","meta":[],"categories":[69],"tags":[],"_links":{"self":[{"href":"https:\/\/www.leccecronaca.it\/index.php\/wp-json\/wp\/v2\/posts\/164682"}],"collection":[{"href":"https:\/\/www.leccecronaca.it\/index.php\/wp-json\/wp\/v2\/posts"}],"about":[{"href":"https:\/\/www.leccecronaca.it\/index.php\/wp-json\/wp\/v2\/types\/post"}],"author":[{"embeddable":true,"href":"https:\/\/www.leccecronaca.it\/index.php\/wp-json\/wp\/v2\/users\/4"}],"replies":[{"embeddable":true,"href":"https:\/\/www.leccecronaca.it\/index.php\/wp-json\/wp\/v2\/comments?post=164682"}],"version-history":[{"count":5,"href":"https:\/\/www.leccecronaca.it\/index.php\/wp-json\/wp\/v2\/posts\/164682\/revisions"}],"predecessor-version":[{"id":164688,"href":"https:\/\/www.leccecronaca.it\/index.php\/wp-json\/wp\/v2\/posts\/164682\/revisions\/164688"}],"wp:featuredmedia":[{"embeddable":true,"href":"https:\/\/www.leccecronaca.it\/index.php\/wp-json\/wp\/v2\/media\/164683"}],"wp:attachment":[{"href":"https:\/\/www.leccecronaca.it\/index.php\/wp-json\/wp\/v2\/media?parent=164682"}],"wp:term":[{"taxonomy":"category","embeddable":true,"href":"https:\/\/www.leccecronaca.it\/index.php\/wp-json\/wp\/v2\/categories?post=164682"},{"taxonomy":"post_tag","embeddable":true,"href":"https:\/\/www.leccecronaca.it\/index.php\/wp-json\/wp\/v2\/tags?post=164682"}],"curies":[{"name":"wp","href":"https:\/\/api.w.org\/{rel}","templated":true}]}}