{"id":164735,"date":"2020-03-28T14:44:33","date_gmt":"2020-03-28T13:44:33","guid":{"rendered":"http:\/\/www.leccecronaca.it\/?p=164735"},"modified":"2020-03-28T15:44:02","modified_gmt":"2020-03-28T14:44:02","slug":"primi-assalti-ai-supermercati-lallarme-di-elvio-vulcano-non-sono-delinquenti-sono-persone-in-difficoltain-una-situazione-che-potrebbe-diventare-presto-esplosiva-ed-incontrollabile-e-il-s","status":"publish","type":"post","link":"https:\/\/www.leccecronaca.it\/index.php\/2020\/03\/28\/primi-assalti-ai-supermercati-lallarme-di-elvio-vulcano-non-sono-delinquenti-sono-persone-in-difficoltain-una-situazione-che-potrebbe-diventare-presto-esplosiva-ed-incontrollabile-e-il-s\/","title":{"rendered":"PRIMI ASSALTI AI SUPERMERCATI IN TUTTA ITALIA. L&#8217;ALLARME DI ELVIO VULCANO: &#8220;Non sono delinquenti, sono persone in difficolt\u00e0&#8221;. E IL SINDACATO DELLA POLIZIA DI STATO LES SI RIVOLGE DIRETTAMENTE AL GOVERNO: &#8220;si sbrighi ad aiutare economicamente chi in questo momento sta soffrendo per la mancanza di risorse economiche&#8221;"},"content":{"rendered":"<p><img decoding=\"async\" loading=\"lazy\" class=\"alignnone size-full wp-image-164736\" src=\"https:\/\/www.leccecronaca.it\/wordpress\/wp-content\/uploads\/2020\/03\/Elvio-Vulcano-ressa.jpg\" alt=\"\" width=\"3216\" height=\"2144\" \/>(c.l.)______<em>&#8220;Auspichiamo che il Governo si sbrighi ad aiutare economicamente chi in questo momento sta soffrendo non solo per la clausura forzata ma, soprattutto, per la mancanza di risorse economiche&#8221;<\/em>. Lo dice il portavoce del sindacato della Polizia di Stato Les, <strong>Elvio Vulcano<\/strong>, dopo gli ultimi episodi di cronaca che hanno visto alcuni cittadini prendere d&#8217;assalto i supermercati: <em>&#8220;Ovviamente la Polizia di Stato far\u00e0 sempre la sua parte come ha sempre fatto e come sta facendo in questi giorni&#8221; &#8211; <\/em>prosegue il sindacalista &#8211; poliziot<em>to &#8211; &#8220;Ma non si pu\u00f2 pensare di impiegare personale del Reparto Mobile in assetto anti sommossa davanti ogni supermercato, perch\u00e9 quello che \u00e8 accaduto a Palermo potrebbe essere solo il primo sintomo di una situazione che, alla lunga, potrebbe verificarsi in altre citt\u00e0, diventando esplosiva ed incontrollabile<\/em>\u201d.<\/p>\n<p>Che cosa \u00e8 successo lo racconta egli stesso in un comunicato sindacale: <em>&#8220;Si cominciano a verificare furti di generi alimentari, come \u00e8 capitato nella giornata di ieri 27 marzo a Roma nella zona di Trastevere, dove un uomo ed una donna hanno asportato la spesa da un\u2019autovettura, dopo aver rotto il finestrino; o come \u00e8 accaduto in provincia di Bari, dove, qualche giorno fa, un commando armato ha assaltato un tir carico di generi alimentari ed ha anche sequestrato il conducente del mezzo. <\/em><\/p>\n<p><em>Ma il caso che ritengo ancora pi\u00f9 allarmante \u00e8 quello accaduto nel tardo pomeriggio dello scorso 26 marzo, quando una quindicina di persone si sono riempiti i carRelli in un supermercato di Palermo, con l&#8217;intenzione di non pagare la spesa appena effettuata. Solo l\u2019intervento delle forze dell\u2019ordine ha sedato la ressa e riportato la normalit\u00e0 e la sicurezza, salvaguardando l\u2019incolumit\u00e0 sia del personale che dei clienti presenti in quel momento&#8221;<\/em><\/p>\n<p>Il caso di Palermo \u00e8 emblematico, per Elvio Vulcano: <em>&#8220;In questo ultimo episodio scorgiamo una organizzazione pi\u00f9 o meno spontanea tra persone che si uniscono per bisogno, diversamente dai casi di delinquenti abituali, come siamo abituati a vedere,\u00a0 e questo potrebbe anche costituire un esempio per altre situazioni del genere che fanno emergere la disperazione di cittadini che non hanno i mezzi economici per effettuare le loro compere&#8221;.<\/em><\/p>\n<p>Da tutto questo, l&#8217;appello al governo: <em>&#8220;<\/em><em>Auspichiamo che il Governo si sbrighi ad aiutare economicamente chi in questo momento sta soffrendo non solo per la clausura forzata ma, soprattutto, per la mancanza di risorse economiche. E\u2019 noto che quando le persone non riescono pi\u00f9 ad avere il denaro neppure per soddisfare i bisogni pi\u00f9 elementari, come il mangiare, pu\u00f2 accadere di tutto. Anche se le persone sono le pi\u00f9 buone del mondo, la loro reazione diventa imprevedibile e non si sa come reagiranno! In questo clima c\u2019\u00e8 anche chi utilizza i social per soffiare sulla scintilla del malumore. Per questo auspichiamo una decisione rapida che dia tempestivamente serenit\u00e0 ai tanti cittadini che oggi si trovano in difficolt\u00e0 e non sanno quando e come finir\u00e0 tutto questo\u201d<\/em><\/p>\n<fb:like href='https:\/\/www.leccecronaca.it\/index.php\/2020\/03\/28\/primi-assalti-ai-supermercati-lallarme-di-elvio-vulcano-non-sono-delinquenti-sono-persone-in-difficoltain-una-situazione-che-potrebbe-diventare-presto-esplosiva-ed-incontrollabile-e-il-s\/' send='true' layout='button_count' show_faces='true' width='450' height='65' action='recommend' colorscheme='light' font='lucida grande'><\/fb:like><span class=\"fb_share\"><fb:like href=\"https:\/\/www.leccecronaca.it\/index.php\/2020\/03\/28\/primi-assalti-ai-supermercati-lallarme-di-elvio-vulcano-non-sono-delinquenti-sono-persone-in-difficoltain-una-situazione-che-potrebbe-diventare-presto-esplosiva-ed-incontrollabile-e-il-s\/\" layout=\"button_count\"><\/fb:like><\/span>","protected":false},"excerpt":{"rendered":"<p>(c.l.)______&#8220;Auspichiamo che il Governo si sbrighi ad aiutare economicamente chi in questo momento sta soffrendo non solo per la clausura forzata ma, soprattutto, per la mancanza di risorse economiche&#8221;. Lo dice il portavoce del sindacato della Polizia di Stato Les, Elvio Vulcano, dopo gli ultimi episodi di cronaca che hanno visto alcuni cittadini prendere d&#8217;assalto [&hellip;]<\/p>\n","protected":false},"author":4,"featured_media":164736,"comment_status":"open","ping_status":"closed","sticky":false,"template":"","format":"standard","meta":[],"categories":[69,76],"tags":[],"_links":{"self":[{"href":"https:\/\/www.leccecronaca.it\/index.php\/wp-json\/wp\/v2\/posts\/164735"}],"collection":[{"href":"https:\/\/www.leccecronaca.it\/index.php\/wp-json\/wp\/v2\/posts"}],"about":[{"href":"https:\/\/www.leccecronaca.it\/index.php\/wp-json\/wp\/v2\/types\/post"}],"author":[{"embeddable":true,"href":"https:\/\/www.leccecronaca.it\/index.php\/wp-json\/wp\/v2\/users\/4"}],"replies":[{"embeddable":true,"href":"https:\/\/www.leccecronaca.it\/index.php\/wp-json\/wp\/v2\/comments?post=164735"}],"version-history":[{"count":6,"href":"https:\/\/www.leccecronaca.it\/index.php\/wp-json\/wp\/v2\/posts\/164735\/revisions"}],"predecessor-version":[{"id":164742,"href":"https:\/\/www.leccecronaca.it\/index.php\/wp-json\/wp\/v2\/posts\/164735\/revisions\/164742"}],"wp:featuredmedia":[{"embeddable":true,"href":"https:\/\/www.leccecronaca.it\/index.php\/wp-json\/wp\/v2\/media\/164736"}],"wp:attachment":[{"href":"https:\/\/www.leccecronaca.it\/index.php\/wp-json\/wp\/v2\/media?parent=164735"}],"wp:term":[{"taxonomy":"category","embeddable":true,"href":"https:\/\/www.leccecronaca.it\/index.php\/wp-json\/wp\/v2\/categories?post=164735"},{"taxonomy":"post_tag","embeddable":true,"href":"https:\/\/www.leccecronaca.it\/index.php\/wp-json\/wp\/v2\/tags?post=164735"}],"curies":[{"name":"wp","href":"https:\/\/api.w.org\/{rel}","templated":true}]}}