{"id":164775,"date":"2020-03-30T00:03:26","date_gmt":"2020-03-29T22:03:26","guid":{"rendered":"http:\/\/www.leccecronaca.it\/?p=164775"},"modified":"2020-03-29T15:25:21","modified_gmt":"2020-03-29T13:25:21","slug":"leccecronache-amici-miei-del-gruppo-di-whatsapp","status":"publish","type":"post","link":"https:\/\/www.leccecronaca.it\/index.php\/2020\/03\/30\/leccecronache-amici-miei-del-gruppo-di-whatsapp\/","title":{"rendered":"LECCECRONACHE \/ AMICI MIEI (DEL GRUPPO WHATSAPP)"},"content":{"rendered":"<p><img decoding=\"async\" loading=\"lazy\" class=\"alignnone size-full wp-image-164776\" src=\"https:\/\/www.leccecronaca.it\/wordpress\/wp-content\/uploads\/2020\/03\/gruppo-whatsapp.jpg\" alt=\"\" width=\"573\" height=\"688\" srcset=\"https:\/\/www.leccecronaca.it\/wordpress\/wp-content\/uploads\/2020\/03\/gruppo-whatsapp.jpg 573w, https:\/\/www.leccecronaca.it\/wordpress\/wp-content\/uploads\/2020\/03\/gruppo-whatsapp-250x300.jpg 250w\" sizes=\"(max-width: 573px) 100vw, 573px\" \/>di <strong>Raffaele Polo<\/strong>______Fa sempre bene, credo, parlare un po&#8217; delle proprie cose: e scoprire, magari, che i &#8216;nostri&#8217; interessi, i nostri argomenti non sono solo nostri&#8230;<\/p>\n<p>Sono comuni, sono di tutti: e noi crediamo di essere i soli, gli unici ad avere l&#8217;esclusiva di opinioni, pensieri, accadimenti. Ci dimentichiamo, cos\u00ec, della saggezza racchiusa nel detto &#8216;nulla di nuovo sotto il sole&#8217;&#8230;Ma \u00e8 cos\u00ec, se fossimo perfetti, che gusto ci sarebbe nel confronto?<\/p>\n<p>Va bene, il preambolo per spiegare cosa io intendo per &#8216;partecipare ad un gruppo&#8217;, nell&#8217;epoca attuale e, in definitiva, in linea generale.<\/p>\n<p>&nbsp;<\/p>\n<p>Con l&#8217;invenzione di WhatsApp, abbiamo la possibilit\u00e0 di parlare al mondo (inteso come mondo &#8216;giovanneo&#8217;, ovvero il gruppo di amici e conoscenti pi\u00f9 vicini), di confrontarci, di ridere, scherzare, dire cose serie, esprimere la nostra vanit\u00e0 e il nostro pensiero. Con l&#8217;aggiunta di non essere presenti fisicamente (su Instagram, privilegiato dai pi\u00f9 giovani, la fotografia e la presenza edonistica \u00e8 fondamentale&#8230;.) e, quindi, anche per i pi\u00f9 timidi, di sentirsi alla pari con gli altri. Questo porta, spesso, ad esagerazioni: come se il &#8216;super-io&#8217; fosse rimosso e ognuno potesse dare libera corsa ai propri pensieri, ma proprio tutti, anche i pi\u00f9 nascosti e inconfessabili.<\/p>\n<p>Con W.app, qualche volta, succede proprio questo: si va da un estremo di laconica ripetitivit\u00e0 (Buongiorno, buonasera, auguri, condoglianze) ad un velenoso asserto su argomenti che ci stanno a cuore (ma che cazzo dici, non capisci niente, sei indegno di questo gruppo).<\/p>\n<p>Insomma, si sfiora l&#8217;insensatezza dell&#8217;odio, magari per una questione legata al calcio o alla politica&#8230;.\u00a0 Parlo di WhatsApp, ma Facebook e Messenger sono la stessa cosa, solo che essendo\u00a0 &#8216;universali&#8217;, ovvero visibili ovunque, c&#8217;\u00e8 una sorta di ritegno (non sempre&#8230;.) ad esporsi in pubblico.<\/p>\n<p>&nbsp;<\/p>\n<p>Torniamo a noi: gli amici del gruppo di cui faccio parte (Amici di Leccecronaca) sono tutti simpaticissimi e possono agire come credono. Possono abbandonare, possono interloquire e inserire video e fotografie, nel rispetto del buongusto e del buonsenso.\u00a0 Poi, sta al giudizio, alla preferenza di tutti, condividere o meno. Un po&#8217; come quando si \u00e8 nello scompartimento del treno, in un viaggio abbastanza lungo, e si parla del pi\u00f9 o del meno. Oppure si sta in silenzio. Oppure si cambia scompartimento&#8230;.<\/p>\n<p>Ecco, questo meraviglioso mezzo, senza il quale soffriremmo ancora di pi\u00f9 la solitudine, in frangenti come l&#8217;attuale, va rispettato, usato e frequentato con intelligenza e per seguire &#8216;virtude e conoscenza&#8217;.<\/p>\n<p>Ci\u00f2 detto, amici miei, una sola preghiera: se non siamo d&#8217;accordo con qualcuno, facciamo cos\u00ec: diciamo \u201cRispetto le tue idee, ma non le condivido\u201d. Vedrete, servir\u00e0 molto pi\u00f9 che i tradizionali improperi&#8230;..<\/p>\n<p>&nbsp;<\/p>\n<p>P.S. Direte: e che c&#8217;entra questa tiritera con le Leccecronache del Coronavirus? C&#8217;entra, perch\u00e9 non vi accorgete di stare ore ed ore col telefonino in mano, a chattare e inserire frasi e sciocchezze inutili ma piacevoli, in una grande gara, alla ricerca della perfetta stupidit\u00e0? Effetti indiretti del virus, certo. Ma non bisogna esagerare.______<\/p>\n<p>LA RICERCA nel nostro articolo di ieri<\/p>\n<blockquote class=\"wp-embedded-content\" data-secret=\"94C8faCwtt\"><p><a href=\"https:\/\/www.leccecronaca.it\/index.php\/2020\/03\/29\/leccecronache-la-settimana-tutta-un-quiz\/\">LECCECRONACHE \/ LA SETTIMANA, TUTTA UN QUIZ<\/a><\/p><\/blockquote>\n<p><iframe class=\"wp-embedded-content\" sandbox=\"allow-scripts\" security=\"restricted\" style=\"position: absolute; clip: rect(1px, 1px, 1px, 1px);\" src=\"https:\/\/www.leccecronaca.it\/index.php\/2020\/03\/29\/leccecronache-la-settimana-tutta-un-quiz\/embed\/#?secret=94C8faCwtt\" data-secret=\"94C8faCwtt\" width=\"500\" height=\"282\" title=\"&#8220;LECCECRONACHE \/ LA SETTIMANA, TUTTA UN QUIZ&#8221; &#8212; LecceCronaca.it\" frameborder=\"0\" marginwidth=\"0\" marginheight=\"0\" scrolling=\"no\"><\/iframe><\/p>\n<p>&nbsp;<\/p>\n<p>&nbsp;<\/p>\n<p>&nbsp;<\/p>\n<p>&nbsp;<\/p>\n<p>&nbsp;<\/p>\n<fb:like href='https:\/\/www.leccecronaca.it\/index.php\/2020\/03\/30\/leccecronache-amici-miei-del-gruppo-di-whatsapp\/' send='true' layout='button_count' show_faces='true' width='450' height='65' action='recommend' colorscheme='light' font='lucida grande'><\/fb:like><span class=\"fb_share\"><fb:like href=\"https:\/\/www.leccecronaca.it\/index.php\/2020\/03\/30\/leccecronache-amici-miei-del-gruppo-di-whatsapp\/\" layout=\"button_count\"><\/fb:like><\/span>","protected":false},"excerpt":{"rendered":"<p>di Raffaele Polo______Fa sempre bene, credo, parlare un po&#8217; delle proprie cose: e scoprire, magari, che i &#8216;nostri&#8217; interessi, i nostri argomenti non sono solo nostri&#8230; Sono comuni, sono di tutti: e noi crediamo di essere i soli, gli unici ad avere l&#8217;esclusiva di opinioni, pensieri, accadimenti. Ci dimentichiamo, cos\u00ec, della saggezza racchiusa nel detto [&hellip;]<\/p>\n","protected":false},"author":4,"featured_media":164776,"comment_status":"open","ping_status":"closed","sticky":false,"template":"","format":"standard","meta":[],"categories":[69,31],"tags":[],"_links":{"self":[{"href":"https:\/\/www.leccecronaca.it\/index.php\/wp-json\/wp\/v2\/posts\/164775"}],"collection":[{"href":"https:\/\/www.leccecronaca.it\/index.php\/wp-json\/wp\/v2\/posts"}],"about":[{"href":"https:\/\/www.leccecronaca.it\/index.php\/wp-json\/wp\/v2\/types\/post"}],"author":[{"embeddable":true,"href":"https:\/\/www.leccecronaca.it\/index.php\/wp-json\/wp\/v2\/users\/4"}],"replies":[{"embeddable":true,"href":"https:\/\/www.leccecronaca.it\/index.php\/wp-json\/wp\/v2\/comments?post=164775"}],"version-history":[{"count":4,"href":"https:\/\/www.leccecronaca.it\/index.php\/wp-json\/wp\/v2\/posts\/164775\/revisions"}],"predecessor-version":[{"id":164784,"href":"https:\/\/www.leccecronaca.it\/index.php\/wp-json\/wp\/v2\/posts\/164775\/revisions\/164784"}],"wp:featuredmedia":[{"embeddable":true,"href":"https:\/\/www.leccecronaca.it\/index.php\/wp-json\/wp\/v2\/media\/164776"}],"wp:attachment":[{"href":"https:\/\/www.leccecronaca.it\/index.php\/wp-json\/wp\/v2\/media?parent=164775"}],"wp:term":[{"taxonomy":"category","embeddable":true,"href":"https:\/\/www.leccecronaca.it\/index.php\/wp-json\/wp\/v2\/categories?post=164775"},{"taxonomy":"post_tag","embeddable":true,"href":"https:\/\/www.leccecronaca.it\/index.php\/wp-json\/wp\/v2\/tags?post=164775"}],"curies":[{"name":"wp","href":"https:\/\/api.w.org\/{rel}","templated":true}]}}