{"id":164970,"date":"2020-04-02T00:02:32","date_gmt":"2020-04-01T22:02:32","guid":{"rendered":"http:\/\/www.leccecronaca.it\/?p=164970"},"modified":"2020-04-05T09:07:24","modified_gmt":"2020-04-05T07:07:24","slug":"leccecronache-un-sofferto-taglio-dei-capelli","status":"publish","type":"post","link":"https:\/\/www.leccecronaca.it\/index.php\/2020\/04\/02\/leccecronache-un-sofferto-taglio-dei-capelli\/","title":{"rendered":"LECCECRONACHE \/ UN SOFFERTO TAGLIO DEI CAPELLI"},"content":{"rendered":"<p><img decoding=\"async\" loading=\"lazy\" class=\"alignnone wp-image-164971 size-medium\" src=\"https:\/\/www.leccecronaca.it\/wordpress\/wp-content\/uploads\/2020\/04\/233616284-e8aea7b3-1df2-451c-ad71-8f9268941ff2-300x169.jpg\" alt=\"\" width=\"300\" height=\"169\" srcset=\"https:\/\/www.leccecronaca.it\/wordpress\/wp-content\/uploads\/2020\/04\/233616284-e8aea7b3-1df2-451c-ad71-8f9268941ff2-300x169.jpg 300w, https:\/\/www.leccecronaca.it\/wordpress\/wp-content\/uploads\/2020\/04\/233616284-e8aea7b3-1df2-451c-ad71-8f9268941ff2-1024x576.jpg 1024w, https:\/\/www.leccecronaca.it\/wordpress\/wp-content\/uploads\/2020\/04\/233616284-e8aea7b3-1df2-451c-ad71-8f9268941ff2-768x432.jpg 768w, https:\/\/www.leccecronaca.it\/wordpress\/wp-content\/uploads\/2020\/04\/233616284-e8aea7b3-1df2-451c-ad71-8f9268941ff2.jpg 1200w\" sizes=\"(max-width: 300px) 100vw, 300px\" \/>di<strong> Raffaele Polo<\/strong>______<\/p>\n<p>Un piccolo, insignificante aspetto positivo, questa sosta forzata in casa per l&#8217;emergenza Coronavirus, almeno per me, c&#8217;\u00e8.<\/p>\n<p>Premesso che non ricordo mai una pubblicit\u00e0 tambureggiante come questa del &#8216;io resto a casa&#8217;, che dovremmo adottare anche per altri momenti cruciali, non so, ad esempio vi immaginate slogan tipo &#8216;devo agire onestamente&#8217;, ripetuti ogni minuto, su ogni canale?<\/p>\n<p>No, troppo generico e poi perderebbe efficacia con la reiterazione. Magari, andrebbe meglio &#8216; non dire bugie&#8217; oppure &#8216;rispetta gli animali&#8217;, ma sono indicazioni che lasciano il tempo che trovano, fisicamente non si fa nulla per &#8216;non dire bugie&#8217;, invece per restare a casa, bisogna non aprire il cancello, non prendere le chiavi dell&#8217;auto, non inforcare il pastrano (questa \u00e8 una frase presa dalla letteratura dell&#8217;Ottocento,\u00a0 ma mi \u00e8 sempre piaciuta, come quell&#8217;altra: indossavo il farsetto. Che sarebbe il golf. Ma in italiano si chiama &#8216;farsetto&#8217;, lo sapevate?) eccetera.<\/p>\n<p>Bravi allora gli inventori di questo &#8216;io resto a casa&#8217;, se per sconfiggere un virus che causa migliaia di morti, basta restare a casa, la soluzione \u00e8 a portata di mano.<\/p>\n<p>&nbsp;<\/p>\n<p>Dicevo che, comunque, un piccolo aspetto positivo, per me, c&#8217;\u00e8 stato e c&#8217;\u00e8: che, per la prima volta in vita mia, posso non andare dal barbiere, a farmi tagliare i capelli. O, almeno, posso procrastinare (questo \u00e8 un altro verbo dell&#8217;Ottocento, anzi Primo Novecento. Ma \u00e8 un termine piacevolissimo da scrivere, un po&#8217; meno da pronunciare&#8230;) la sofferta visita dal barbiere che, pure, \u00e8 necessaria, quando i capelli sono molto lunghi e, soprattutto dopo lo shampoo, finiscono per ostruire la vista&#8230;<\/p>\n<p>Tutto \u00e8 nato negli anni Sessanta, per me: perch\u00e9, a fronte della moda dei &#8216;capelloni&#8217;, che noi giovanissimi ammiravamo ed emulavamo, mio padre mi obbligava ad un taglio &#8216;alla tedesca&#8217;, ovvero con &#8216;sfumatura alta&#8217; e l&#8217;anziano barbiere lo appoggiava, tagliando a pi\u00f9 non posso e costringendomi a non uscire da casa (corsi e ricorsi storici) perch\u00e9, in una realt\u00e0 giovanile di zazzere e chiome, io ostentavo una capigliatura tipo &#8216;bonzo&#8217; o gi\u00f9 di l\u00ec.<\/p>\n<p>Quel senso di &#8216;apartheid&#8217; che dava il freddo alla testa, \u00e8 rimasto per anni, ad indicare un disagio nel &#8216;tagliarsi i capelli&#8217; che adesso, grazie al Coronavirus, ho per lo meno rimandato,<\/p>\n<p>Certo, un po&#8217; mi dispiace perch\u00e9 il mio barbiere \u00e8 tifoso dell&#8217;Inter, e quando ci vediamo, tra una sforbiciata e l&#8217;altra, parliamo della Beneamata. Ho notato, l&#8217;ultima volta, che per\u00f2 non c&#8217;era neppure una foto, un piccolo gagliardetto, un distintivo nerazzurro, in tutta la bottega. &#8216;Come mai?&#8217; gli ho chiesto, meravigliato. Lui si \u00e8 guardato attorno e ha sussurrato: &#8216;Siamo circondati da juventini. I miei clienti, se vedessero un simbolo dell&#8217;Inter, mi abbandonerebbero per la concorrenza, che \u00e8 tanta. Se voglio campare, devo trattenermi&#8230;&#8217; e lo diceva veramente rammaricato, come un Cristiano che non pu\u00f2 esporre il Crocefisso.<\/p>\n<p>Va bene, non appena termina questa &#8216;emergenza&#8217;, mi toccher\u00e0 andare a &#8216;tagliarmi i capelli&#8217;, come quando ero ragazzo. Ma non dir\u00f2 &#8216;sfumatura alta&#8217;. Al massimo &#8216;Me li accorci un poco?&#8217;, iniziando a parlare, subito dopo. Di cosa? Ma dell&#8217;Inter, naturalmente.<\/p>\n<p>Sottovoce, per\u00f2<\/p>\n<fb:like href='https:\/\/www.leccecronaca.it\/index.php\/2020\/04\/02\/leccecronache-un-sofferto-taglio-dei-capelli\/' send='true' layout='button_count' show_faces='true' width='450' height='65' action='recommend' colorscheme='light' font='lucida grande'><\/fb:like><span class=\"fb_share\"><fb:like href=\"https:\/\/www.leccecronaca.it\/index.php\/2020\/04\/02\/leccecronache-un-sofferto-taglio-dei-capelli\/\" layout=\"button_count\"><\/fb:like><\/span>","protected":false},"excerpt":{"rendered":"<p>di Raffaele Polo______ Un piccolo, insignificante aspetto positivo, questa sosta forzata in casa per l&#8217;emergenza Coronavirus, almeno per me, c&#8217;\u00e8. Premesso che non ricordo mai una pubblicit\u00e0 tambureggiante come questa del &#8216;io resto a casa&#8217;, che dovremmo adottare anche per altri momenti cruciali, non so, ad esempio vi immaginate slogan tipo &#8216;devo agire onestamente&#8217;, ripetuti [&hellip;]<\/p>\n","protected":false},"author":4,"featured_media":164971,"comment_status":"open","ping_status":"closed","sticky":false,"template":"","format":"standard","meta":[],"categories":[69,31],"tags":[],"_links":{"self":[{"href":"https:\/\/www.leccecronaca.it\/index.php\/wp-json\/wp\/v2\/posts\/164970"}],"collection":[{"href":"https:\/\/www.leccecronaca.it\/index.php\/wp-json\/wp\/v2\/posts"}],"about":[{"href":"https:\/\/www.leccecronaca.it\/index.php\/wp-json\/wp\/v2\/types\/post"}],"author":[{"embeddable":true,"href":"https:\/\/www.leccecronaca.it\/index.php\/wp-json\/wp\/v2\/users\/4"}],"replies":[{"embeddable":true,"href":"https:\/\/www.leccecronaca.it\/index.php\/wp-json\/wp\/v2\/comments?post=164970"}],"version-history":[{"count":2,"href":"https:\/\/www.leccecronaca.it\/index.php\/wp-json\/wp\/v2\/posts\/164970\/revisions"}],"predecessor-version":[{"id":164973,"href":"https:\/\/www.leccecronaca.it\/index.php\/wp-json\/wp\/v2\/posts\/164970\/revisions\/164973"}],"wp:featuredmedia":[{"embeddable":true,"href":"https:\/\/www.leccecronaca.it\/index.php\/wp-json\/wp\/v2\/media\/164971"}],"wp:attachment":[{"href":"https:\/\/www.leccecronaca.it\/index.php\/wp-json\/wp\/v2\/media?parent=164970"}],"wp:term":[{"taxonomy":"category","embeddable":true,"href":"https:\/\/www.leccecronaca.it\/index.php\/wp-json\/wp\/v2\/categories?post=164970"},{"taxonomy":"post_tag","embeddable":true,"href":"https:\/\/www.leccecronaca.it\/index.php\/wp-json\/wp\/v2\/tags?post=164970"}],"curies":[{"name":"wp","href":"https:\/\/api.w.org\/{rel}","templated":true}]}}