{"id":165416,"date":"2020-04-10T21:42:39","date_gmt":"2020-04-10T19:42:39","guid":{"rendered":"http:\/\/www.leccecronaca.it\/?p=165416"},"modified":"2020-04-10T22:02:22","modified_gmt":"2020-04-10T20:02:22","slug":"il-presidente-del-consiglio-giuseppe-conte-fermo-sugli-eurobond-ma-siamo-ancora-alle-affermazioni-di-principio","status":"publish","type":"post","link":"https:\/\/www.leccecronaca.it\/index.php\/2020\/04\/10\/il-presidente-del-consiglio-giuseppe-conte-fermo-sugli-eurobond-ma-siamo-ancora-alle-affermazioni-di-principio\/","title":{"rendered":"LA CONFERENZA STAMPA DI QUESTA SERA: IL PRESIDENTE DEL CONSIGLIO GIUSEPPE CONTE FERMO SUGLI EUROBOND, MA SIAMO ANCORA ALLE AFFERMAZIONI DI PRINCIPIO"},"content":{"rendered":"<p><img decoding=\"async\" loading=\"lazy\" class=\"alignnone size-full wp-image-165417\" src=\"https:\/\/www.leccecronaca.it\/wordpress\/wp-content\/uploads\/2020\/04\/gc.jpg\" alt=\"\" width=\"860\" height=\"600\" srcset=\"https:\/\/www.leccecronaca.it\/wordpress\/wp-content\/uploads\/2020\/04\/gc.jpg 860w, https:\/\/www.leccecronaca.it\/wordpress\/wp-content\/uploads\/2020\/04\/gc-300x209.jpg 300w, https:\/\/www.leccecronaca.it\/wordpress\/wp-content\/uploads\/2020\/04\/gc-768x536.jpg 768w\" sizes=\"(max-width: 860px) 100vw, 860px\" \/>di<strong> Francesco Buja<\/strong>______<\/p>\n<p>L\u2019impomatato Giuseppe Conte non vuole spettinare il rapporto con l\u2019Unione europea. L\u2019aveva avvertita che se questa non fosse stata comprensiva verso l\u2019Italia avremmo provato ad alzarci da soli. Aveva mostrato i muscoli, che per\u00f2 non sono quelli del pugile dal peso massimo, e infatti, per fare da s\u00e9, il presidente del Consiglio dei ministri italiano \u00e8 solo riuscito a chiedere alle banche di prestare i soldi al popolo (tanto per cambiare). Lo Stato offrir\u00e0 garanzie agli istituti di credito. E anzich\u00e9 questuare all\u2019Unione europea, mendicheremo innanzi alle banche nostrane. Il che non sembra un\u2019idea brillante. Tanto pi\u00f9 che i suddetti prestiti non saranno immediati.<\/p>\n<p>&nbsp;<\/p>\n<p>Dunque il capo del Governo italiano minaccia il consesso europeo, ma non dispera di ricavarne un po\u2019 di solidariet\u00e0. Lo ha ribadito nell\u2019attesa conferenza stampa di questa sera (nella foto): no al Meccanismo europeo di stabilit\u00e0, s\u00ec agli eurobond.<\/p>\n<p>Questa la posizione dell\u2019Italia, che Conte ieri ha ribadito ai ministri delle Finanze degli Stati che usano l\u2019euro. Si gridava al tradimento, consumato proprio al Gioved\u00ec santo, ma l\u2019avvocato pugliese ha ribadito urbi et orbi la propria battaglia per ottenere un fondo finanziato da condivisione economica, perch\u00e9 l\u2019Europa scateni una potenza di fuoco proporzionata alle risorse richieste da una economia di guerra, e disponibile subito. <em>\u00abLa risposta comune o \u00e8 ambiziosa o non \u00e8\u00bb<\/em> ha ammonito il primo ministro, riferendosi al fatto che gli eurobond comportano la distribuzione dei debiti fra gli Stati dell\u2019eurozona.<\/p>\n<p>&nbsp;<\/p>\n<p>Crocifissione scampata, dunque, per l\u2019Italia?<\/p>\n<p>L\u2019Eurogruppo, ha ricordato questa sera Conte,\u00a0propone uno schema assicurativo per la disoccupazione e per la cassa integrazione, per cento miliardi di euro, e la Banca europea per gli investimenti ne impiegherebbe duecento per riparare i danni causati dall\u2019emergenza sanitaria, ma al Governo italiano interessano gli eurobond. Il Meccanismo europeo di stabilit\u00e0 \u00e8, invece, ha sottolineato il presidente del Consiglio dei ministri, \u00abstrumento totalmente inadeguato rispetto all\u2019emergenza\u00bb. L\u2019Italia partecipa alla discussione su questa misura perch\u00e9 alcuni Stati ne stanno valutando l\u2019adozione ma senza vecchie condizioni. Guardiamo agli eurobond per risorgere, ma ancora si \u00e8 fermi alle affermazioni di principio. Altri Paesi per\u00f2, ha avvertito Conte, hanno accettato di adottare questo strumento. Che, ricordiamo, non eviter\u00e0 all\u2019Italia la solita via crucis.<\/p>\n<fb:like href='https:\/\/www.leccecronaca.it\/index.php\/2020\/04\/10\/il-presidente-del-consiglio-giuseppe-conte-fermo-sugli-eurobond-ma-siamo-ancora-alle-affermazioni-di-principio\/' send='true' layout='button_count' show_faces='true' width='450' height='65' action='recommend' colorscheme='light' font='lucida grande'><\/fb:like><span class=\"fb_share\"><fb:like href=\"https:\/\/www.leccecronaca.it\/index.php\/2020\/04\/10\/il-presidente-del-consiglio-giuseppe-conte-fermo-sugli-eurobond-ma-siamo-ancora-alle-affermazioni-di-principio\/\" layout=\"button_count\"><\/fb:like><\/span>","protected":false},"excerpt":{"rendered":"<p>di Francesco Buja______ L\u2019impomatato Giuseppe Conte non vuole spettinare il rapporto con l\u2019Unione europea. L\u2019aveva avvertita che se questa non fosse stata comprensiva verso l\u2019Italia avremmo provato ad alzarci da soli. Aveva mostrato i muscoli, che per\u00f2 non sono quelli del pugile dal peso massimo, e infatti, per fare da s\u00e9, il presidente del Consiglio [&hellip;]<\/p>\n","protected":false},"author":4,"featured_media":165417,"comment_status":"open","ping_status":"closed","sticky":false,"template":"","format":"standard","meta":[],"categories":[69,76],"tags":[],"_links":{"self":[{"href":"https:\/\/www.leccecronaca.it\/index.php\/wp-json\/wp\/v2\/posts\/165416"}],"collection":[{"href":"https:\/\/www.leccecronaca.it\/index.php\/wp-json\/wp\/v2\/posts"}],"about":[{"href":"https:\/\/www.leccecronaca.it\/index.php\/wp-json\/wp\/v2\/types\/post"}],"author":[{"embeddable":true,"href":"https:\/\/www.leccecronaca.it\/index.php\/wp-json\/wp\/v2\/users\/4"}],"replies":[{"embeddable":true,"href":"https:\/\/www.leccecronaca.it\/index.php\/wp-json\/wp\/v2\/comments?post=165416"}],"version-history":[{"count":2,"href":"https:\/\/www.leccecronaca.it\/index.php\/wp-json\/wp\/v2\/posts\/165416\/revisions"}],"predecessor-version":[{"id":165419,"href":"https:\/\/www.leccecronaca.it\/index.php\/wp-json\/wp\/v2\/posts\/165416\/revisions\/165419"}],"wp:featuredmedia":[{"embeddable":true,"href":"https:\/\/www.leccecronaca.it\/index.php\/wp-json\/wp\/v2\/media\/165417"}],"wp:attachment":[{"href":"https:\/\/www.leccecronaca.it\/index.php\/wp-json\/wp\/v2\/media?parent=165416"}],"wp:term":[{"taxonomy":"category","embeddable":true,"href":"https:\/\/www.leccecronaca.it\/index.php\/wp-json\/wp\/v2\/categories?post=165416"},{"taxonomy":"post_tag","embeddable":true,"href":"https:\/\/www.leccecronaca.it\/index.php\/wp-json\/wp\/v2\/tags?post=165416"}],"curies":[{"name":"wp","href":"https:\/\/api.w.org\/{rel}","templated":true}]}}