{"id":165580,"date":"2020-04-14T16:09:08","date_gmt":"2020-04-14T14:09:08","guid":{"rendered":"http:\/\/www.leccecronaca.it\/?p=165580"},"modified":"2020-04-14T17:07:40","modified_gmt":"2020-04-14T15:07:40","slug":"sara-cunial-al-contrattacco-non-mi-hanno-fatto-nessuna-multa-non-andavo-al-mare-stavo-tornando-a-casa-a-lavorare","status":"publish","type":"post","link":"https:\/\/www.leccecronaca.it\/index.php\/2020\/04\/14\/sara-cunial-al-contrattacco-non-mi-hanno-fatto-nessuna-multa-non-andavo-al-mare-stavo-tornando-a-casa-a-lavorare\/","title":{"rendered":"SARA CUNIAL AL CONTRATTACCO: &#8216;NON MI HANNO FATTO NESSUNA MULTA, NON ANDAVO AL MARE, STAVO TORNANDO A CASA A ROMA A LAVORARE&#8217;"},"content":{"rendered":"<p><img decoding=\"async\" loading=\"lazy\" class=\"alignnone size-full wp-image-165581\" src=\"https:\/\/www.leccecronaca.it\/wordpress\/wp-content\/uploads\/2020\/04\/SACU-BU.jpg\" alt=\"\" width=\"1024\" height=\"731\" srcset=\"https:\/\/www.leccecronaca.it\/wordpress\/wp-content\/uploads\/2020\/04\/SACU-BU.jpg 1024w, https:\/\/www.leccecronaca.it\/wordpress\/wp-content\/uploads\/2020\/04\/SACU-BU-300x214.jpg 300w, https:\/\/www.leccecronaca.it\/wordpress\/wp-content\/uploads\/2020\/04\/SACU-BU-768x548.jpg 768w\" sizes=\"(max-width: 1024px) 100vw, 1024px\" \/>(g.p.)______E&#8217; finita su tutti i giornali, on line e cartacei, fra ieri e oggi. Il sogno di ogni parlamentare, che si parli della propria attivit\u00e0.<\/p>\n<p>Di attivit\u00e0 parlamentare,<span style=\"color: #ff0000;\"><strong> Sara Cunial<\/strong><\/span> (nella foto del nostro archivio), 41 anni, origini romane, residente a Bassano del Grappa, imprenditrice agricola, deputato ex M5s, al gruppo Misto da quando fu espulsa in quanto &#8220;pericolosa dissidente&#8221; dalla linea del capo Luigi Di Maio, ne ha fatta tanta, in questi anni, soprattutto a difesa di ambiente e territorio, contro gasdotti, altre devastazioni, frode Xylella e, last but not least, contro la tecnologia 5g. Insomma, ostinata e contraria all&#8217;attacco del pensiero unico dominante.<\/p>\n<p>Peccato per\u00f2 che di queste robe qua, in tutti questi anni, ne abbiano dato conto in pochissimi quotidiani, fra cui &#8211; mi onoro di poter parlare con cognizione di causa &#8211; leccecronaca.it<\/p>\n<p>Ieri invece quasi tutti i quotidiani a darle addosso e, dopo non aver mai parlato di lei riguardo alle sue iniziative politiche, in quanto scomode, ieri quasi tutti a dare risalto incredibile a una presunta notizia: multata dalla polizia municipale mentre con la sua auto andava al mare a fare la Pasquetta, e vai con lo sputtanamento, e la gogna mediatica social collegata.<\/p>\n<p>&nbsp;<\/p>\n<p>Le cose non stanno cos\u00ec. Non le hanno fatto nessuna multa, in primis. Invece, hanno fatto filtrare il suo nome, fra i tanti semplicemente controllati per strada, con cattiveria. I giornali di regime hanno fatto il resto.<\/p>\n<p>&nbsp;<\/p>\n<p>Io poi faccio il giornalista, mica l&#8217;avvocato. Non sono l&#8217;avvocato, tanto meno il passacarte, di nessuno.<\/p>\n<p>Inoltre, non voglio dare lezioni a nessuno. Mi guardo a considerare quel po&#8217; che ho imparato, e a pensare a quello che devo ancora imparare: ma qualche cosetta semplice semplice, le elementari del giornalismo, le so e le applico gi\u00e0: prima di pubblicare una presunta notizia, \u00e8 obbligatorio\u00a0 verificare, e comunque \u00e8 meglio sentire sempre anche l&#8217;altra campana.<\/p>\n<p>Oggi Sara Cunial si \u00e8 difesa da sola. Anzi, non aveva niente da cui difendersi. E contrattacca.<\/p>\n<p>Leggiamo cosa ha scritto sul suo diario di Facebook:<\/p>\n<p><em><span style=\"color: #ff0000;\"><strong>&#8220;Non mi piace rilasciare dichiarazioni ai giornalisti, in tutti questi anni non c\u2019\u00e8 mai stata una volta che abbiano ripreso comunicati o atti fatti con contenuti davvero importanti (pfas, pesticidi, xylella, tap, vaccini, cambiamento climatico, inceneritori, pedemontana veneta, inquinamento, agricoltura contadina\u2026) mentre non hanno perso occasione di sparare a zero e riportare il falso. <\/strong><\/span><\/em><\/p>\n<p><em><span style=\"color: #ff0000;\"><strong>Come in questo caso. In cui ripeto: NON mi \u00e8 stata fatta alcuna\u00a0#multa.<\/strong><\/span><\/em><\/p>\n<p><em><span style=\"color: #ff0000;\"><strong>Ero nel comune di Roma in quanto mio diritto e dovere. Questa settimana si voter\u00e0 l&#8217;ennesimo decreto infame. Quello che si occupa di\u00a0#Olimpiadi\u00a0Invernali e quindi del mio territorio gi\u00e0 troppo a lungo depredato dai suoi illustri governanti. <\/strong><\/span><\/em><\/p>\n<p><em><span style=\"color: #ff0000;\"><strong>Ho depositato gli emendamenti soppressivi in commissione perch\u00e9 di certo non \u00e8 questa l&#8217;urgenza del Paese. E sono a Roma per votare contro questo ennesimo scempio. Non ci sar\u00e0 data la possibilit\u00e0 di discutere nulla nelle aule parlamentari. Ora sono sufficienti gli accordi che si fanno tra i capigruppo. Anzi, meno si discute di certi temi, meglio \u00e8. <\/strong><\/span><\/em><\/p>\n<p><em><span style=\"color: #ff0000;\"><strong>Venendo dal Veneto, dove per giorni ho fatto consegne per la mia azienda agricola, sono arrivata a Roma in anticipo. Ho il diritto di alloggiare dove voglio e spesso come tanti colleghi, per motivi anche di\u00a0#sicurezza, cambio.<\/strong><\/span><\/em><\/p>\n<p><em><span style=\"color: #ff0000;\"><strong>Detto questo ci tengo anche a sottolineare, ancora una volta, che oggi si muore a causa della mala-gestione della sanit\u00e0 perpetuata da questi stessi soggetti per decenni. Gli stessi che ora ci vogliono salvare costringendoci agli arresti domiciliari senza alcun motivo degno. A nessuno di costoro, Governo in testa, interessa nulla della salute del popolo italiano. <\/strong><\/span><\/em><\/p>\n<p><em><span style=\"color: #ff0000;\"><strong>Se cos\u00ec fosse non si darebbe il consenso a fare del nostro Paese un laboratorio di cavie per\u00a0#5g\u00a0e altre sperimentazioni. Non si derogherebbe di continuo all&#8217;utilizzo di fitofarmaci tossici e nocivi nelle nostre campagne e nel nostro ambiente per soddisfare gli appetiti dei soliti prenditori. <\/strong><\/span><\/em><\/p>\n<p><em><span style=\"color: #ff0000;\"><strong>Se cos\u00ec fosse da Bergamo a Taranto le fabbriche sarebbero state chiuse, ma non per il\u00a0#Coronavirus: perch\u00e9 avvelenano gli italiani!<\/strong><\/span><\/em><\/p>\n<p><em><span style=\"color: #ff0000;\"><strong>Se cos\u00ec fosse si parlerebbe di prevenzione, stili di vita corretti, benessere a 360 gradi e si applicherebbe quel principio di precauzione che proprio chi governa vorrebbe eliminare. E invece, come sempre accade, con il pretesto dell\u2019emergenza si stanno facendo interessi di pochi, pochissimi, che costeranno a tutti noi e al futuro del nostro Paese.<\/strong><\/span><\/em><\/p>\n<p><em><span style=\"color: #ff0000;\"><strong>Questo non smetter\u00f2 mai di denunciarlo, a Roma come su tutto il territorio nazionale. Cos\u00ec come non smetter\u00f2 mai di rivendicare i nostri diritti. <\/strong><\/span><\/em><\/p>\n<p><em><span style=\"color: #ff0000;\"><strong>Ho giurato sulla e per la\u00a0#Costituzione, non su un manipolo di corrotti e di interessi&#8221;.<\/strong><\/span>______<\/em><\/p>\n<fb:like href='https:\/\/www.leccecronaca.it\/index.php\/2020\/04\/14\/sara-cunial-al-contrattacco-non-mi-hanno-fatto-nessuna-multa-non-andavo-al-mare-stavo-tornando-a-casa-a-lavorare\/' send='true' layout='button_count' show_faces='true' width='450' height='65' action='recommend' colorscheme='light' font='lucida grande'><\/fb:like><span class=\"fb_share\"><fb:like href=\"https:\/\/www.leccecronaca.it\/index.php\/2020\/04\/14\/sara-cunial-al-contrattacco-non-mi-hanno-fatto-nessuna-multa-non-andavo-al-mare-stavo-tornando-a-casa-a-lavorare\/\" layout=\"button_count\"><\/fb:like><\/span>","protected":false},"excerpt":{"rendered":"<p>(g.p.)______E&#8217; finita su tutti i giornali, on line e cartacei, fra ieri e oggi. Il sogno di ogni parlamentare, che si parli della propria attivit\u00e0. Di attivit\u00e0 parlamentare, Sara Cunial (nella foto del nostro archivio), 41 anni, origini romane, residente a Bassano del Grappa, imprenditrice agricola, deputato ex M5s, al gruppo Misto da quando fu [&hellip;]<\/p>\n","protected":false},"author":4,"featured_media":165581,"comment_status":"open","ping_status":"closed","sticky":false,"template":"","format":"standard","meta":[],"categories":[69],"tags":[],"_links":{"self":[{"href":"https:\/\/www.leccecronaca.it\/index.php\/wp-json\/wp\/v2\/posts\/165580"}],"collection":[{"href":"https:\/\/www.leccecronaca.it\/index.php\/wp-json\/wp\/v2\/posts"}],"about":[{"href":"https:\/\/www.leccecronaca.it\/index.php\/wp-json\/wp\/v2\/types\/post"}],"author":[{"embeddable":true,"href":"https:\/\/www.leccecronaca.it\/index.php\/wp-json\/wp\/v2\/users\/4"}],"replies":[{"embeddable":true,"href":"https:\/\/www.leccecronaca.it\/index.php\/wp-json\/wp\/v2\/comments?post=165580"}],"version-history":[{"count":15,"href":"https:\/\/www.leccecronaca.it\/index.php\/wp-json\/wp\/v2\/posts\/165580\/revisions"}],"predecessor-version":[{"id":165598,"href":"https:\/\/www.leccecronaca.it\/index.php\/wp-json\/wp\/v2\/posts\/165580\/revisions\/165598"}],"wp:featuredmedia":[{"embeddable":true,"href":"https:\/\/www.leccecronaca.it\/index.php\/wp-json\/wp\/v2\/media\/165581"}],"wp:attachment":[{"href":"https:\/\/www.leccecronaca.it\/index.php\/wp-json\/wp\/v2\/media?parent=165580"}],"wp:term":[{"taxonomy":"category","embeddable":true,"href":"https:\/\/www.leccecronaca.it\/index.php\/wp-json\/wp\/v2\/categories?post=165580"},{"taxonomy":"post_tag","embeddable":true,"href":"https:\/\/www.leccecronaca.it\/index.php\/wp-json\/wp\/v2\/tags?post=165580"}],"curies":[{"name":"wp","href":"https:\/\/api.w.org\/{rel}","templated":true}]}}