{"id":165707,"date":"2020-04-17T10:33:43","date_gmt":"2020-04-17T08:33:43","guid":{"rendered":"http:\/\/www.leccecronaca.it\/?p=165707"},"modified":"2020-04-17T10:53:10","modified_gmt":"2020-04-17T08:53:10","slug":"il-nuovo-manifesto-del-futurismo-centodieci-anni-dopo-tommaso-marinetti-friday-for-future-italia-pensa-gia-al-futuro-del-nostro-paese-e-scrive-una-lettera-di-proposte-agli-italiani-per-quando-l","status":"publish","type":"post","link":"https:\/\/www.leccecronaca.it\/index.php\/2020\/04\/17\/il-nuovo-manifesto-del-futurismo-centodieci-anni-dopo-tommaso-marinetti-friday-for-future-italia-pensa-gia-al-futuro-del-nostro-paese-e-scrive-una-lettera-di-proposte-agli-italiani-per-quando-l\/","title":{"rendered":"E&#8217; UN NUOVO MANIFESTO DEL FUTURISMO, CENTODIECI ANNI DOPO TOMMASO MARINETTI. FRIDAY FOR FUTURE ITALIA ADESSO PENSA&#8230;AL FUTURO DEL NOSTRO PAESE E SCRIVE UNA LETTERA DI PROPOSTE AGLI ITALIANI, PER QUANDO L&#8217;EMERGENZA SANITARIA SARA&#8217; FINITA. MA IL FUTURO E&#8217; COMINCIATO: &#8220;la soluzione esiste gi\u00e0&#8221;"},"content":{"rendered":"<p><strong><img decoding=\"async\" loading=\"lazy\" class=\"alignnone size-full wp-image-165708\" src=\"https:\/\/www.leccecronaca.it\/wordpress\/wp-content\/uploads\/2020\/04\/re.jpeg\" alt=\"\" width=\"1600\" height=\"1200\" srcset=\"https:\/\/www.leccecronaca.it\/wordpress\/wp-content\/uploads\/2020\/04\/re.jpeg 1600w, https:\/\/www.leccecronaca.it\/wordpress\/wp-content\/uploads\/2020\/04\/re-300x225.jpeg 300w, https:\/\/www.leccecronaca.it\/wordpress\/wp-content\/uploads\/2020\/04\/re-1024x768.jpeg 1024w, https:\/\/www.leccecronaca.it\/wordpress\/wp-content\/uploads\/2020\/04\/re-768x576.jpeg 768w, https:\/\/www.leccecronaca.it\/wordpress\/wp-content\/uploads\/2020\/04\/re-1536x1152.jpeg 1536w, https:\/\/www.leccecronaca.it\/wordpress\/wp-content\/uploads\/2020\/04\/re-400x300.jpeg 400w\" sizes=\"(max-width: 1600px) 100vw, 1600px\" \/>(Rdl)_____<\/strong>Roma, 17.04.2020. 10.00______<strong><span style=\"color: #ff0000;\">&#8220;Cara Italia.\u00a0 Ascolta questo silenzio&#8221;<\/span>.<\/strong><\/p>\n<p>Comincia cos\u00ec, al risveglio &#8220;in un incubo&#8221;, la lettera che Friday For Future Italia (nella foto, la manifestazione a Lecce del 27 settembre dell&#8217;anno scorso) rivolge agli Italiani, diffusa questa mattina, con una serie di considerazioni e di proposte operative, nel momento storico e anzi epocale che stiamo tutti vivendo.<\/p>\n<p>Le sottolineature sono della nostra redazione, qui di seguito il testo integrale.<\/p>\n<p><strong><span style=\"color: #000000;\">Si tratta di un vero e proprio &#8216;manifesto&#8217; ideologico, programmatico e organizzativo.<\/span><\/strong><\/p>\n<p><em>&#8220;La nostra normalit\u00e0 \u00e8 stata stravolta e ci siamo svegliati in un incubo. Ci ritroviamo chiusi nelle nostre case, isolati e angosciati, ad aspettare la fine di questa pandemia. Non sappiamo quando potremo tornare alla nostra vita, dai nostri cari, in aula o al lavoro. Peggio, non sappiamo se ci sar\u00e0 ancora un lavoro ad attenderci, se le aziende sapranno rialzarsi, schiacciate dalla peggiore crisi economica dal Dopoguerra&#8221;.<\/em><\/p>\n<p>Che fare, allora? Innanzi tutto considerare con lucidit\u00e0 quanto \u00e8 successo.<\/p>\n<p>&#8220;<em>Forse avremmo potuto evitare questo disastro?<\/em><\/p>\n<p><em><strong>Molti studi sostengono che questa crisi sia connessa all\u2019emergenza ecologica<\/strong>. La continua distruzione degli spazi naturali costringe infatti molti animali selvatici, portatori di malattie pericolose per l\u2019uomo, a trovarsi a convivere a stretto contatto con noi. <\/em><\/p>\n<p><em>Sappiamo con certezza che questa sar\u00e0 solo la prima di tante altre crisi &#8211; sanitarie, economiche o umanitarie &#8211; dovute al cambiamento climatico e ai suoi frutti avvelenati. Estati sempre pi\u00f9 torride e inverni sempre pi\u00f9 caldi, inondazioni e siccit\u00e0 distruggono gi\u00e0 da anni i nostri raccolti, causano danni incalcolabili e vittime sempre pi\u00f9 numerose. <\/em><\/p>\n<p><em>L\u2019inesorabile aumento delle temperature ci porter\u00e0 malattie infettive tipiche dei climi pi\u00f9 caldi o ancora del tutto sconosciute, rischiando di farci ripiombare in una nuova epidemia&#8221;<\/em>.<\/p>\n<p>Ma non bisogna rassegnarsi al peggio.<\/p>\n<p><em>&#8220;Siamo destinati a questo? E se invece avessimo una via d\u2019uscita? Un\u2019idea in grado di risolvere sia la crisi climatica sia la crisi economica?\u00a0<\/em><\/p>\n<p><em>Cara Italia, per questo ti scriviamo: <strong>la soluzione esiste gi\u00e0.<\/strong><\/em><\/p>\n<p><em><strong>L&#8217;uscita dalla crisi sanitaria dovr\u00e0 essere il momento per ripartire, e la transizione ecologica sar\u00e0 il cuore e il cervello di questa rinascita: il punto di partenza per una rivoluzione del nostro intero sistema.<\/strong> La sfida \u00e8 ambiziosa, lo sappiamo, ma la posta in gioco \u00e8 troppo alta per tirarsi indietro. Dobbiamo dare il via a un colossale, storico, piano di investimenti pubblici sostenibili che porter\u00e0 benessere e lavoro per tutte e tutti e che ci restituir\u00e0 finalmente un Futuro a cui ritornare, dopo il viaggio nell\u2019oscurit\u00e0 di questa pandemia<\/em><\/p>\n<p><em>Un futuro nel quale produrremo tutta la nostra energia da fonti rinnovabili e non avremo pi\u00f9 bisogno di comprare petrolio, carbone e metano dall\u2019estero. Nel quale smettendo di bruciare combustibili fossili, riconvertendo le aziende inquinanti e bonificando i nostri territori devastati <span style=\"color: #ff0000;\"><strong>potremo salvare le oltre 80.000 persone uccise ogni anno dall\u2019inquinamento atmosferico.<\/strong><\/span><\/em><\/p>\n<p><em>Immagina, cara Italia, le tue citt\u00e0 saranno verdi e libere dal traffico. Non perch\u00e9 saremo ancora costretti in casa, ma perch\u00e9 ci muoveremo grazie a un trasporto pubblico efficiente e accessibile a tutte e tutti. <\/em><\/p>\n<p><em>Con un grande piano nazionale rinnoveremo edifici pubblici e privati, abbattendo\u00a0 emissioni e bollette. <\/em><\/p>\n<p><em>Restituiremo dignit\u00e0 alle tue infinite bellezze, ai tuoi parchi e alle tue montagne. Potremo fare affidamento sull\u2019aria, sull\u2019acqua, e sui beni essenziali che i tuoi ecosistemi naturali, sani e integri, ci regalano. <\/em><\/p>\n<p><em>Produrremo il cibo per cui siamo famosi in tutto il mondo in maniera sostenibile.\u00a0<\/em><\/p>\n<p><em>In questo modo creeremo centinaia di migliaia di nuovi posti di lavoro ben retribuiti, in tutti i settori&#8221;.<\/em><\/p>\n<p>Il futuro, all&#8217;improvviso, un mondo migliore \u00e8 possibile.<\/p>\n<p><em>&#8220;Questo Futuro \u00e8 davvero possibile, cara Italia, ne siamo convinti. Per affrontare questa emergenza sanitaria stiamo finalmente ascoltando la scienza. Ed \u00e8 proprio la scienza ad indicarci chiaramente la rotta da percorrere per sconfiggere la crisi climatica. <\/em><\/p>\n<p><em>Stavolta sappiamo quanto tempo ci rimane per agire: siamo gi\u00e0 entrati nel decennio cruciale. Il momento del collasso dell\u2019unico ecosistema in cui possiamo vivere, il superamento di 1,5\u00b0C di riscaldamento globale, gi\u00e0 si staglia all&#8217;orizzonte. La folle curva di emissioni va capovolta gi\u00e0 da quest&#8217;anno, e per sempre. <strong>Solo se ci riusciremo costruiremo un paese e un mondo pi\u00f9 giusto, pi\u00f9 equo per tutte e tutti, non a spese dei pi\u00f9 deboli, ma di\u00a0 <span style=\"color: #ff0000;\">quei pochi che sulla crisi climatica hanno costruito i loro profitti.<\/span><\/strong><\/em><\/p>\n<p><em>Cara Italia, sei di fronte ad un bivio della tua storia, e non dovranno esserci miopi vincoli di bilancio o inique politiche di austerity che ti impediscano di realizzare questa svolta.\u00a0<\/em><\/p>\n<p><em>Cara Italia, tu puoi essere d\u2019esempio. Puoi guidare l\u2019Europa e il mondo sulla strada della riconversione ecologica.<\/em><\/p>\n<p><em>Non a tutte le generazioni viene data la possibilit\u00e0 di cambiare davvero la storia e creare un mondo migliore, l\u2019unico in cui la vita sia possibile<\/em><\/p>\n<p><em>Questa \u00e8 la nostra ultima occasione. Non possiamo permetterci di tornare al passato. Dobbiamo guardare avanti e preparare il nostro Ritorno al Futuro<\/em>&#8220;.<\/p>\n<p>Ed ecco l&#8217;organizzazione concreta.<\/p>\n<p><em><span style=\"color: #ff0000;\"><strong>&#8220;Oggi comincia una grande campagna per la rinascita del nostro Paes<\/strong>e<\/span>, che ci porter\u00e0 fino al lancio di una serie di proposte concrete, in occasione del global #DigitalStrike, il 24 aprile. E non saremo soli.<\/em><\/p>\n<p><em>A sostenere la campagna di Fridays For Future Italia oltre trenta tra climatologi, economisti, sociologi, medici, biologi, chimici e fisici, che firmano la lettera pubblicata sul\u00a0sito\u00a0del movimento e su quello creato per la campagna e che daranno il loro contributo al &#8220;Cameretta tour&#8221; in video.<\/em><\/p>\n<p><em>La campagna che comincia oggi si chiama &#8216;Ritorno al futuro e lancer\u00e0 proposte sostenute da pareri di scienziati ed esperti per il rilancio economico post emergenza coronavirus. Gli attivisti di Fridays for future chiedono infatti che nel sostenere la ripresa si seguano criteri di sostenibilit\u00e0, poich\u00e9 le crisi sanitaria e climatica sono connesse nelle cause come negli esiti&#8221;.<\/em><\/p>\n<fb:like href='https:\/\/www.leccecronaca.it\/index.php\/2020\/04\/17\/il-nuovo-manifesto-del-futurismo-centodieci-anni-dopo-tommaso-marinetti-friday-for-future-italia-pensa-gia-al-futuro-del-nostro-paese-e-scrive-una-lettera-di-proposte-agli-italiani-per-quando-l\/' send='true' layout='button_count' show_faces='true' width='450' height='65' action='recommend' colorscheme='light' font='lucida grande'><\/fb:like><span class=\"fb_share\"><fb:like href=\"https:\/\/www.leccecronaca.it\/index.php\/2020\/04\/17\/il-nuovo-manifesto-del-futurismo-centodieci-anni-dopo-tommaso-marinetti-friday-for-future-italia-pensa-gia-al-futuro-del-nostro-paese-e-scrive-una-lettera-di-proposte-agli-italiani-per-quando-l\/\" layout=\"button_count\"><\/fb:like><\/span>","protected":false},"excerpt":{"rendered":"<p>(Rdl)_____Roma, 17.04.2020. 10.00______&#8220;Cara Italia.\u00a0 Ascolta questo silenzio&#8221;. Comincia cos\u00ec, al risveglio &#8220;in un incubo&#8221;, la lettera che Friday For Future Italia (nella foto, la manifestazione a Lecce del 27 settembre dell&#8217;anno scorso) rivolge agli Italiani, diffusa questa mattina, con una serie di considerazioni e di proposte operative, nel momento storico e anzi epocale che stiamo [&hellip;]<\/p>\n","protected":false},"author":4,"featured_media":165708,"comment_status":"open","ping_status":"closed","sticky":false,"template":"","format":"standard","meta":[],"categories":[69,31,76],"tags":[],"_links":{"self":[{"href":"https:\/\/www.leccecronaca.it\/index.php\/wp-json\/wp\/v2\/posts\/165707"}],"collection":[{"href":"https:\/\/www.leccecronaca.it\/index.php\/wp-json\/wp\/v2\/posts"}],"about":[{"href":"https:\/\/www.leccecronaca.it\/index.php\/wp-json\/wp\/v2\/types\/post"}],"author":[{"embeddable":true,"href":"https:\/\/www.leccecronaca.it\/index.php\/wp-json\/wp\/v2\/users\/4"}],"replies":[{"embeddable":true,"href":"https:\/\/www.leccecronaca.it\/index.php\/wp-json\/wp\/v2\/comments?post=165707"}],"version-history":[{"count":5,"href":"https:\/\/www.leccecronaca.it\/index.php\/wp-json\/wp\/v2\/posts\/165707\/revisions"}],"predecessor-version":[{"id":165713,"href":"https:\/\/www.leccecronaca.it\/index.php\/wp-json\/wp\/v2\/posts\/165707\/revisions\/165713"}],"wp:featuredmedia":[{"embeddable":true,"href":"https:\/\/www.leccecronaca.it\/index.php\/wp-json\/wp\/v2\/media\/165708"}],"wp:attachment":[{"href":"https:\/\/www.leccecronaca.it\/index.php\/wp-json\/wp\/v2\/media?parent=165707"}],"wp:term":[{"taxonomy":"category","embeddable":true,"href":"https:\/\/www.leccecronaca.it\/index.php\/wp-json\/wp\/v2\/categories?post=165707"},{"taxonomy":"post_tag","embeddable":true,"href":"https:\/\/www.leccecronaca.it\/index.php\/wp-json\/wp\/v2\/tags?post=165707"}],"curies":[{"name":"wp","href":"https:\/\/api.w.org\/{rel}","templated":true}]}}