{"id":165717,"date":"2020-04-17T13:25:42","date_gmt":"2020-04-17T11:25:42","guid":{"rendered":"http:\/\/www.leccecronaca.it\/?p=165717"},"modified":"2020-04-22T13:47:14","modified_gmt":"2020-04-22T11:47:14","slug":"azzolina-non-si-torna-a-scuola-a-maggio-dal-ministero-dellistruzione-le-ultime-novita-sul-decreto-scuola-di-recente-emanazione","status":"publish","type":"post","link":"https:\/\/www.leccecronaca.it\/index.php\/2020\/04\/17\/azzolina-non-si-torna-a-scuola-a-maggio-dal-ministero-dellistruzione-le-ultime-novita-sul-decreto-scuola-di-recente-emanazione\/","title":{"rendered":"LUCIA AZZOLINA: \u201cNon si torna a scuola a maggio\u201d"},"content":{"rendered":"<p><img decoding=\"async\" loading=\"lazy\" class=\"alignnone wp-image-165718\" src=\"https:\/\/www.leccecronaca.it\/wordpress\/wp-content\/uploads\/2020\/04\/lucia-azzolina.jpg\" alt=\"\" width=\"363\" height=\"228\" srcset=\"https:\/\/www.leccecronaca.it\/wordpress\/wp-content\/uploads\/2020\/04\/lucia-azzolina.jpg 660w, https:\/\/www.leccecronaca.it\/wordpress\/wp-content\/uploads\/2020\/04\/lucia-azzolina-300x188.jpg 300w\" sizes=\"(max-width: 363px) 100vw, 363px\" \/><\/p>\n<p>DIRETTAMENTE DAL MINISTRO DELL\u2019ISTRUZIONE LE ULTIME NOVIT\u00c0 RISPETTO AL DECRETO DI DIECI GIORNI FA, leccecronaca.it VI ANTICIPA TUTTE LE DECISIONI ASSODATE<\/p>\n<p>di\u00a0<strong>Carmen Leo<\/strong>______\u00a0<em>\u201cNon si torna a scuola a maggio. La prima ipotesi di un rientro entro il 18 del prossimo mese, come stabilito inizialmente dal decreto scuola per l\u2019emergenza Coronavirus, \u00e8 sempre pi\u00f9 lontana. Ci sono tuttora troppi morti e contagiati. Il rischio \u00e8 ancora molto alto. <\/em><em>Aprire le scuole con l\u2019emergenza sanitaria in corso significherebbe far muovere 8 milioni di studenti<\/em>. <em>Non mi piace affatto l\u2019idea di studenti con la mascherina a scuola. E per giunta come si fa a chiedere ad un bambino di rispettare la distanza di sicurezza? <\/em><em>Non mostrare cautela adesso significherebbe\u00a0<strong>vanificare gli enormi sforzi<\/strong>\u00a0fatti finora su tutti i fronti<\/em><em>\u201d<\/em><\/p>\n<p>Queste le ultime il ministra dell\u2019Istruzione Lucia Azzolina (nella foto), la quale fa sapere che una\u00a0<strong>decisione ufficiale<\/strong><strong>, <\/strong>arriver\u00e0\u00a0<strong>nei prossimi giorni<\/strong><strong>.<\/strong><\/p>\n<p><strong>Dalle sue parole per\u00f2 sembra che non vi siano pi\u00f9 dubbi.<\/strong><\/p>\n<p>Ecco tutte le altre novit\u00e0 nel frattempo assodate.<\/p>\n<p>Il ministro esclude anche i doppi turni delle lezioni a settembre, tra diurni e pomeridiani, come possibile soluzione alla messa in pratica di una distanza di sicurezza fisica tra gli alunni nelle aule scolastiche, promettendo anche maggiori aiuti ai genitori che lavorano, con un\u2019estensione del congedo parentale e del bonus baby-sitter.<\/p>\n<p>Un altro intervento sar\u00e0 quello mirato ad implementare, con altri ottanta milioni di euro, le risorse da destinare alla didattica a distanza, che si sta rivelando l\u2019unica strategia efficace, pur con tutte le problematiche ad essa connesse, per non interrompere il canale di trasmissione del sapere tra docenti e discenti attraverso le classi virtuali.<\/p>\n<p>E per quanto riguarda la tanto discussa valutazione degli alunni, Azzolina, che ha sempre dichiarato di rifiutare l\u2019idea del sei politico, sostiene <em>\u201c<strong>Se lo studente merita 8 avr\u00e0 8, se merita 5 avr\u00e0 5.\u00a0<\/strong> La didattica a distanza ci ha permesso di mettere in sicurezza l\u2019anno che altrimenti sarebbe andato perso. Alla fine tutti avranno un voto e saranno ammessi alla classe successiva. Chi risulta insufficiente\u00a0<strong>recuperer\u00e0 il prossimo anno<\/strong><strong>\u00a0con attivit\u00e0 individualizzate<\/strong>.\u201d <\/em><\/p>\n<p>Ogni alunno\u00a0avr\u00e0, dunque, ci\u00f2 che merita<strong>, <\/strong>secondo l\u2019impegno e la dedizione dimostrata nel corso dell\u2019intero anno scolastico.<\/p>\n<p>A quanti esprimono richieste o dubbi <strong>circa la possibilit\u00e0 di un\u00a0prolungamento delle lezioni in estate, la ministra risponde escludendolo perentoriamente<\/strong>,\u00a0perch\u00e9 questo, a suo avviso, significherebbe non riconoscere il complesso lavoro fatto da insegnanti e alunni in questi mesi difficili in cui, per\u00f2, la scuola non si \u00e8 affatto fermata, ma ha continuato a lavorare alacremente grazie alla didattica a distanza.<\/p>\n<p><em>\u201cRicevo continuamente numerose lettere di studenti che mi chiedono un\u00a0<strong>esame in presenza<\/strong>: sarebbe auspicabile, vedremo se si potr\u00e0.\u00a0Escludo l\u2019ipotesi mista: studenti a scuola e professori a casa.\u201d <\/em><\/p>\n<p>La ministra ha cos\u00ec cercato di chiarire i dubbi anche sugli <strong>Esami di Maturit\u00e0 2020<\/strong>, confermando che quest\u2019anno tutti saranno ammessi a sostenere le prove e paventando quello che, a questo punto, diviene il concreto scenario di un esame solo orale e per giunta a distanza.<\/p>\n<p>Permane il problema inerente l\u2019aggiornamento delle graduatorie ad esaurimento, rinviate al prossimo anno, e quello dei concorsi, non ancora banditi, per il\u00a0<strong>reclutamento degli insegnanti.<\/strong><\/p>\n<p>Questo quanto annunciato in merito da Lucia Azzolina:<em>\u201cI\u00a0<strong>concorsi si faranno<\/strong>. \u00c8 l\u2019unico modo per poter assumere a settembre. Quello\u00a0<strong>straordinario per 24 mila precari si <\/strong>svolger\u00e0 appena le condizioni lo permetteranno\u201d. <\/em><\/p>\n<p><em>\u00a0<\/em>\u00a0Il Ministero dell\u2019Istruzione ci tiene a tranquillizzare tanto gli addetti ai lavori quanto l\u2019utenza, \u00a0che \u00e8 stata istituita una\u00a0<strong>commissione tecnica <\/strong>guidata<strong> da Patrizio Bianchi<\/strong>, attualmente professore ordinario di Economia Applicata alla Facolt\u00e0 di Economia e Rettore dell\u2019Universit\u00e0 degli Studi di Ferrara.<\/p>\n<p>L\u2019obiettivo \u00e8 <strong>l\u2019innovazione<\/strong> ad ampio spettro, che rimoduli il modo di insegnare ed apprendere in un contesto esistenziale profondamente e improvvisamente mutato, a causa di un evento che ci ha colti impreparati, ma che ha tirato fuori da ogni settore dello scenario economico e sociale una straordinaria capacit\u00e0 di reazione e di riadattamento volti alla sopravvivenza della specie.<\/p>\n<p>Oggi i dotti, tanto avvezzi a parlar forbito, la chiamano <strong>RESILIENZA.<\/strong><\/p>\n<p>Noi che la possediamo da tempo immemore, quasi marchiata a fuoco nel DNA, la potremmo definire <strong>ORGOGLIO<\/strong> di un popolo che non VUOLE, non PU\u00d2 e non DEVE mostrarsi arreso e sconfitto dinanzi ad un nemico invisibile, ma devastante di ogni cosa, tranne che della nostra DIGNIT\u00c0!<\/p>\n<p>&nbsp;<\/p>\n<fb:like href='https:\/\/www.leccecronaca.it\/index.php\/2020\/04\/17\/azzolina-non-si-torna-a-scuola-a-maggio-dal-ministero-dellistruzione-le-ultime-novita-sul-decreto-scuola-di-recente-emanazione\/' send='true' layout='button_count' show_faces='true' width='450' height='65' action='recommend' colorscheme='light' font='lucida grande'><\/fb:like><span class=\"fb_share\"><fb:like href=\"https:\/\/www.leccecronaca.it\/index.php\/2020\/04\/17\/azzolina-non-si-torna-a-scuola-a-maggio-dal-ministero-dellistruzione-le-ultime-novita-sul-decreto-scuola-di-recente-emanazione\/\" layout=\"button_count\"><\/fb:like><\/span>","protected":false},"excerpt":{"rendered":"<p>DIRETTAMENTE DAL MINISTRO DELL\u2019ISTRUZIONE LE ULTIME NOVIT\u00c0 RISPETTO AL DECRETO DI DIECI GIORNI FA, leccecronaca.it VI ANTICIPA TUTTE LE DECISIONI ASSODATE di\u00a0Carmen Leo______\u00a0\u201cNon si torna a scuola a maggio. La prima ipotesi di un rientro entro il 18 del prossimo mese, come stabilito inizialmente dal decreto scuola per l\u2019emergenza Coronavirus, \u00e8 sempre pi\u00f9 lontana. Ci [&hellip;]<\/p>\n","protected":false},"author":4,"featured_media":165718,"comment_status":"open","ping_status":"closed","sticky":false,"template":"","format":"standard","meta":[],"categories":[69,31],"tags":[],"_links":{"self":[{"href":"https:\/\/www.leccecronaca.it\/index.php\/wp-json\/wp\/v2\/posts\/165717"}],"collection":[{"href":"https:\/\/www.leccecronaca.it\/index.php\/wp-json\/wp\/v2\/posts"}],"about":[{"href":"https:\/\/www.leccecronaca.it\/index.php\/wp-json\/wp\/v2\/types\/post"}],"author":[{"embeddable":true,"href":"https:\/\/www.leccecronaca.it\/index.php\/wp-json\/wp\/v2\/users\/4"}],"replies":[{"embeddable":true,"href":"https:\/\/www.leccecronaca.it\/index.php\/wp-json\/wp\/v2\/comments?post=165717"}],"version-history":[{"count":7,"href":"https:\/\/www.leccecronaca.it\/index.php\/wp-json\/wp\/v2\/posts\/165717\/revisions"}],"predecessor-version":[{"id":165784,"href":"https:\/\/www.leccecronaca.it\/index.php\/wp-json\/wp\/v2\/posts\/165717\/revisions\/165784"}],"wp:featuredmedia":[{"embeddable":true,"href":"https:\/\/www.leccecronaca.it\/index.php\/wp-json\/wp\/v2\/media\/165718"}],"wp:attachment":[{"href":"https:\/\/www.leccecronaca.it\/index.php\/wp-json\/wp\/v2\/media?parent=165717"}],"wp:term":[{"taxonomy":"category","embeddable":true,"href":"https:\/\/www.leccecronaca.it\/index.php\/wp-json\/wp\/v2\/categories?post=165717"},{"taxonomy":"post_tag","embeddable":true,"href":"https:\/\/www.leccecronaca.it\/index.php\/wp-json\/wp\/v2\/tags?post=165717"}],"curies":[{"name":"wp","href":"https:\/\/api.w.org\/{rel}","templated":true}]}}