{"id":166081,"date":"2020-04-27T00:04:56","date_gmt":"2020-04-26T22:04:56","guid":{"rendered":"http:\/\/www.leccecronaca.it\/?p=166081"},"modified":"2020-04-27T14:07:57","modified_gmt":"2020-04-27T12:07:57","slug":"la-testimonianza-io-i-miei-22-anni-e-le-mie-connessioni-con-lolanda-litalia-e-il-mondo","status":"publish","type":"post","link":"https:\/\/www.leccecronaca.it\/index.php\/2020\/04\/27\/la-testimonianza-io-i-miei-22-anni-e-le-mie-connessioni-con-lolanda-litalia-e-il-mondo\/","title":{"rendered":"LA TESTIMONIANZA \/ IO, I MIEI 22 ANNI E LE MIE CONNESSIONI CON L&#8217;OLANDA, L&#8217;ITALIA E IL MONDO"},"content":{"rendered":"<p><img decoding=\"async\" loading=\"lazy\" class=\"alignnone size-full wp-image-166082\" src=\"https:\/\/www.leccecronaca.it\/wordpress\/wp-content\/uploads\/2020\/04\/va.jpg\" alt=\"\" width=\"960\" height=\"1280\" srcset=\"https:\/\/www.leccecronaca.it\/wordpress\/wp-content\/uploads\/2020\/04\/va.jpg 960w, https:\/\/www.leccecronaca.it\/wordpress\/wp-content\/uploads\/2020\/04\/va-225x300.jpg 225w, https:\/\/www.leccecronaca.it\/wordpress\/wp-content\/uploads\/2020\/04\/va-768x1024.jpg 768w\" sizes=\"(max-width: 960px) 100vw, 960px\" \/>Riceviamo e volentieri pubblichiamo. Dall&#8217;Aia, Vittoria Malgioglio (nella foto) che ringraziamo per il suo bel report di attualit\u00e0, ci scrive______<\/p>\n<p>Vivo in Olanda da tre anni: ecco come se la vivono qua gli olandesi e gli italiani.<\/p>\n<p>Per ovvi motivi, le relazioni tra Italia e Olanda non sono esattamente amichevoli: negli ultimi mesi ho sentito, letto e visto cose accuse e cattiverie da entrambe le parti. Sembra che sia in Italia che in Olanda, il Covid-19 sia stato la scusa che tutti aspettavano per dare sfogo alle proprie frustrazioni ed alla propria amarezza.<\/p>\n<p>Le brutture razziste vengono da entrambe le parti. E gli Italiani emigrati qua in Olanda, universitari e lavoratori, vi stanno proprio in mezzo.<\/p>\n<p>Non posso parlare a nome di tutti loro, ma posso provare a darvi un\u2019idea attraverso le mie esperienze.<\/p>\n<p>C\u2019\u00e8 chi perde il lavoro, perch\u00e9 anche qua \u00e8 quasi tutto chiuso; c\u2019\u00e8 chi torna a casa in Italia perch\u00e9 l\u00e0 si sente pi\u00f9 al sicuro; e c\u2019\u00e8 chi ha costruito una vita qua ed in Italia non ci torna per evitare di aggravare una situazione gi\u00e0 in bilico, o perch\u00e9 preferisce rimanere dove ha pi\u00f9 possibilit\u00e0 di guadagnare e poter aiutare i propri cari nei mesi a venire.<\/p>\n<p>Io ho deciso di rimanere in Olanda, dove lavoro e studio da tre anni.<\/p>\n<p>Questo era l\u2019anno dei grandi piani per l\u2019apertura in pompa magna della mia radiosa carriera in comunicazione e media. La sorte ha uno strano senso dell\u2019umorismo: tutto ad un tratto ecco che mi trovo nel momento peggiore dalla fine della seconda guerra mondiale per entrare nel mondo del lavoro. E come me si trovano anche tutti gli universitari e giovani lavoratori in Italia ed all\u2019estero, che stanno combattendo per avere un lavoro ed una carriera.<\/p>\n<p>Una bomba di insicurezza e crisi economica che si aggiunge al cambiamento climatico, le guerre, le discriminazioni, la povert\u00e0 e tutte le altre ansie della nostra generazione. Fantastico. Per fortuna qua il governo ti aiuta parecchio se sei uno studente: ricevo un prestito dallo Stato (ebbene s\u00ec, ventidue anni e indebitata), pi\u00f9 aiuti per pagare affitto e assicurazione sanitaria (che \u00e8 obbligatoria ma in mano ai privati), ed ho anche accesso alle case popolari.<\/p>\n<p>In Olanda si investe tantissimo sui giovani e sull\u2019educazione: \u00e8 grazie a questi investimenti che &#8211; con il giusto duro lavoro &#8211; a ventidue anni si pu\u00f2 essere completamente indipendenti, lavorare, studiare e vivere da soli. Inutile evidenziare come ci\u00f2 sia impensabile in Italia.<\/p>\n<p>Il governo ha anche sviluppato dei pacchetti di aiuto per le aziende, ma troppi ristoranti ne sono esclusi per ragioni burocratiche -e qua sono affezionatissimi alla burocrazia.<\/p>\n<p>Gli Olandesi sono anche molto affezionati al \u201ccontinuare la vita normale nonostante tutto\u201d ed infatti sembra che stiano prendendo questo periodo come una vacanza: i parchi sono pieni, per non parlare dei canali pieni barche, canoe, e aperitivi fuori dalla porta di casa.<\/p>\n<p>La quarantena non \u00e8 obbligatoria e non servono certificazioni di alcun tipo: basta essere in meno di tre persone, mantenere il metro e mezzo di distanza e starnutire nel gomito.<\/p>\n<p>Va detto che in Olanda ci sono 37 mila casi di Covid-19 e 4500 morti: numeri drammatici, ma molto bassi rispetto a quelli che vengono dall\u2019Italia e il sud- Europa.<\/p>\n<p>Io per\u00f2 sono figlia di una mamma italiana e quindi sto chiusa in casa. Quando esco metto mascherina e guanti, e mi faccio prendere in giro da quelli che mi chiedono se ho il virus. Mi guardano male perch\u00e9 credono che la mascherina vada indossata solo se malati -non mi spiego perch\u00e9 credano a questa idea di fatto scorretta. Per\u00f2 vado avanti, sperando di non finire mai in ospedale cos\u00ec lontana da casa.<\/p>\n<p>Ogni volta che esco e vedo tutti quelli che tranquillamente le regole non le rispettano, mi chiedo se non sono io quella pazza, quella che ha perso il senso della misura. \u00c8 in questa ansia che i miei sensi di colpa fanno festa: ci si sente in colpa per non essere con i propri cari ed il proprio Paese, almeno non fisicamente.<\/p>\n<p>Il dolore che provo per la mia Milano, dove sono nata e cresciuta e per l\u2019Italia intera, non riesco a spiegarlo. E anche se potessi, attorno a me non c\u2019\u00e8 nessuno che possa capirlo: a volte ci si sente soli anche in mezzo agli Italiani, soprattutto perch\u00e9 la maggior parte di quelli che partono sono completamente disinteressati alla politica ed alle notizie Italiane.<\/p>\n<p>Gli Olandesi d\u2019altro canto, come molti Italiani amano l\u2019Italia, ma non sempre la rispettano. Molti ragazzi partono dall\u2019Italia perch\u00e9 con l\u2019Italia non vogliono avere niente a che fare: non bisogna offendersi, questo \u00e8 un fenomeno che esiste ovunque- anche qua in Olanda.<\/p>\n<p>Per me andarmene dall\u2019Italia non \u00e8 stato un rifiuto del mio paese ma un\u2019accettazione della mia curiosit\u00e0 verso il mondo, della mia voglia di cambiamento e della mia ambizione. Di conseguenza la connessione con le mie radici \u00e8 molto forte, anche se accompagnata dalla connessione con il sentimento di essere cittadini del mondo, e quindi di avere doveri e diritti non solo nei confronti dell\u2019Italia ma nei confronti del mondo intero.<\/p>\n<p>Come \u00e8 vivere questa situazione dall\u2019Olanda? Da una parte\u00a0vivere in Olanda ti d\u00e0 molte pi\u00f9 opportunit\u00e0 che essere in Italia, d&#8217;altra parte ti strappa l&#8217;anima, come se si stesse giocando al tira e molla.<\/p>\n<fb:like href='https:\/\/www.leccecronaca.it\/index.php\/2020\/04\/27\/la-testimonianza-io-i-miei-22-anni-e-le-mie-connessioni-con-lolanda-litalia-e-il-mondo\/' send='true' layout='button_count' show_faces='true' width='450' height='65' action='recommend' colorscheme='light' font='lucida grande'><\/fb:like><span class=\"fb_share\"><fb:like href=\"https:\/\/www.leccecronaca.it\/index.php\/2020\/04\/27\/la-testimonianza-io-i-miei-22-anni-e-le-mie-connessioni-con-lolanda-litalia-e-il-mondo\/\" layout=\"button_count\"><\/fb:like><\/span>","protected":false},"excerpt":{"rendered":"<p>Riceviamo e volentieri pubblichiamo. Dall&#8217;Aia, Vittoria Malgioglio (nella foto) che ringraziamo per il suo bel report di attualit\u00e0, ci scrive______ Vivo in Olanda da tre anni: ecco come se la vivono qua gli olandesi e gli italiani. Per ovvi motivi, le relazioni tra Italia e Olanda non sono esattamente amichevoli: negli ultimi mesi ho sentito, [&hellip;]<\/p>\n","protected":false},"author":4,"featured_media":166082,"comment_status":"open","ping_status":"closed","sticky":false,"template":"","format":"standard","meta":[],"categories":[69,31],"tags":[],"_links":{"self":[{"href":"https:\/\/www.leccecronaca.it\/index.php\/wp-json\/wp\/v2\/posts\/166081"}],"collection":[{"href":"https:\/\/www.leccecronaca.it\/index.php\/wp-json\/wp\/v2\/posts"}],"about":[{"href":"https:\/\/www.leccecronaca.it\/index.php\/wp-json\/wp\/v2\/types\/post"}],"author":[{"embeddable":true,"href":"https:\/\/www.leccecronaca.it\/index.php\/wp-json\/wp\/v2\/users\/4"}],"replies":[{"embeddable":true,"href":"https:\/\/www.leccecronaca.it\/index.php\/wp-json\/wp\/v2\/comments?post=166081"}],"version-history":[{"count":1,"href":"https:\/\/www.leccecronaca.it\/index.php\/wp-json\/wp\/v2\/posts\/166081\/revisions"}],"predecessor-version":[{"id":166083,"href":"https:\/\/www.leccecronaca.it\/index.php\/wp-json\/wp\/v2\/posts\/166081\/revisions\/166083"}],"wp:featuredmedia":[{"embeddable":true,"href":"https:\/\/www.leccecronaca.it\/index.php\/wp-json\/wp\/v2\/media\/166082"}],"wp:attachment":[{"href":"https:\/\/www.leccecronaca.it\/index.php\/wp-json\/wp\/v2\/media?parent=166081"}],"wp:term":[{"taxonomy":"category","embeddable":true,"href":"https:\/\/www.leccecronaca.it\/index.php\/wp-json\/wp\/v2\/categories?post=166081"},{"taxonomy":"post_tag","embeddable":true,"href":"https:\/\/www.leccecronaca.it\/index.php\/wp-json\/wp\/v2\/tags?post=166081"}],"curies":[{"name":"wp","href":"https:\/\/api.w.org\/{rel}","templated":true}]}}