{"id":166189,"date":"2020-04-29T00:03:33","date_gmt":"2020-04-28T22:03:33","guid":{"rendered":"http:\/\/www.leccecronaca.it\/?p=166189"},"modified":"2020-04-28T20:55:13","modified_gmt":"2020-04-28T18:55:13","slug":"teatro-la-sera-andavamo-a-teatro-con-un-po-di-nostalgia-una-recensione-sul-filo-della-memoria-sperando-di-poterne-fare-presto-tante-altre-di-nuove","status":"publish","type":"post","link":"https:\/\/www.leccecronaca.it\/index.php\/2020\/04\/29\/teatro-la-sera-andavamo-a-teatro-con-un-po-di-nostalgia-una-recensione-sul-filo-della-memoria-sperando-di-poterne-fare-presto-tante-altre-di-nuove\/","title":{"rendered":"LA SERA ANDAVAMO A TEATRO&#8230;.CON UN PO&#8217; DI NOSTALGIA, UNA RECENSIONE SUL FILO DELLA MEMORIA, SPERANDO DI POTERNE FARE PRESTO TANTE ALTRE NUOVE"},"content":{"rendered":"<p>&nbsp;<\/p>\n<p><img decoding=\"async\" loading=\"lazy\" class=\"alignnone size-full wp-image-166190\" src=\"https:\/\/www.leccecronaca.it\/wordpress\/wp-content\/uploads\/2020\/04\/chantal-celino-2.jpg\" alt=\"\" width=\"995\" height=\"664\" srcset=\"https:\/\/www.leccecronaca.it\/wordpress\/wp-content\/uploads\/2020\/04\/chantal-celino-2.jpg 995w, https:\/\/www.leccecronaca.it\/wordpress\/wp-content\/uploads\/2020\/04\/chantal-celino-2-300x200.jpg 300w, https:\/\/www.leccecronaca.it\/wordpress\/wp-content\/uploads\/2020\/04\/chantal-celino-2-768x513.jpg 768w\" sizes=\"(max-width: 995px) 100vw, 995px\" \/>di <strong>Eugenio Limburgo<\/strong>______<\/p>\n<p>La mail d\u2019invito diceva: &#8211; Teatro Folletti e Folli presenta la rassegna Teatro in Pineta &#8211; \u00a0\u201cJJ\u201d liberamente tratto dal testo di Adriano Marenco \u2013 JANSI LA JANIS SBAGLIATA \u2013 con Chantal Celino, regia di Dario Lacitignola.<\/p>\n<p>Era intorno Ferragosto, del 2018. Era bello uscire, la sera, incontrare amici, chiacchierare e vedere Teatro.<\/p>\n<p>In Pineta, appunto, nella campagna di Ostuni. Un luogo che ti rappacifica col mondo. L\u2018atmosfera \u00e8 rilassata ma attenta.<\/p>\n<p>Il lavoro teatrale \u00e8 un viaggio nel mito di Janis Joplin, attraverso i testi delle sue canzoni, nelle pieghe pi\u00f9 intime della sua personalit\u00e0. Janis, in realt\u00e0, \u00e8 una persona timida, sensibile e dolce &#8211; ci racconta il regista Lacitignola \u2013 che sul palco si trasfigura in un animale da palcoscenico. Si dava totalmente al pubblico e alla musica.<\/p>\n<p>Dario Lacitignola (foto sotto) proviene dal Teatro Civile. Dall\u2019 incontro col testo e approfondendo la ricerca sul personaggio di J. J., ci confessa il regista, \u00e8 venuta fuori la sua umanit\u00e0, la solitudine provata ad alleviare con l\u2019alcol e le droghe. Egli ritiene che l\u2019Attore debba essere lasciato libero di esprimersi, per tirare fuori la propria anima.<\/p>\n<p><img decoding=\"async\" loading=\"lazy\" class=\"alignnone size-full wp-image-166191\" src=\"https:\/\/www.leccecronaca.it\/wordpress\/wp-content\/uploads\/2020\/04\/dario-lacitignola-2.jpg\" alt=\"\" width=\"300\" height=\"300\" srcset=\"https:\/\/www.leccecronaca.it\/wordpress\/wp-content\/uploads\/2020\/04\/dario-lacitignola-2.jpg 300w, https:\/\/www.leccecronaca.it\/wordpress\/wp-content\/uploads\/2020\/04\/dario-lacitignola-2-150x150.jpg 150w, https:\/\/www.leccecronaca.it\/wordpress\/wp-content\/uploads\/2020\/04\/dario-lacitignola-2-60x60.jpg 60w\" sizes=\"(max-width: 300px) 100vw, 300px\" \/><\/p>\n<p>Per questo lavoro ha cercato una interprete che fosse prima una cantante, <strong>Chantal Celino<\/strong> (nella foto di copertina), \u00a0sia per i timbri simili a J. J., e per sensibilit\u00e0 e forza interiore. Il nodo pi\u00f9 difficile \u00e8 calarsi nel personaggio, identificarsi nel ruolo. Il lavoro pi\u00f9 grosso \u00e8 annullare se stessi, in modo che il corpo dell\u2019attore diventi cassa di risonanza del personaggio.<\/p>\n<p>Chantal ci spiega che per lei questo spettacolo \u00e8 come un quadro di Pollock, un caleidoscopio di colori, sensazioni. Per lei J. J. era triste e sola ma con un grande cuore che metteva in tutte le esperienze di vita.<\/p>\n<p>Troppo cuore\u2026\u00a0 e poi quel terrore di perdere la cosa pi\u00f9 cara, la sua voce.<\/p>\n<p>Arrivederci in Pineta.<\/p>\n<p>L\u2019eco delle storie narrate nella Natura viaggia fra i testimoni muti, eppur senzienti e ne gioiscono gli Elfi, le Marmotte, gli Scoiattoli e le Volpi che le serate le passano cos\u00ec, raccontandosi le storie di quando la Vita era\u00a0 tutta un\u2019altra cosa.<\/p>\n<p>&nbsp;<\/p>\n<fb:like href='https:\/\/www.leccecronaca.it\/index.php\/2020\/04\/29\/teatro-la-sera-andavamo-a-teatro-con-un-po-di-nostalgia-una-recensione-sul-filo-della-memoria-sperando-di-poterne-fare-presto-tante-altre-di-nuove\/' send='true' layout='button_count' show_faces='true' width='450' height='65' action='recommend' colorscheme='light' font='lucida grande'><\/fb:like><span class=\"fb_share\"><fb:like href=\"https:\/\/www.leccecronaca.it\/index.php\/2020\/04\/29\/teatro-la-sera-andavamo-a-teatro-con-un-po-di-nostalgia-una-recensione-sul-filo-della-memoria-sperando-di-poterne-fare-presto-tante-altre-di-nuove\/\" layout=\"button_count\"><\/fb:like><\/span>","protected":false},"excerpt":{"rendered":"<p>&nbsp; di Eugenio Limburgo______ La mail d\u2019invito diceva: &#8211; Teatro Folletti e Folli presenta la rassegna Teatro in Pineta &#8211; \u00a0\u201cJJ\u201d liberamente tratto dal testo di Adriano Marenco \u2013 JANSI LA JANIS SBAGLIATA \u2013 con Chantal Celino, regia di Dario Lacitignola. Era intorno Ferragosto, del 2018. Era bello uscire, la sera, incontrare amici, chiacchierare e [&hellip;]<\/p>\n","protected":false},"author":4,"featured_media":166190,"comment_status":"open","ping_status":"closed","sticky":false,"template":"","format":"standard","meta":[],"categories":[31],"tags":[],"_links":{"self":[{"href":"https:\/\/www.leccecronaca.it\/index.php\/wp-json\/wp\/v2\/posts\/166189"}],"collection":[{"href":"https:\/\/www.leccecronaca.it\/index.php\/wp-json\/wp\/v2\/posts"}],"about":[{"href":"https:\/\/www.leccecronaca.it\/index.php\/wp-json\/wp\/v2\/types\/post"}],"author":[{"embeddable":true,"href":"https:\/\/www.leccecronaca.it\/index.php\/wp-json\/wp\/v2\/users\/4"}],"replies":[{"embeddable":true,"href":"https:\/\/www.leccecronaca.it\/index.php\/wp-json\/wp\/v2\/comments?post=166189"}],"version-history":[{"count":4,"href":"https:\/\/www.leccecronaca.it\/index.php\/wp-json\/wp\/v2\/posts\/166189\/revisions"}],"predecessor-version":[{"id":166195,"href":"https:\/\/www.leccecronaca.it\/index.php\/wp-json\/wp\/v2\/posts\/166189\/revisions\/166195"}],"wp:featuredmedia":[{"embeddable":true,"href":"https:\/\/www.leccecronaca.it\/index.php\/wp-json\/wp\/v2\/media\/166190"}],"wp:attachment":[{"href":"https:\/\/www.leccecronaca.it\/index.php\/wp-json\/wp\/v2\/media?parent=166189"}],"wp:term":[{"taxonomy":"category","embeddable":true,"href":"https:\/\/www.leccecronaca.it\/index.php\/wp-json\/wp\/v2\/categories?post=166189"},{"taxonomy":"post_tag","embeddable":true,"href":"https:\/\/www.leccecronaca.it\/index.php\/wp-json\/wp\/v2\/tags?post=166189"}],"curies":[{"name":"wp","href":"https:\/\/api.w.org\/{rel}","templated":true}]}}