{"id":166714,"date":"2020-05-11T19:06:25","date_gmt":"2020-05-11T17:06:25","guid":{"rendered":"http:\/\/www.leccecronaca.it\/?p=166714"},"modified":"2020-05-11T19:09:57","modified_gmt":"2020-05-11T17:09:57","slug":"le-mascherine-a-prezzo-politico-promesse-dal-governo-irreperibili-ancora-adesso-la-denunciano-dei-farmacisti-italiani","status":"publish","type":"post","link":"https:\/\/www.leccecronaca.it\/index.php\/2020\/05\/11\/le-mascherine-a-prezzo-politico-promesse-dal-governo-irreperibili-ancora-adesso-la-denunciano-dei-farmacisti-italiani\/","title":{"rendered":"LE MASCHERINE A PREZZO &#8216;POLITICO&#8217; PROMESSE DAL GOVERNO? &#8220;Irreperibili&#8221; ANCORA ADESSO: LA DENUNCIA DEI FARMACISTI ITALIANI, CHE NE SPIEGANO I MOTIVI"},"content":{"rendered":"<p><img decoding=\"async\" loading=\"lazy\" class=\"alignnone size-full wp-image-166715\" src=\"https:\/\/www.leccecronaca.it\/wordpress\/wp-content\/uploads\/2020\/05\/feder.jpg\" alt=\"\" width=\"960\" height=\"959\" srcset=\"https:\/\/www.leccecronaca.it\/wordpress\/wp-content\/uploads\/2020\/05\/feder.jpg 960w, https:\/\/www.leccecronaca.it\/wordpress\/wp-content\/uploads\/2020\/05\/feder-300x300.jpg 300w, https:\/\/www.leccecronaca.it\/wordpress\/wp-content\/uploads\/2020\/05\/feder-150x150.jpg 150w, https:\/\/www.leccecronaca.it\/wordpress\/wp-content\/uploads\/2020\/05\/feder-768x767.jpg 768w, https:\/\/www.leccecronaca.it\/wordpress\/wp-content\/uploads\/2020\/05\/feder-60x60.jpg 60w\" sizes=\"(max-width: 960px) 100vw, 960px\" \/>(g.p.)____Il bluff crolla miseramente, ci perdono la faccia il presente del Consiglio Giuseppe Conte e il ministro per gli Affari Regionali Francesco Boccia, che, uno dopo l&#8217;altro, ce l&#8217;avevano messa di persona, promettendo e rassicurando.<\/p>\n<p>&nbsp;<\/p>\n<p>Dichiarazione di questo pomeriggio del segretario nazionale di Federfarma, l&#8217;associazione dei farmacisti, Roberto Tobia (nella foto):\u00a0 <em>&#8220;Le mascherine chirurgiche sono irreperibili o quasi nelle farmacie.\u00a0Circa tre milioni sono in distribuzione tra Roma, Milano e Torino, un numero insufficiente per far fronte al fabbisogno. Al Sud non ce ne sono proprio.\u00a0Non c&#8217;\u00e8\u00a0alcuna traccia dei dodici milioni di mascherine a settimana promesse e non abbiamo alcuna notizia della produzione che sarebbe invece dovuta partire a fine mese.\u00a0Mediamente ogni farmacia italiana riceve 80-90 mascherine che finiscono in un batter di ciglia.\u00a0Noi farmacisti veniamo accusati di nasconderle, quando in realt\u00e0\u00a0nelle nostre farmacie non arrivano proprio o ne arrivano talmente poche da finire subito&#8221;.<\/em><\/p>\n<p>&nbsp;<\/p>\n<p>Dichiarazione di questo pomeriggio del presidente, sempre di Federfarma, Marco Cossolo:<em>\u00a0 &#8220;Nella quasi totalit\u00e0 delle farmacie dove sono state consegnate a prezzo calmierato, per esempio a Roma, le mascherine chirurgiche sono gi\u00e0 finite. Non sono state ancora consegnate in altre grandi citt\u00e0 come Milano e Torino e c&#8217;\u00e8 ancora stallo sulla carenza di mascherine. I farmacisti sono disponibii alla vendita, ma le ingenti quantit\u00e0 promesse, affinch\u00e9 queste ultime fossero nella disponibilt\u00e0 delle farmacie, purtroppo non sono arrivate. Su questo siamo punto e a capo&#8221;.<\/em><\/p>\n<p>&nbsp;<\/p>\n<p>Non \u00e8 finita. I farmacisti denunciano anche che\u00a0<em>&#8220;oltre alle mascherine, c&#8217;\u00e8 una\u00a0fortissima carenza di guanti e di alcol per disinfettare. Sono introvabili nelle farmacie italiane. Il prezzo dei guanti, in lattice o nitrile, si \u00e8 triplicato o quadruplicato negli ultimi mesi, la carenza deriva dall&#8217;altissimo costo di acquisto pagato dalla farmacia ai fornitori, per il fatto che le materie prime sono aumentate, la richiesta si \u00e8 moltiplicata per mille e le giacenze di magazzino sono ormai finite&#8221;.______<\/em><\/p>\n<p>LA RICERCA nei nostri articoli del 5 e 7 maggio, e del 27 aprile<\/p>\n<blockquote class=\"wp-embedded-content\" data-secret=\"bZURZRneaD\"><p><a href=\"https:\/\/www.leccecronaca.it\/index.php\/2020\/05\/07\/i-farmacisti-salentini-chiariscono-la-situazione-se-mancano-le-mascherine-a-prezzo-calmierato-promesse-dal-governo-non-e-colpa-nostra-risultano-irreperibili-e-non-sono-disponibili-neppure-tra-g\/\">I FARMACISTI SALENTINI CHIARISCONO LA SITUAZIONE RELATIVA ALLE MASCHERINE A PREZZO CALMIERATO DA GIORNI PROMESSE DAL GOVERNO, MA CHE NESSUNO HA ANCORA VISTO: &#8220;Non \u00e8 colpa nostra, risultano irreperibili e non sono disponibili neppure tra gli stessi fornitori\u201d<\/a><\/p><\/blockquote>\n<p><iframe class=\"wp-embedded-content\" sandbox=\"allow-scripts\" security=\"restricted\" style=\"position: absolute; clip: rect(1px, 1px, 1px, 1px);\" src=\"https:\/\/www.leccecronaca.it\/index.php\/2020\/05\/07\/i-farmacisti-salentini-chiariscono-la-situazione-se-mancano-le-mascherine-a-prezzo-calmierato-promesse-dal-governo-non-e-colpa-nostra-risultano-irreperibili-e-non-sono-disponibili-neppure-tra-g\/embed\/#?secret=bZURZRneaD\" data-secret=\"bZURZRneaD\" width=\"500\" height=\"282\" title=\"&#8220;I FARMACISTI SALENTINI CHIARISCONO LA SITUAZIONE RELATIVA ALLE MASCHERINE A PREZZO CALMIERATO DA GIORNI PROMESSE DAL GOVERNO, MA CHE NESSUNO HA ANCORA VISTO: &#8220;Non \u00e8 colpa nostra, risultano irreperibili e non sono disponibili neppure tra gli stessi fornitori\u201d&#8221; &#8212; LecceCronaca.it\" frameborder=\"0\" marginwidth=\"0\" marginheight=\"0\" scrolling=\"no\"><\/iframe><\/p>\n<blockquote class=\"wp-embedded-content\" data-secret=\"UKsvgNh1KR\"><p><a href=\"https:\/\/www.leccecronaca.it\/index.php\/2020\/05\/05\/la-realta-boccia-pure-il-ministro-mascherine-a-prezzo-politico-chi-le-ha-viste-e-il-codacons-della-provincia-di-lecce-chiama-in-causa-il-prefetto\/\">LA REALTA&#8217; BOCCIA PURE IL MINISTRO. MASCHERINE A PREZZO &#8216;POLITICO&#8217;, CHI LE HA VISTE? E IL CODACONS DELLA PROVINCIA DI LECCE CHIAMA IN CAUSA IL PREFETTO<\/a><\/p><\/blockquote>\n<p><iframe class=\"wp-embedded-content\" sandbox=\"allow-scripts\" security=\"restricted\" style=\"position: absolute; clip: rect(1px, 1px, 1px, 1px);\" src=\"https:\/\/www.leccecronaca.it\/index.php\/2020\/05\/05\/la-realta-boccia-pure-il-ministro-mascherine-a-prezzo-politico-chi-le-ha-viste-e-il-codacons-della-provincia-di-lecce-chiama-in-causa-il-prefetto\/embed\/#?secret=UKsvgNh1KR\" data-secret=\"UKsvgNh1KR\" width=\"500\" height=\"282\" title=\"&#8220;LA REALTA&#8217; BOCCIA PURE IL MINISTRO. MASCHERINE A PREZZO &#8216;POLITICO&#8217;, CHI LE HA VISTE? E IL CODACONS DELLA PROVINCIA DI LECCE CHIAMA IN CAUSA IL PREFETTO&#8221; &#8212; LecceCronaca.it\" frameborder=\"0\" marginwidth=\"0\" marginheight=\"0\" scrolling=\"no\"><\/iframe><\/p>\n<p>&nbsp;<\/p>\n<blockquote class=\"wp-embedded-content\" data-secret=\"8PJM6L0ezg\"><p><a href=\"https:\/\/www.leccecronaca.it\/index.php\/2020\/04\/27\/le-fantomatiche-mascherine-al-costo-di-0-50-euro-da-oggi-serviranno-i-superpoteri-per-scovarle\/\">PIU&#8217; MASCHERINE PER TUTTI! E&#8217; PARTITA LA CACCIA AL TESORO DELLE MASCHERINE A 50 CENTESIMI L&#8217;UNA ANNUNCIATE DAL GOVERNO A PAROLE. NEI FATTI NESSUNO LE HA VISTE, NE&#8217; SA DIRE QUANDO SARANNO DISPONIBILI<\/a><\/p><\/blockquote>\n<p><iframe class=\"wp-embedded-content\" sandbox=\"allow-scripts\" security=\"restricted\" style=\"position: absolute; clip: rect(1px, 1px, 1px, 1px);\" src=\"https:\/\/www.leccecronaca.it\/index.php\/2020\/04\/27\/le-fantomatiche-mascherine-al-costo-di-0-50-euro-da-oggi-serviranno-i-superpoteri-per-scovarle\/embed\/#?secret=8PJM6L0ezg\" data-secret=\"8PJM6L0ezg\" width=\"500\" height=\"282\" title=\"&#8220;PIU&#8217; MASCHERINE PER TUTTI! E&#8217; PARTITA LA CACCIA AL TESORO DELLE MASCHERINE A 50 CENTESIMI L&#8217;UNA ANNUNCIATE DAL GOVERNO A PAROLE. NEI FATTI NESSUNO LE HA VISTE, NE&#8217; SA DIRE QUANDO SARANNO DISPONIBILI&#8221; &#8212; LecceCronaca.it\" frameborder=\"0\" marginwidth=\"0\" marginheight=\"0\" scrolling=\"no\"><\/iframe><\/p>\n<fb:like href='https:\/\/www.leccecronaca.it\/index.php\/2020\/05\/11\/le-mascherine-a-prezzo-politico-promesse-dal-governo-irreperibili-ancora-adesso-la-denunciano-dei-farmacisti-italiani\/' send='true' layout='button_count' show_faces='true' width='450' height='65' action='recommend' colorscheme='light' font='lucida grande'><\/fb:like><span class=\"fb_share\"><fb:like href=\"https:\/\/www.leccecronaca.it\/index.php\/2020\/05\/11\/le-mascherine-a-prezzo-politico-promesse-dal-governo-irreperibili-ancora-adesso-la-denunciano-dei-farmacisti-italiani\/\" layout=\"button_count\"><\/fb:like><\/span>","protected":false},"excerpt":{"rendered":"<p>(g.p.)____Il bluff crolla miseramente, ci perdono la faccia il presente del Consiglio Giuseppe Conte e il ministro per gli Affari Regionali Francesco Boccia, che, uno dopo l&#8217;altro, ce l&#8217;avevano messa di persona, promettendo e rassicurando. &nbsp; Dichiarazione di questo pomeriggio del segretario nazionale di Federfarma, l&#8217;associazione dei farmacisti, Roberto Tobia (nella foto):\u00a0 &#8220;Le mascherine chirurgiche [&hellip;]<\/p>\n","protected":false},"author":4,"featured_media":166715,"comment_status":"open","ping_status":"closed","sticky":false,"template":"","format":"standard","meta":[],"categories":[69,76],"tags":[],"_links":{"self":[{"href":"https:\/\/www.leccecronaca.it\/index.php\/wp-json\/wp\/v2\/posts\/166714"}],"collection":[{"href":"https:\/\/www.leccecronaca.it\/index.php\/wp-json\/wp\/v2\/posts"}],"about":[{"href":"https:\/\/www.leccecronaca.it\/index.php\/wp-json\/wp\/v2\/types\/post"}],"author":[{"embeddable":true,"href":"https:\/\/www.leccecronaca.it\/index.php\/wp-json\/wp\/v2\/users\/4"}],"replies":[{"embeddable":true,"href":"https:\/\/www.leccecronaca.it\/index.php\/wp-json\/wp\/v2\/comments?post=166714"}],"version-history":[{"count":3,"href":"https:\/\/www.leccecronaca.it\/index.php\/wp-json\/wp\/v2\/posts\/166714\/revisions"}],"predecessor-version":[{"id":166718,"href":"https:\/\/www.leccecronaca.it\/index.php\/wp-json\/wp\/v2\/posts\/166714\/revisions\/166718"}],"wp:featuredmedia":[{"embeddable":true,"href":"https:\/\/www.leccecronaca.it\/index.php\/wp-json\/wp\/v2\/media\/166715"}],"wp:attachment":[{"href":"https:\/\/www.leccecronaca.it\/index.php\/wp-json\/wp\/v2\/media?parent=166714"}],"wp:term":[{"taxonomy":"category","embeddable":true,"href":"https:\/\/www.leccecronaca.it\/index.php\/wp-json\/wp\/v2\/categories?post=166714"},{"taxonomy":"post_tag","embeddable":true,"href":"https:\/\/www.leccecronaca.it\/index.php\/wp-json\/wp\/v2\/tags?post=166714"}],"curies":[{"name":"wp","href":"https:\/\/api.w.org\/{rel}","templated":true}]}}