{"id":166763,"date":"2020-05-13T09:30:39","date_gmt":"2020-05-13T07:30:39","guid":{"rendered":"http:\/\/www.leccecronaca.it\/?p=166763"},"modified":"2020-05-13T13:12:59","modified_gmt":"2020-05-13T11:12:59","slug":"e-morto-nella-sua-cavallino-gaetano-gorgoni","status":"publish","type":"post","link":"https:\/\/www.leccecronaca.it\/index.php\/2020\/05\/13\/e-morto-nella-sua-cavallino-gaetano-gorgoni\/","title":{"rendered":"E&#8217; MORTO NELLA &#8216;SUA&#8217; CAVALLINO GAETANO GORGONI"},"content":{"rendered":"<p><img decoding=\"async\" loading=\"lazy\" class=\"alignnone size-full wp-image-166764\" src=\"https:\/\/www.leccecronaca.it\/wordpress\/wp-content\/uploads\/2020\/05\/gae.jpg\" alt=\"\" width=\"916\" height=\"916\" srcset=\"https:\/\/www.leccecronaca.it\/wordpress\/wp-content\/uploads\/2020\/05\/gae.jpg 916w, https:\/\/www.leccecronaca.it\/wordpress\/wp-content\/uploads\/2020\/05\/gae-300x300.jpg 300w, https:\/\/www.leccecronaca.it\/wordpress\/wp-content\/uploads\/2020\/05\/gae-150x150.jpg 150w, https:\/\/www.leccecronaca.it\/wordpress\/wp-content\/uploads\/2020\/05\/gae-768x768.jpg 768w, https:\/\/www.leccecronaca.it\/wordpress\/wp-content\/uploads\/2020\/05\/gae-60x60.jpg 60w\" sizes=\"(max-width: 916px) 100vw, 916px\" \/>(Rdl)______E&#8217; morto ieri sera nella &#8216;sua&#8217; Cavallino Gaetano Gorgoni, detto &#8216;don Nin\u00ec&#8217;, politico &#8216;di lungo corso&#8217;\u00a0 e protagonista della vita politica salentina sotto l&#8217;egida del Partito Repubblicano Italiano di Ugo La Malfa, e poi del figlio Giorgio, nella cos\u00ec detta Prima Repubblica.<\/p>\n<p>Aveva 87 anni.<\/p>\n<p>Avvocato, prima consigliere comunale, anche a Lecce, e poi provinciale, fu eletto alla Camera dei Deputati nel 1983, e rieletto per altre due volte di seguito.<\/p>\n<p>E&#8217; stato sottosegretario ai Lavori Pubblici nel primo e nel secondo governo di Bettino Craxi, dal 1983 al 1987; poi sottosegretario alla Difesa nei seguenti governi, di Giovanni Goria, e di Ciriaco De Mita.<\/p>\n<p>Con l&#8217;avvento della cos\u00ec detta Seconda Repubblica, si ritir\u00f2 in pratica nel suo &#8216;feudo&#8217; di Cavallino, di cui \u00e8 stato prima sindaco, e poi, dopo il secondo mandato, dal 2011, vicesindaco.<\/p>\n<p>&nbsp;<\/p>\n<fb:like href='https:\/\/www.leccecronaca.it\/index.php\/2020\/05\/13\/e-morto-nella-sua-cavallino-gaetano-gorgoni\/' send='true' layout='button_count' show_faces='true' width='450' height='65' action='recommend' colorscheme='light' font='lucida grande'><\/fb:like><span class=\"fb_share\"><fb:like href=\"https:\/\/www.leccecronaca.it\/index.php\/2020\/05\/13\/e-morto-nella-sua-cavallino-gaetano-gorgoni\/\" layout=\"button_count\"><\/fb:like><\/span>","protected":false},"excerpt":{"rendered":"<p>(Rdl)______E&#8217; morto ieri sera nella &#8216;sua&#8217; Cavallino Gaetano Gorgoni, detto &#8216;don Nin\u00ec&#8217;, politico &#8216;di lungo corso&#8217;\u00a0 e protagonista della vita politica salentina sotto l&#8217;egida del Partito Repubblicano Italiano di Ugo La Malfa, e poi del figlio Giorgio, nella cos\u00ec detta Prima Repubblica. Aveva 87 anni. Avvocato, prima consigliere comunale, anche a Lecce, e poi provinciale, [&hellip;]<\/p>\n","protected":false},"author":4,"featured_media":166764,"comment_status":"open","ping_status":"closed","sticky":false,"template":"","format":"standard","meta":[],"categories":[69,76],"tags":[],"_links":{"self":[{"href":"https:\/\/www.leccecronaca.it\/index.php\/wp-json\/wp\/v2\/posts\/166763"}],"collection":[{"href":"https:\/\/www.leccecronaca.it\/index.php\/wp-json\/wp\/v2\/posts"}],"about":[{"href":"https:\/\/www.leccecronaca.it\/index.php\/wp-json\/wp\/v2\/types\/post"}],"author":[{"embeddable":true,"href":"https:\/\/www.leccecronaca.it\/index.php\/wp-json\/wp\/v2\/users\/4"}],"replies":[{"embeddable":true,"href":"https:\/\/www.leccecronaca.it\/index.php\/wp-json\/wp\/v2\/comments?post=166763"}],"version-history":[{"count":8,"href":"https:\/\/www.leccecronaca.it\/index.php\/wp-json\/wp\/v2\/posts\/166763\/revisions"}],"predecessor-version":[{"id":166784,"href":"https:\/\/www.leccecronaca.it\/index.php\/wp-json\/wp\/v2\/posts\/166763\/revisions\/166784"}],"wp:featuredmedia":[{"embeddable":true,"href":"https:\/\/www.leccecronaca.it\/index.php\/wp-json\/wp\/v2\/media\/166764"}],"wp:attachment":[{"href":"https:\/\/www.leccecronaca.it\/index.php\/wp-json\/wp\/v2\/media?parent=166763"}],"wp:term":[{"taxonomy":"category","embeddable":true,"href":"https:\/\/www.leccecronaca.it\/index.php\/wp-json\/wp\/v2\/categories?post=166763"},{"taxonomy":"post_tag","embeddable":true,"href":"https:\/\/www.leccecronaca.it\/index.php\/wp-json\/wp\/v2\/tags?post=166763"}],"curies":[{"name":"wp","href":"https:\/\/api.w.org\/{rel}","templated":true}]}}