{"id":166867,"date":"2020-05-16T00:02:04","date_gmt":"2020-05-15T22:02:04","guid":{"rendered":"http:\/\/www.leccecronaca.it\/?p=166867"},"modified":"2020-05-22T12:01:22","modified_gmt":"2020-05-22T10:01:22","slug":"leccecronache-fine-della-quarantena-o-no","status":"publish","type":"post","link":"https:\/\/www.leccecronaca.it\/index.php\/2020\/05\/16\/leccecronache-fine-della-quarantena-o-no\/","title":{"rendered":"LECCECRONACHE \/ FINE DELLA QUARANTENA, NO?"},"content":{"rendered":"<p><img decoding=\"async\" loading=\"lazy\" class=\"alignnone size-full wp-image-166868\" src=\"https:\/\/www.leccecronaca.it\/wordpress\/wp-content\/uploads\/2020\/05\/rp.jpg\" alt=\"\" width=\"916\" height=\"902\" srcset=\"https:\/\/www.leccecronaca.it\/wordpress\/wp-content\/uploads\/2020\/05\/rp.jpg 916w, https:\/\/www.leccecronaca.it\/wordpress\/wp-content\/uploads\/2020\/05\/rp-300x295.jpg 300w, https:\/\/www.leccecronaca.it\/wordpress\/wp-content\/uploads\/2020\/05\/rp-768x756.jpg 768w, https:\/\/www.leccecronaca.it\/wordpress\/wp-content\/uploads\/2020\/05\/rp-60x60.jpg 60w\" sizes=\"(max-width: 916px) 100vw, 916px\" \/>di <strong>Raffaele Polo<\/strong>______<\/p>\n<p>Allora, diciamo che da luned\u00ec 18 maggio pu\u00f2 considerarsi definitivamente chiusa la &#8216;fase 1&#8242; della nostra quarantena e che il Coronavirus fa sempre paura, ma un po&#8217; di meno.<\/p>\n<p>Anche se lo scetticismo alligna un po&#8217; dappertutto e non ci fidiamo pi\u00f9 di tanto dei proclami ottimistici che vogliono la pandemia ormai superata, sta di fatto che la nostra vita sta riprendendo il suo tran-tran quotidiano: ieri ho comprato le pizze dalla pizzeria, luned\u00ec ho prenotato per il dentista e marted\u00ec per il barbiere.<\/p>\n<p>Mia moglie deve usufruire di una visita specialistica e la ASL le ha telefonato dandole le istruzioni (guai ad avere qualche decimo di febbre, mascherina e guanti obbligatori e via di questo passo. Ma saranno incombenze che dobbiamo imparare a gestire e con le quali ci accompagneremo per un bel po&#8217;) e gi\u00e0 si progetta una &#8216;passeggiata al mare&#8217; che ancora non ce l&#8217;hanno tolto e lo potremo pur guardare, no?<\/p>\n<p>Di questa &#8216;emergenza Coronavirus&#8217; si continuer\u00e0 a parlare per tanto tempo, ne siamo certi: in fondo, ha cambiato tutti i nostri usi, le abitudini pi\u00f9 inveterate e non \u00e8 uno scherzo.<\/p>\n<p>Ho, perci\u00f2, serenamente deciso di terminare qui le mie &#8216;Cronache dal Coronavirus&#8217;, che sono stato, pi\u00f9 che altro, un motivo per tornare indietro nel tempo. Chiss\u00e0 perch\u00e9, ma quando si resta a casa, magari davanti al fuoco (specie se \u00e8 inverno e fuori infuria la tormenta&#8230;) si finisce sempre per parlare del passato e a rivangare su episodi lontani, lontanissimi, della nostra esistenza. Magari li addomestichiamo un poco, li abbelliamo e scuriamo i contrasti. Ma fanno parte dei ricordi pi\u00f9 cari e, ogni volta, a parlarne, ci pare di riviverli.<\/p>\n<p>Voglio qui ringraziare chi mi ha seguito e ha condiviso con me qualche sprazzo di memoria&#8230;\u00a0\u00a0\u00a0 Adesso basta, basta col Coronavirus, pensiamo a ricostruire tutto. Ma proprio tutto, che la nostra Italia (che abbiamo tanto lodato e disegnato in questi frangenti) ha bisogno di un grande, nuovo Rinascimento.<\/p>\n<p>Infine, una dovuta precisazione: si, \u00e8 vero. Evito qualsiasi polemica su argomento politico. Ma non dimentico che l&#8217;uomo \u00e8 pur sempre uno &#8216;zoon politikon&#8217; e ho anch&#8217;io le mie idee. E mi rendo conto che deve essere difficile governare una nazione come la nostra: pure, tra alti e bassi, ce la stanno facendo, ognuno per la sua parte.<\/p>\n<p>Anche chi vende bugie o spara sciocchezze, anche chi accusa a vanvera o vuole la luna nel pozzo. Sono mali necessari; diceva un antico proverbio che laddove sono tutti d&#8217;accordo, c&#8217;\u00e8 qualcosa che non va.<\/p>\n<p>E questo pericolo da noi, grazie a Dio, non esiste proprio.<\/p>\n<fb:like href='https:\/\/www.leccecronaca.it\/index.php\/2020\/05\/16\/leccecronache-fine-della-quarantena-o-no\/' send='true' layout='button_count' show_faces='true' width='450' height='65' action='recommend' colorscheme='light' font='lucida grande'><\/fb:like><span class=\"fb_share\"><fb:like href=\"https:\/\/www.leccecronaca.it\/index.php\/2020\/05\/16\/leccecronache-fine-della-quarantena-o-no\/\" layout=\"button_count\"><\/fb:like><\/span>","protected":false},"excerpt":{"rendered":"<p>di Raffaele Polo______ Allora, diciamo che da luned\u00ec 18 maggio pu\u00f2 considerarsi definitivamente chiusa la &#8216;fase 1&#8242; della nostra quarantena e che il Coronavirus fa sempre paura, ma un po&#8217; di meno. Anche se lo scetticismo alligna un po&#8217; dappertutto e non ci fidiamo pi\u00f9 di tanto dei proclami ottimistici che vogliono la pandemia ormai [&hellip;]<\/p>\n","protected":false},"author":4,"featured_media":166868,"comment_status":"open","ping_status":"closed","sticky":false,"template":"","format":"standard","meta":[],"categories":[69,31],"tags":[],"_links":{"self":[{"href":"https:\/\/www.leccecronaca.it\/index.php\/wp-json\/wp\/v2\/posts\/166867"}],"collection":[{"href":"https:\/\/www.leccecronaca.it\/index.php\/wp-json\/wp\/v2\/posts"}],"about":[{"href":"https:\/\/www.leccecronaca.it\/index.php\/wp-json\/wp\/v2\/types\/post"}],"author":[{"embeddable":true,"href":"https:\/\/www.leccecronaca.it\/index.php\/wp-json\/wp\/v2\/users\/4"}],"replies":[{"embeddable":true,"href":"https:\/\/www.leccecronaca.it\/index.php\/wp-json\/wp\/v2\/comments?post=166867"}],"version-history":[{"count":2,"href":"https:\/\/www.leccecronaca.it\/index.php\/wp-json\/wp\/v2\/posts\/166867\/revisions"}],"predecessor-version":[{"id":166884,"href":"https:\/\/www.leccecronaca.it\/index.php\/wp-json\/wp\/v2\/posts\/166867\/revisions\/166884"}],"wp:featuredmedia":[{"embeddable":true,"href":"https:\/\/www.leccecronaca.it\/index.php\/wp-json\/wp\/v2\/media\/166868"}],"wp:attachment":[{"href":"https:\/\/www.leccecronaca.it\/index.php\/wp-json\/wp\/v2\/media?parent=166867"}],"wp:term":[{"taxonomy":"category","embeddable":true,"href":"https:\/\/www.leccecronaca.it\/index.php\/wp-json\/wp\/v2\/categories?post=166867"},{"taxonomy":"post_tag","embeddable":true,"href":"https:\/\/www.leccecronaca.it\/index.php\/wp-json\/wp\/v2\/tags?post=166867"}],"curies":[{"name":"wp","href":"https:\/\/api.w.org\/{rel}","templated":true}]}}