{"id":166885,"date":"2020-05-15T16:31:46","date_gmt":"2020-05-15T14:31:46","guid":{"rendered":"http:\/\/www.leccecronaca.it\/?p=166885"},"modified":"2020-05-15T16:39:35","modified_gmt":"2020-05-15T14:39:35","slug":"adesso-finalmente-una-mobilita-differente","status":"publish","type":"post","link":"https:\/\/www.leccecronaca.it\/index.php\/2020\/05\/15\/adesso-finalmente-una-mobilita-differente\/","title":{"rendered":"ADESSO FINALMENTE UNA MOBILITA&#8217; DIFFERENTE"},"content":{"rendered":"<p><img decoding=\"async\" loading=\"lazy\" class=\"alignnone wp-image-166886\" src=\"https:\/\/www.leccecronaca.it\/wordpress\/wp-content\/uploads\/2020\/05\/po.jpg\" alt=\"\" width=\"400\" height=\"449\" \/>Riceviamo e volentieri pubblichiamo. Cobas &#8211;\u00a0 sindacato Comitato di base &#8211; dell&#8217;UniSalento primo firmatario e un&#8217;altra ventina di associazioni sotto elencate, ci\u00a0 mandano il seguente comunicato congiunto______<\/p>\n<p>Mobilit\u00e0 dei cittadini e sicurezza al tempo del Covid<\/p>\n<p>Oggi pi\u00f9 che mai l\u2019importanza di una mobilit\u00e0 urbana sicura richiede interventi tempestivi, per evitare il propagarsi dei contagi durante la fase di riapertura degli spostamenti, la oramai nota fase 2. Al di l\u00e0 dell\u2019emergenza Covid 2, migliorare la mobilit\u00e0 urbana \u00e8 una delle misure prioritarie per la vivibilit\u00e0 della citt\u00e0 e per contrastare l\u2019inquinamento atmosferico.<\/p>\n<p>Tale necessit\u00e0 \u00e8 stata ribadita sia dal Governo nazionale che dalle Amministrazioni regionali e comunali, ma soprattutto dalle Istituzioni internazionali interessate alla salvaguardia ambientale. In questa fase, in previsione della futura riapertura di Scuole e Universit\u00e0, se non vogliamo ritornare nel girone dantesco di traffico e smog, l\u2019utilizzo di mezzi pubblici opportunamente attrezzati per il distanziamento fisico dovr\u00e0 andare di pari passo con lo spostamento modale da autovettura privata a trasporti sostenibili.<\/p>\n<p>Visto anche il riferimento all\u2019uso di bike lane per la fase 2 nel Decreto Rilancio, diventa impellente che l\u2019Amministrazione comunale prenda in considerazione l\u2019opportunit\u00e0 di completare il percorso di mobilit\u00e0 ciclistica gi\u00e0 in fase di realizzazione tra Studium e Parco Rudiae, prolungandolo sino al complesso universitario di Ecotekne.<\/p>\n<p>Infatti, centinaia di studenti e lavoratori ogni giorno si recano in automobile dalla citt\u00e0 di Lecce presso il polo scientifico dell\u2019Universit\u00e0 del Salento, causando un grave intasamento urbano e l\u2019aumento in citt\u00e0 di PM10 e 2,5, indicatori \u2013 come sappiamo \u2013 di aria malsana e di maggiore esposizione al rischio di contrarre il virus, ma anche malattie degenerative e cardiocircolatorie. Un percorso cos\u00ec pensato eviterebbe la creazione di una pista lunga che impegna ingenti risorse pubbliche, ma destinata a restare sottoutilizzata.<\/p>\n<p>Ricordiamo per altro che il Comune di Monteroni ha gi\u00e0 completato la sua pista ciclabile che giunge fino ad Ecotekne.<\/p>\n<p>&nbsp;<\/p>\n<p>Per tutte queste motivazioni, come firmatari dell\u2019appello inviato a luglio 2019 alle autorit\u00e0 competenti torniamo con forza a sollevare il problema.<\/p>\n<p>&nbsp;<\/p>\n<p>Confidando in una adeguata risposta, chiediamo quindi all\u2019Assessore alla mobilit\u00e0 di Lecce, Marco de Matteis, di prendere in esame la nostra richiesta, predisponendo tempestivamente il progetto di completamento della pista ciclabile Lecce-Ecotekne, partendo dal parco archeologico di Rudiae; di prevedere l\u2019adeguata illuminazione del percorso di via vecchia Copertino; di reperire infine le poche risorse ancora necessarie per completare in sicurezza il percorso che da via Caroli\u00a0giunge sino all\u2019ingresso di Ecotekne.<\/p>\n<p><img decoding=\"async\" loading=\"lazy\" class=\"alignnone size-full wp-image-166888\" src=\"https:\/\/www.leccecronaca.it\/wordpress\/wp-content\/uploads\/2020\/05\/IMG-20200513-WA0006.jpg\" alt=\"\" width=\"1216\" height=\"652\" srcset=\"https:\/\/www.leccecronaca.it\/wordpress\/wp-content\/uploads\/2020\/05\/IMG-20200513-WA0006.jpg 1216w, https:\/\/www.leccecronaca.it\/wordpress\/wp-content\/uploads\/2020\/05\/IMG-20200513-WA0006-300x161.jpg 300w, https:\/\/www.leccecronaca.it\/wordpress\/wp-content\/uploads\/2020\/05\/IMG-20200513-WA0006-1024x549.jpg 1024w, https:\/\/www.leccecronaca.it\/wordpress\/wp-content\/uploads\/2020\/05\/IMG-20200513-WA0006-768x412.jpg 768w\" sizes=\"(max-width: 1216px) 100vw, 1216px\" \/><\/p>\n<p>Cobas, Dirpubblica, USB, Usi Ricerca, Uil Rua, GILDA Unicams, le associazioni studentesche e dei Dottorandi di ricerca LINK, UDU, Elsa, ADI-Lecce, l\u2019associazione sportiva universitaria CUS Lecce, le associazioni MO.Bici, ZEI Spazio Sociale, Vivere Lecce, Civica, Lecce Bene Comune e le associazioni ambientaliste WWF Salento, Legambiente Lecce, Italia Nostra sez. di Lecce, Forum ambiente e salute Lecce, Ciclofficina popolare \u201cAlfonsina Strada\u201d______<\/p>\n<p>LA RICERCA nel nostro articolo del 6 luglio 2019<\/p>\n<blockquote class=\"wp-embedded-content\" data-secret=\"WtJSOgQsUh\"><p><a href=\"https:\/\/www.leccecronaca.it\/index.php\/2019\/07\/06\/all-ecotekne-attraverso-un-percorso-sicuro-in-bicicletta\/\">&#8220;All&#8217; Ecotekne attraverso un percorso sicuro in bicicletta&#8221;<\/a><\/p><\/blockquote>\n<p><iframe class=\"wp-embedded-content\" sandbox=\"allow-scripts\" security=\"restricted\" style=\"position: absolute; clip: rect(1px, 1px, 1px, 1px);\" src=\"https:\/\/www.leccecronaca.it\/index.php\/2019\/07\/06\/all-ecotekne-attraverso-un-percorso-sicuro-in-bicicletta\/embed\/#?secret=WtJSOgQsUh\" data-secret=\"WtJSOgQsUh\" width=\"500\" height=\"282\" title=\"&#8220;&#8220;All&#8217; Ecotekne attraverso un percorso sicuro in bicicletta&#8221;&#8221; &#8212; LecceCronaca.it\" frameborder=\"0\" marginwidth=\"0\" marginheight=\"0\" scrolling=\"no\"><\/iframe><\/p>\n<p>L&#8217;APPROFONDIMENTO nel nostro articolo del 22 aprile scorso<\/p>\n<blockquote class=\"wp-embedded-content\" data-secret=\"T7XxbbFBPN\"><p><a href=\"https:\/\/www.leccecronaca.it\/index.php\/2020\/04\/22\/earth-day-2020-giornata-mondiale-della-terra-milano-sorprende-il-mondo-con-il-piano-strade-aperte\/\">NECESSARIO RIPENSARE IL NOSTRO FUTURO, DOPO L&#8217;EMERGENZA SANITARIA. MILANO SORPRENDE IL MONDO CON UN PROGETTO SEGNALATO DA GRETA THUMBERG E ANTICIPATO DA UN ARTICOLO SUL QUOTIDIANO BRITANNICO &#8216;THE GUARDIAN&#8217;. leccecronaca.it  LO HA LETTO, TRADOTTO E ADESSO VI RACCONTA DI CHE COSA SI TRATTA<\/a><\/p><\/blockquote>\n<p><iframe class=\"wp-embedded-content\" sandbox=\"allow-scripts\" security=\"restricted\" style=\"position: absolute; clip: rect(1px, 1px, 1px, 1px);\" src=\"https:\/\/www.leccecronaca.it\/index.php\/2020\/04\/22\/earth-day-2020-giornata-mondiale-della-terra-milano-sorprende-il-mondo-con-il-piano-strade-aperte\/embed\/#?secret=T7XxbbFBPN\" data-secret=\"T7XxbbFBPN\" width=\"500\" height=\"282\" title=\"&#8220;NECESSARIO RIPENSARE IL NOSTRO FUTURO, DOPO L&#8217;EMERGENZA SANITARIA. MILANO SORPRENDE IL MONDO CON UN PROGETTO SEGNALATO DA GRETA THUMBERG E ANTICIPATO DA UN ARTICOLO SUL QUOTIDIANO BRITANNICO &#8216;THE GUARDIAN&#8217;. leccecronaca.it  LO HA LETTO, TRADOTTO E ADESSO VI RACCONTA DI CHE COSA SI TRATTA&#8221; &#8212; LecceCronaca.it\" frameborder=\"0\" marginwidth=\"0\" marginheight=\"0\" scrolling=\"no\"><\/iframe><\/p>\n<p>&nbsp;<\/p>\n<p>&nbsp;<\/p>\n<fb:like href='https:\/\/www.leccecronaca.it\/index.php\/2020\/05\/15\/adesso-finalmente-una-mobilita-differente\/' send='true' layout='button_count' show_faces='true' width='450' height='65' action='recommend' colorscheme='light' font='lucida grande'><\/fb:like><span class=\"fb_share\"><fb:like href=\"https:\/\/www.leccecronaca.it\/index.php\/2020\/05\/15\/adesso-finalmente-una-mobilita-differente\/\" layout=\"button_count\"><\/fb:like><\/span>","protected":false},"excerpt":{"rendered":"<p>Riceviamo e volentieri pubblichiamo. Cobas &#8211;\u00a0 sindacato Comitato di base &#8211; dell&#8217;UniSalento primo firmatario e un&#8217;altra ventina di associazioni sotto elencate, ci\u00a0 mandano il seguente comunicato congiunto______ Mobilit\u00e0 dei cittadini e sicurezza al tempo del Covid Oggi pi\u00f9 che mai l\u2019importanza di una mobilit\u00e0 urbana sicura richiede interventi tempestivi, per evitare il propagarsi dei contagi [&hellip;]<\/p>\n","protected":false},"author":4,"featured_media":166886,"comment_status":"open","ping_status":"closed","sticky":false,"template":"","format":"standard","meta":[],"categories":[69,76,36],"tags":[],"_links":{"self":[{"href":"https:\/\/www.leccecronaca.it\/index.php\/wp-json\/wp\/v2\/posts\/166885"}],"collection":[{"href":"https:\/\/www.leccecronaca.it\/index.php\/wp-json\/wp\/v2\/posts"}],"about":[{"href":"https:\/\/www.leccecronaca.it\/index.php\/wp-json\/wp\/v2\/types\/post"}],"author":[{"embeddable":true,"href":"https:\/\/www.leccecronaca.it\/index.php\/wp-json\/wp\/v2\/users\/4"}],"replies":[{"embeddable":true,"href":"https:\/\/www.leccecronaca.it\/index.php\/wp-json\/wp\/v2\/comments?post=166885"}],"version-history":[{"count":3,"href":"https:\/\/www.leccecronaca.it\/index.php\/wp-json\/wp\/v2\/posts\/166885\/revisions"}],"predecessor-version":[{"id":166890,"href":"https:\/\/www.leccecronaca.it\/index.php\/wp-json\/wp\/v2\/posts\/166885\/revisions\/166890"}],"wp:featuredmedia":[{"embeddable":true,"href":"https:\/\/www.leccecronaca.it\/index.php\/wp-json\/wp\/v2\/media\/166886"}],"wp:attachment":[{"href":"https:\/\/www.leccecronaca.it\/index.php\/wp-json\/wp\/v2\/media?parent=166885"}],"wp:term":[{"taxonomy":"category","embeddable":true,"href":"https:\/\/www.leccecronaca.it\/index.php\/wp-json\/wp\/v2\/categories?post=166885"},{"taxonomy":"post_tag","embeddable":true,"href":"https:\/\/www.leccecronaca.it\/index.php\/wp-json\/wp\/v2\/tags?post=166885"}],"curies":[{"name":"wp","href":"https:\/\/api.w.org\/{rel}","templated":true}]}}