{"id":167060,"date":"2020-05-20T13:01:54","date_gmt":"2020-05-20T11:01:54","guid":{"rendered":"http:\/\/www.leccecronaca.it\/?p=167060"},"modified":"2020-05-20T13:42:08","modified_gmt":"2020-05-20T11:42:08","slug":"nata-sotto-il-segno-dei-gemelli-a-firmare-lautorizzazione-unica-al-gasdotto-tap-oggi-scaduta-fu-il-ministro-federica-guidi-che-un-anno-dopo-si-dimise-dallincarico-in-seguito-ad-uninchiesta-d","status":"publish","type":"post","link":"https:\/\/www.leccecronaca.it\/index.php\/2020\/05\/20\/nata-sotto-il-segno-dei-gemelli-a-firmare-lautorizzazione-unica-al-gasdotto-tap-oggi-scaduta-fu-il-ministro-federica-guidi-che-un-anno-dopo-si-dimise-dallincarico-in-seguito-ad-uninchiesta-d\/","title":{"rendered":"SOTTO IL SEGNO DEI GEMELLI. A FIRMARE L&#8217;AUTORIZZAZIONE UNICA AL GASDOTTO TAP, SCADUTA PROPRIO OGGI, FU IL MINISTRO FEDERICA GUIDI, CHE UN ANNO DOPO SI DIMISE DALL&#8217;INCARICO IN SEGUITO AD UNA CLAMOROSA INCHIESTA DELLA MAGISTRATURA"},"content":{"rendered":"<p><img decoding=\"async\" loading=\"lazy\" class=\"alignnone size-full wp-image-167069\" src=\"https:\/\/www.leccecronaca.it\/wordpress\/wp-content\/uploads\/2020\/05\/download-3.jpg\" alt=\"\" width=\"866\" height=\"1280\" srcset=\"https:\/\/www.leccecronaca.it\/wordpress\/wp-content\/uploads\/2020\/05\/download-3.jpg 866w, https:\/\/www.leccecronaca.it\/wordpress\/wp-content\/uploads\/2020\/05\/download-3-203x300.jpg 203w, https:\/\/www.leccecronaca.it\/wordpress\/wp-content\/uploads\/2020\/05\/download-3-693x1024.jpg 693w, https:\/\/www.leccecronaca.it\/wordpress\/wp-content\/uploads\/2020\/05\/download-3-768x1135.jpg 768w\" sizes=\"(max-width: 866px) 100vw, 866px\" \/>di <strong>Giuseppe Puppo<\/strong>______Questa mattina il Comitato No Tap ritorna sulla costruzione del gasdotto Tap con un comunicato che pone un problema fondato. Noi l&#8217;abbiamo pubblicato, come facciamo sempre con tutti, con l&#8217;unico discrimine della nostra valutazione sull&#8217;interesse giornalistico.<\/p>\n<p>Qui, l&#8217;interesse collettivo c&#8217;\u00e8, senza dubbio. Si tratta di capire come possa un&#8217;azienda continuare i suoi lavori col permesso scaduto.<\/p>\n<p>Staremo a vedere.<\/p>\n<p>Siccome per\u00f2 facciamo i giornalisti, e non i passacarte, mi sia consentito qualche breve annotazione, appunto, giornalistica, al riguardo.<\/p>\n<p>Intervistato da leccecronaca.it il 22 marzo scorso, Luigi Quaranta,\u00a0Senior Media Advisor di Tap, dichiar\u00f2 che i lavori andavano avanti, comunque, nonostante l&#8217;emergenza sanitaria, come in effetti \u00e8 stato anche nelle settimane successive, visto che il governo, che, come \u00e8 noto, in questo periodo ha bloccato tutto, pi\u00f9 o meno a lungo, il cantiere Tap non l&#8217;ha mai bloccato.<\/p>\n<p>Quindi che adesso Tap Italia possa invocare il Covid 19 come giustificazione ai propri ritardi appare del tutto fuori luogo, e stiamo a vedere come andr\u00e0 a finire con i suoi lavori, ad autorizzazione unica ministeriale scaduta.<\/p>\n<p>Poi, l&#8217;occasione mi ha fatto ricordare qualcosa, che provo qui di seguito a mettere insieme, proprio in tema di autorizzazione unica.<\/p>\n<p>Prima per\u00f2, quale servizio ai nostri lettori, dobbiamo ricordare che l&#8217;altro documento fondamentale autorizzativo &#8211; la Valutazione di Impatto Ambientale &#8211; \u00e8 oggetto di una delle accuse mosse dalla Procura della Repubblica di Lecce ai vertici di Tap-Snam e ai loro fornitori: il processo, il cui inizio era previsto per l&#8217;8 maggio, questo s\u00ec, \u00e8 stato bloccato dall&#8217;emergenza sanitaria, ma c&#8217;\u00e8 gi\u00e0 la nuova data di inizio, l&#8217; 11 settembre.<\/p>\n<p>Questo per dire che tutti i documenti autorizzativi dei vari governi a Tap Italia sviluppano, diciamo cos\u00ec, servendoci di un eufemismo, qualche perplessit\u00e0, e torniamo alla Autorizzazione Unica.<\/p>\n<p>Essa risale, come ricordato questa mattina, al 20 maggio 2015.<\/p>\n<p>Ricordiamo tutti gli ambiti da cui essa scatur\u00ec, riguardo presunti bisogni di gas, cinque anni dopo letteralmente crollati; le assicurazioni tipo &#8216;\u00e8 solo un tubicino&#8217;, infatti, abbiamo visto le devastazioni operate sul nostro territorio; e le promesse di riduzioni sulla bolletta elettrica per i consumatori, che non meritano nemmeno una confutazione.<\/p>\n<p>Quello che forse abbiamo dimenticato \u00e8 il ministro che firm\u00f2 l&#8217;autorizzazione, segnando in pratica l&#8217;inizio dei lavori.<\/p>\n<p>Vediamo di fare un ripassino urgente proiettato sull&#8217;attualit\u00e0 di questa mattina.<\/p>\n<p>Federica Guidi, 51 anni, di Modena, imprenditrice, \u00e8\u00a0stata\u00a0Ministro dello sviluppo Economico\u00a0nel\u00a0governo Renzi\u00a0dal 22 febbraio\u00a02014\u00a0al 5 aprile\u00a02016.<\/p>\n<p>Da imprenditrice, da analista finanziaria, \u00e8 stata nei consigli di amministrazione di importanti industrie italiane, fra cui la Fiat, poi amministratrice dell&#8217;azienda di famiglia, la Ducati Energia, infine \u00e8 diventata presidente dei Giovani Imprenditori di Confindustria, e vicepresidente di Confindustria.<\/p>\n<p>E&#8217; entrata pure nella potentissima lobby internazionale della Trilateral Commission.<\/p>\n<p>La sua nomina a ministro dello Sviluppo Economico fu subito, diamo cos\u00ec, sempre con un eufemismo, chiacchierata, dal momento che alcune imprese controllate dalla famiglia intrattenevano importanti relazioni commerciali con aziende di propriet\u00e0 statale.<\/p>\n<p>Poi dice solo del conflitto di interessi di Silvio, va beh.<\/p>\n<p>La sua fine politica fu repentina, quando, come prima, o poi doveva succedere, i nodi vennero al pettine.<\/p>\n<p>Il 31 marzo\u00a02016\u00a0tra gli atti dell&#8217;indagine giudiziaria aperta dalla Procura della Repubblica di\u00a0Potenza\u00a0sullo smaltimento di rifiuti nell&#8217;impianto\u00a0Eni\u00a0di\u00a0Viggiano, in\u00a0Val d&#8217;Agri (s\u00ec proprio quello tornato di attualit\u00e0 pochi giorni fa con la nuova moria di pesci nel lago Pertusillo, di cui leccecronaca.it si \u00e8 occupato il 10 maggio scorso con un&#8217;intervista alla geologa Albina Colella), che port\u00f2 all&#8217;arresto di sei persone, spuntano intercettazioni telefoniche imbarazzanti.<\/p>\n<p>Risalgono al\u00a0dicembre 2014 e in una di queste il ministro Federica Guidi informa il compagno, Gianluca Gemelli (insieme, in una foto dell&#8217;epoca), imprenditore al quale era sentimentalmente legata dai tempi di Confindustria, indagato nella stessa inchiesta, che nella\u00a0legge di stabilit\u00e0 pronta per essere votata da l\u00ec a poco in Parlamento, sarebbe stato inserito un emendamento particolare.<\/p>\n<p>Riguardava gli interessi imprenditoriali del\u00a0fidanzato, il quale avrebbe potuto ottenere sub appalti\u00a0per oltre due milioni di euro, nell&#8217;ambito dei provvedimenti di legge previsti a favore di Eni, Shell e Total, e gli dice pure che il ministro Maria Elena Boschi, all&#8217;epoca braccio destro di Matteo Renzi, era d&#8217;accordo e aveva preso in mano la questione.<\/p>\n<p>Federica Guidi non fu mai formalmente indagata, ma fu sentita dai magistrati.<\/p>\n<p>Non c&#8217;\u00e8 niente di penalmente rilevante a suo carico.<\/p>\n<p>Per la precisione, la posizione del suo fidanzato fu successivamente archiviata dai magistrati; i due successivamente si sono lasciati.<\/p>\n<p>Il ministro comunque si dimise dall&#8217;incarico dopo pochi giorni, per il grande impatto mediatico che tutto ci\u00f2 ebbe.<\/p>\n<p>Al di l\u00e0 degli aspetti giudiziari, che non siamo all&#8217;altezza &#8211; n\u00e9 del resto \u00e8 compito nostro &#8211; di sindacare, rimangono per\u00f2 le perplessit\u00e0 etiche e politiche sul suo operato, ovvie, lampanti, e che si estendono anche all&#8217;autorizzazione a Tap da lei firmata.<\/p>\n<p>&nbsp;<\/p>\n<p>Da questa estate, luglio 2019, Federica Guidi \u00e8 diventata la presidente di ANIE Energia, l\u2019associazione delle aziende di produzione, distribuzione e installazione di apparecchiature, componenti e sistemi per la Generazione, Trasmissione e Distribuzione di energia elettrica\u00a0per il suo utilizzo efficiente nelle applicazioni industriali e civili.<\/p>\n<p>&nbsp;<\/p>\n<p>Ebbe a dichiarare in seguito, dopo essere ritornata a occuparsi della Ducati Energia: <em>&#8220;Mi sono ripresa la mia vita. Sono felice di aver riconquistato l\u2019anonimato. Con la politica ho chiuso. \u00c8 stata una cosa brutale, ma \u00e8 andata&#8221;.<\/em><\/p>\n<p>Quello che c&#8217;era da fare, lo aveva gi\u00e0 fatto.______<\/p>\n<p>LA RICERCA nel nostro articolo immediatamente precedente<\/p>\n<blockquote class=\"wp-embedded-content\" data-secret=\"yBI4uDYjyS\"><p><a href=\"https:\/\/www.leccecronaca.it\/index.php\/2020\/05\/20\/pronto-roma-abbiamo-un-problema-ci-e-scaduta-l-autorizzazione-e-non-abbiamo-ancora-finito-i-lavori\/\">&#8216;PRONTO ROMA&#8230;ABBIAMO UN PROBLEMA&#8230;CI E&#8217; SCADUTA L&#8217; AUTORIZZAZIONE, E NON ABBIAMO FINITO I LAVORI&#8217;<\/a><\/p><\/blockquote>\n<p><iframe class=\"wp-embedded-content\" sandbox=\"allow-scripts\" security=\"restricted\" style=\"position: absolute; clip: rect(1px, 1px, 1px, 1px);\" src=\"https:\/\/www.leccecronaca.it\/index.php\/2020\/05\/20\/pronto-roma-abbiamo-un-problema-ci-e-scaduta-l-autorizzazione-e-non-abbiamo-ancora-finito-i-lavori\/embed\/#?secret=yBI4uDYjyS\" data-secret=\"yBI4uDYjyS\" width=\"500\" height=\"282\" title=\"&#8220;&#8216;PRONTO ROMA&#8230;ABBIAMO UN PROBLEMA&#8230;CI E&#8217; SCADUTA L&#8217; AUTORIZZAZIONE, E NON ABBIAMO FINITO I LAVORI&#8217;&#8221; &#8212; LecceCronaca.it\" frameborder=\"0\" marginwidth=\"0\" marginheight=\"0\" scrolling=\"no\"><\/iframe><\/p>\n<p>&nbsp;<\/p>\n<fb:like href='https:\/\/www.leccecronaca.it\/index.php\/2020\/05\/20\/nata-sotto-il-segno-dei-gemelli-a-firmare-lautorizzazione-unica-al-gasdotto-tap-oggi-scaduta-fu-il-ministro-federica-guidi-che-un-anno-dopo-si-dimise-dallincarico-in-seguito-ad-uninchiesta-d\/' send='true' layout='button_count' show_faces='true' width='450' height='65' action='recommend' colorscheme='light' font='lucida grande'><\/fb:like><span class=\"fb_share\"><fb:like href=\"https:\/\/www.leccecronaca.it\/index.php\/2020\/05\/20\/nata-sotto-il-segno-dei-gemelli-a-firmare-lautorizzazione-unica-al-gasdotto-tap-oggi-scaduta-fu-il-ministro-federica-guidi-che-un-anno-dopo-si-dimise-dallincarico-in-seguito-ad-uninchiesta-d\/\" layout=\"button_count\"><\/fb:like><\/span>","protected":false},"excerpt":{"rendered":"<p>di Giuseppe Puppo______Questa mattina il Comitato No Tap ritorna sulla costruzione del gasdotto Tap con un comunicato che pone un problema fondato. Noi l&#8217;abbiamo pubblicato, come facciamo sempre con tutti, con l&#8217;unico discrimine della nostra valutazione sull&#8217;interesse giornalistico. Qui, l&#8217;interesse collettivo c&#8217;\u00e8, senza dubbio. Si tratta di capire come possa un&#8217;azienda continuare i suoi lavori [&hellip;]<\/p>\n","protected":false},"author":4,"featured_media":167069,"comment_status":"open","ping_status":"closed","sticky":false,"template":"","format":"standard","meta":[],"categories":[69,76],"tags":[],"_links":{"self":[{"href":"https:\/\/www.leccecronaca.it\/index.php\/wp-json\/wp\/v2\/posts\/167060"}],"collection":[{"href":"https:\/\/www.leccecronaca.it\/index.php\/wp-json\/wp\/v2\/posts"}],"about":[{"href":"https:\/\/www.leccecronaca.it\/index.php\/wp-json\/wp\/v2\/types\/post"}],"author":[{"embeddable":true,"href":"https:\/\/www.leccecronaca.it\/index.php\/wp-json\/wp\/v2\/users\/4"}],"replies":[{"embeddable":true,"href":"https:\/\/www.leccecronaca.it\/index.php\/wp-json\/wp\/v2\/comments?post=167060"}],"version-history":[{"count":11,"href":"https:\/\/www.leccecronaca.it\/index.php\/wp-json\/wp\/v2\/posts\/167060\/revisions"}],"predecessor-version":[{"id":167074,"href":"https:\/\/www.leccecronaca.it\/index.php\/wp-json\/wp\/v2\/posts\/167060\/revisions\/167074"}],"wp:featuredmedia":[{"embeddable":true,"href":"https:\/\/www.leccecronaca.it\/index.php\/wp-json\/wp\/v2\/media\/167069"}],"wp:attachment":[{"href":"https:\/\/www.leccecronaca.it\/index.php\/wp-json\/wp\/v2\/media?parent=167060"}],"wp:term":[{"taxonomy":"category","embeddable":true,"href":"https:\/\/www.leccecronaca.it\/index.php\/wp-json\/wp\/v2\/categories?post=167060"},{"taxonomy":"post_tag","embeddable":true,"href":"https:\/\/www.leccecronaca.it\/index.php\/wp-json\/wp\/v2\/tags?post=167060"}],"curies":[{"name":"wp","href":"https:\/\/api.w.org\/{rel}","templated":true}]}}