{"id":167149,"date":"2020-05-22T17:14:42","date_gmt":"2020-05-22T15:14:42","guid":{"rendered":"http:\/\/www.leccecronaca.it\/?p=167149"},"modified":"2020-05-29T10:17:58","modified_gmt":"2020-05-29T08:17:58","slug":"e-morto-questa-mattina-a-lecce-alleta-di-76-anni-piero-manni-editore-salentino-protagonista-della-vita-politica-e-culturale-salentina","status":"publish","type":"post","link":"https:\/\/www.leccecronaca.it\/index.php\/2020\/05\/22\/e-morto-questa-mattina-a-lecce-alleta-di-76-anni-piero-manni-editore-salentino-protagonista-della-vita-politica-e-culturale-salentina\/","title":{"rendered":"E&#8217; MORTO QUESTA MATTINA A LECCE ALL&#8217;ETA&#8217; DI 76 ANNI PIERO MANNI"},"content":{"rendered":"<p><img decoding=\"async\" loading=\"lazy\" class=\"alignnone size-full wp-image-167150\" src=\"https:\/\/www.leccecronaca.it\/wordpress\/wp-content\/uploads\/2020\/05\/piero-manni.jpg\" alt=\"\" width=\"402\" height=\"604\" srcset=\"https:\/\/www.leccecronaca.it\/wordpress\/wp-content\/uploads\/2020\/05\/piero-manni.jpg 402w, https:\/\/www.leccecronaca.it\/wordpress\/wp-content\/uploads\/2020\/05\/piero-manni-200x300.jpg 200w\" sizes=\"(max-width: 402px) 100vw, 402px\" \/><\/p>\n<p>EDITORE DI PRESTIGIO, PROTAGONISTA PER DECENNI DELLA VITA POLITICA E CULTURALE SALENTINA<\/p>\n<p>di\u00a0<strong>Raffaele Polo<\/strong>______<\/p>\n<p>Andavamo d&#8217;accordo. Anche se, qualche volta, non condividevamo le sue idee e la sua appartenenza politica (ma lo abbiamo sempre sostenuto col voto, assieme a sua figlia Grazia, quando si sono presentati alle elezioni), pure il suo fare cos\u00ec schietto, moderato, intelligente, non poteva essere trascurato. Quando partecipavamo a qualche incontro letterario, ci guardavamo subito in giro: se c&#8217;era lui, l&#8217;editore Piero Manni (nella foto di copertina; nella foto sotto, con Alda Merini), allora eravamo sicuri che quell&#8217;evento fosse importante e degno di essere vissuto.<\/p>\n<p>Perch\u00e9, in realt\u00e0, Piero Manni e sua moglie Anna Grazia D&#8217;Oria hanno &#8216;inventato&#8217; l&#8217;editoria leccese, facendole fare passi da gigante e affrancandola da quell&#8217;eterno provincialismo cui sembrava condannata.<\/p>\n<p>Inoltre, cosa abbastanza rara per un editore, Piero era intellettuale dalle buone letture e scrittore anch&#8217;egli, quasi senza parere, ma dotato di ottima formazione e di impatto positivo su qualunque lettore; anche i pi\u00f9 sofisticati non potevano non ammettere la sua versatilit\u00e0.<\/p>\n<p>Per la cultura salentina e osiamo dire, per la cultura italiana, \u00e8 una grave perdita: la &#8216;Manni Editore&#8217; resta come una sorta di &#8216;Sellerio&#8217; di casa nostra, a testimoniare, con i suoi titoli, le sue scelte editoriali, il progresso fatto in tanti anni di lavoro e di fatica.\u00a0 E di Piero Manni resta, per chi non lo ha conosciuto personalmente, l&#8217;idea di un grande intellettuale, legato al proprio territorio ma aperto, apertissimo alla evoluzione editoriale in continuo divenire.<\/p>\n<p>Per chi, invece, ha avuto la fortuna di averlo conosciuto, magari di reputarlo un amico, la sua scomparsa \u00e8 un grave dolore, una perdita importante perch\u00e9 Piero sapeva farsi voler bene: col suo agire calmo, sereno e pacato riusciva a mettere tutti a proprio agio, non mancando mai di un motto scherzoso o magari dialettale.<\/p>\n<p>Ma era il suo sguardo, profondo e che ti scavava dentro, a farti capire che non era un uomo qualunque, che avevi difronte un interlocutore da trattare con i guanti.<\/p>\n<p>Allora, facciamo cos\u00ec, caro Piero: per me, tu continui ad esserci, continui a dirigere la tua attivit\u00e0 editoriale, continui a scegliere e pubblicare il meglio. So che non puoi fermarti, che il tuo &#8216;fare&#8217; \u00e8 instancabile e sconfigge tutto, anche la morte&#8230;<\/p>\n<p>Ma adesso riposati, amico mio.<\/p>\n<p><img decoding=\"async\" loading=\"lazy\" class=\"alignnone size-full wp-image-167153\" src=\"https:\/\/www.leccecronaca.it\/wordpress\/wp-content\/uploads\/2020\/05\/merini-300x225.jpg\" alt=\"\" width=\"300\" height=\"225\" \/><\/p>\n<p>&nbsp;<\/p>\n<p>&nbsp;<\/p>\n<fb:like href='https:\/\/www.leccecronaca.it\/index.php\/2020\/05\/22\/e-morto-questa-mattina-a-lecce-alleta-di-76-anni-piero-manni-editore-salentino-protagonista-della-vita-politica-e-culturale-salentina\/' send='true' layout='button_count' show_faces='true' width='450' height='65' action='recommend' colorscheme='light' font='lucida grande'><\/fb:like><span class=\"fb_share\"><fb:like href=\"https:\/\/www.leccecronaca.it\/index.php\/2020\/05\/22\/e-morto-questa-mattina-a-lecce-alleta-di-76-anni-piero-manni-editore-salentino-protagonista-della-vita-politica-e-culturale-salentina\/\" layout=\"button_count\"><\/fb:like><\/span>","protected":false},"excerpt":{"rendered":"<p>EDITORE DI PRESTIGIO, PROTAGONISTA PER DECENNI DELLA VITA POLITICA E CULTURALE SALENTINA di\u00a0Raffaele Polo______ Andavamo d&#8217;accordo. Anche se, qualche volta, non condividevamo le sue idee e la sua appartenenza politica (ma lo abbiamo sempre sostenuto col voto, assieme a sua figlia Grazia, quando si sono presentati alle elezioni), pure il suo fare cos\u00ec schietto, moderato, [&hellip;]<\/p>\n","protected":false},"author":4,"featured_media":0,"comment_status":"open","ping_status":"closed","sticky":false,"template":"","format":"standard","meta":[],"categories":[69,31],"tags":[],"_links":{"self":[{"href":"https:\/\/www.leccecronaca.it\/index.php\/wp-json\/wp\/v2\/posts\/167149"}],"collection":[{"href":"https:\/\/www.leccecronaca.it\/index.php\/wp-json\/wp\/v2\/posts"}],"about":[{"href":"https:\/\/www.leccecronaca.it\/index.php\/wp-json\/wp\/v2\/types\/post"}],"author":[{"embeddable":true,"href":"https:\/\/www.leccecronaca.it\/index.php\/wp-json\/wp\/v2\/users\/4"}],"replies":[{"embeddable":true,"href":"https:\/\/www.leccecronaca.it\/index.php\/wp-json\/wp\/v2\/comments?post=167149"}],"version-history":[{"count":5,"href":"https:\/\/www.leccecronaca.it\/index.php\/wp-json\/wp\/v2\/posts\/167149\/revisions"}],"predecessor-version":[{"id":167343,"href":"https:\/\/www.leccecronaca.it\/index.php\/wp-json\/wp\/v2\/posts\/167149\/revisions\/167343"}],"wp:attachment":[{"href":"https:\/\/www.leccecronaca.it\/index.php\/wp-json\/wp\/v2\/media?parent=167149"}],"wp:term":[{"taxonomy":"category","embeddable":true,"href":"https:\/\/www.leccecronaca.it\/index.php\/wp-json\/wp\/v2\/categories?post=167149"},{"taxonomy":"post_tag","embeddable":true,"href":"https:\/\/www.leccecronaca.it\/index.php\/wp-json\/wp\/v2\/tags?post=167149"}],"curies":[{"name":"wp","href":"https:\/\/api.w.org\/{rel}","templated":true}]}}