{"id":167186,"date":"2020-05-23T06:43:04","date_gmt":"2020-05-23T04:43:04","guid":{"rendered":"http:\/\/www.leccecronaca.it\/?p=167186"},"modified":"2020-05-29T10:20:31","modified_gmt":"2020-05-29T08:20:31","slug":"dove-eravamo-rimasti-ritornano-a-lecce-citta-le-manifestazioni-culturali-con-la-partecipazione-del-pubblico-dopo-quasi-tre-mesi-di-quarantena","status":"publish","type":"post","link":"https:\/\/www.leccecronaca.it\/index.php\/2020\/05\/23\/dove-eravamo-rimasti-ritornano-a-lecce-citta-le-manifestazioni-culturali-con-la-partecipazione-del-pubblico-dopo-quasi-tre-mesi-di-quarantena\/","title":{"rendered":"DOVE ERAVAMO RIMASTI? RITORNANO A LECCE CITTA&#8217; LE MANIFESTAZIONI CULTURALI CON LA PARTECIPAZIONE DEL PUBBLICO, DOPO QUASI TRE MESI  DI QUARANTENA"},"content":{"rendered":"<p><img decoding=\"async\" loading=\"lazy\" class=\"alignnone size-full wp-image-167187\" src=\"https:\/\/www.leccecronaca.it\/wordpress\/wp-content\/uploads\/2020\/05\/sama-alshaibi-2.jpg\" alt=\"\" width=\"1000\" height=\"981\" srcset=\"https:\/\/www.leccecronaca.it\/wordpress\/wp-content\/uploads\/2020\/05\/sama-alshaibi-2.jpg 1000w, https:\/\/www.leccecronaca.it\/wordpress\/wp-content\/uploads\/2020\/05\/sama-alshaibi-2-300x294.jpg 300w, https:\/\/www.leccecronaca.it\/wordpress\/wp-content\/uploads\/2020\/05\/sama-alshaibi-2-768x753.jpg 768w, https:\/\/www.leccecronaca.it\/wordpress\/wp-content\/uploads\/2020\/05\/sama-alshaibi-2-60x60.jpg 60w\" sizes=\"(max-width: 1000px) 100vw, 1000px\" \/>(g.p.)______Finalmente! E&#8217; il primo evento culturale a Lecce\u00a0 citt\u00e0 fisico, cio\u00e8 con la partecipazione del pubblico, dal vivo in un contenitore concreto, non sul web, dove si erano rifugiati, pi\u00f9 o meno malamente, e malinconicamente, almeno a mio avviso, e non me ne vogliano gli artisti che si sono adattati, musica, arte, cinema e teatro, in questa lunga quarantena sanitaria.<\/p>\n<p>Ci risiamo, si tratta di una mostra d&#8217;arte, in un galleria, e la speranza \u00e8 che prestissimo seguano i concerti negli stadi o in piazza; i film nei cinema; le rappresentazioni nei teatri; le conferenze nei saloni; le presentazioni dei libri<\/p>\n<p>Un segno di speranza per tutti.<\/p>\n<p>La d\u00e0 la mail arrivata questa mattina in redazione, annunciante la ripresa dell&#8217;iniziativa culturale interrotta per causa di forza maggiore______<\/p>\n<p><em><strong>MOSTRA D\u2019ARTE CONTEMPORANEA FEMMINILE<\/strong><\/em><\/p>\n<p><em><strong>\u201cGEO-GRAPHIES: Rituali identitari e fragili ecosistemi\u201d<\/strong><\/em><\/p>\n<p><em><strong>A cura di Dores Sacquegna<\/strong><\/em><\/p>\n<p><em><strong>Dal 25 Maggio al 7 Giugno 2020 <\/strong><\/em><br \/>\n<em><strong> Riapertura Luned\u00ec 25 Maggio ore 17.30 \u2013 20.30 <\/strong><\/em><br \/>\n<em><strong> Fondazione Palmieri, a Lecce, Vicolo Sotterranei<\/strong><\/em><\/p>\n<p><em><strong>Luned\u00ec 25 maggio dalle ore 17.30, \u00e8 ufficialmente riaperta la mostra d\u2019arte contemporanea femminile \u201c GEO-GRAPHIES: Rituali identitari e fragili ecosistemi\u201d a cura di Dores Sacquegna, organizzata dall\u2019Associazione Culturale Primo Piano LivinGallery | Progetti &amp; Servizi per l\u2019Arte Contemporanea, con il Patrocinio del Comune di Lecce. <\/strong><\/em><\/p>\n<p><em><strong>L\u2019evento \u2013 inaugurato il 7 Marzo e poi sospeso causa Covid-19, riapre le porte della Fondazione Palmieri al pubblico. <\/strong><\/em><\/p>\n<p><em><strong>In mostra 27 artiste internazionali che si confrontano su tematiche di grande attualit\u00e0 sociale, ambientale e di diversit\u00e0 culturale. \u00a0Tra di loro, le opere di due grandi artiste del XXI secolo: Louise Bourgeois e LeoNilde Carabba._______<\/strong><\/em><\/p>\n<p>Nella foto di copertina, un&#8217;opera esposta, di Salma Alshaibi; nella foto qui sotto, una di Daria Makarenko.<\/p>\n<p><img decoding=\"async\" loading=\"lazy\" class=\"alignnone size-full wp-image-167189\" src=\"https:\/\/www.leccecronaca.it\/wordpress\/wp-content\/uploads\/2020\/05\/Daria_Makarenko_Ceramic-Speak-in-the-street-2-1.jpg\" alt=\"\" width=\"1000\" height=\"816\" srcset=\"https:\/\/www.leccecronaca.it\/wordpress\/wp-content\/uploads\/2020\/05\/Daria_Makarenko_Ceramic-Speak-in-the-street-2-1.jpg 1000w, https:\/\/www.leccecronaca.it\/wordpress\/wp-content\/uploads\/2020\/05\/Daria_Makarenko_Ceramic-Speak-in-the-street-2-1-300x245.jpg 300w, https:\/\/www.leccecronaca.it\/wordpress\/wp-content\/uploads\/2020\/05\/Daria_Makarenko_Ceramic-Speak-in-the-street-2-1-768x627.jpg 768w\" sizes=\"(max-width: 1000px) 100vw, 1000px\" \/><\/p>\n<p>LA RICERCA nel nostro articolo del 1 marzo scorso<\/p>\n<blockquote class=\"wp-embedded-content\" data-secret=\"sdo5vkPChJ\"><p><a href=\"https:\/\/www.leccecronaca.it\/index.php\/2020\/03\/01\/mostra-collettiva-al-femminile-a-lecce-sabato-7\/\">MOSTRA AL FEMMINILE A LECCE SABATO 7<\/a><\/p><\/blockquote>\n<p><iframe class=\"wp-embedded-content\" sandbox=\"allow-scripts\" security=\"restricted\" style=\"position: absolute; clip: rect(1px, 1px, 1px, 1px);\" src=\"https:\/\/www.leccecronaca.it\/index.php\/2020\/03\/01\/mostra-collettiva-al-femminile-a-lecce-sabato-7\/embed\/#?secret=sdo5vkPChJ\" data-secret=\"sdo5vkPChJ\" width=\"500\" height=\"282\" title=\"&#8220;MOSTRA AL FEMMINILE A LECCE SABATO 7&#8221; &#8212; LecceCronaca.it\" frameborder=\"0\" marginwidth=\"0\" marginheight=\"0\" scrolling=\"no\"><\/iframe><\/p>\n<p>&nbsp;<\/p>\n<p>&nbsp;<\/p>\n<fb:like href='https:\/\/www.leccecronaca.it\/index.php\/2020\/05\/23\/dove-eravamo-rimasti-ritornano-a-lecce-citta-le-manifestazioni-culturali-con-la-partecipazione-del-pubblico-dopo-quasi-tre-mesi-di-quarantena\/' send='true' layout='button_count' show_faces='true' width='450' height='65' action='recommend' colorscheme='light' font='lucida grande'><\/fb:like><span class=\"fb_share\"><fb:like href=\"https:\/\/www.leccecronaca.it\/index.php\/2020\/05\/23\/dove-eravamo-rimasti-ritornano-a-lecce-citta-le-manifestazioni-culturali-con-la-partecipazione-del-pubblico-dopo-quasi-tre-mesi-di-quarantena\/\" layout=\"button_count\"><\/fb:like><\/span>","protected":false},"excerpt":{"rendered":"<p>(g.p.)______Finalmente! E&#8217; il primo evento culturale a Lecce\u00a0 citt\u00e0 fisico, cio\u00e8 con la partecipazione del pubblico, dal vivo in un contenitore concreto, non sul web, dove si erano rifugiati, pi\u00f9 o meno malamente, e malinconicamente, almeno a mio avviso, e non me ne vogliano gli artisti che si sono adattati, musica, arte, cinema e teatro, [&hellip;]<\/p>\n","protected":false},"author":4,"featured_media":167187,"comment_status":"open","ping_status":"closed","sticky":false,"template":"","format":"standard","meta":[],"categories":[31,75],"tags":[],"_links":{"self":[{"href":"https:\/\/www.leccecronaca.it\/index.php\/wp-json\/wp\/v2\/posts\/167186"}],"collection":[{"href":"https:\/\/www.leccecronaca.it\/index.php\/wp-json\/wp\/v2\/posts"}],"about":[{"href":"https:\/\/www.leccecronaca.it\/index.php\/wp-json\/wp\/v2\/types\/post"}],"author":[{"embeddable":true,"href":"https:\/\/www.leccecronaca.it\/index.php\/wp-json\/wp\/v2\/users\/4"}],"replies":[{"embeddable":true,"href":"https:\/\/www.leccecronaca.it\/index.php\/wp-json\/wp\/v2\/comments?post=167186"}],"version-history":[{"count":1,"href":"https:\/\/www.leccecronaca.it\/index.php\/wp-json\/wp\/v2\/posts\/167186\/revisions"}],"predecessor-version":[{"id":167190,"href":"https:\/\/www.leccecronaca.it\/index.php\/wp-json\/wp\/v2\/posts\/167186\/revisions\/167190"}],"wp:featuredmedia":[{"embeddable":true,"href":"https:\/\/www.leccecronaca.it\/index.php\/wp-json\/wp\/v2\/media\/167187"}],"wp:attachment":[{"href":"https:\/\/www.leccecronaca.it\/index.php\/wp-json\/wp\/v2\/media?parent=167186"}],"wp:term":[{"taxonomy":"category","embeddable":true,"href":"https:\/\/www.leccecronaca.it\/index.php\/wp-json\/wp\/v2\/categories?post=167186"},{"taxonomy":"post_tag","embeddable":true,"href":"https:\/\/www.leccecronaca.it\/index.php\/wp-json\/wp\/v2\/tags?post=167186"}],"curies":[{"name":"wp","href":"https:\/\/api.w.org\/{rel}","templated":true}]}}