{"id":167292,"date":"2020-05-26T19:46:16","date_gmt":"2020-05-26T17:46:16","guid":{"rendered":"http:\/\/www.leccecronaca.it\/?p=167292"},"modified":"2020-05-26T20:08:45","modified_gmt":"2020-05-26T18:08:45","slug":"il-tempo-ruba-i-contorni-ad-una-fotografia-palermo-san-foca-roma-baku-una-cartolina-di-leccecronaca-it-per-lambasciatore-dellazerbaigian-a-roma-e-per-il-piu-illustre-dei-suoi-ospiti-d","status":"publish","type":"post","link":"https:\/\/www.leccecronaca.it\/index.php\/2020\/05\/26\/il-tempo-ruba-i-contorni-ad-una-fotografia-palermo-san-foca-roma-baku-una-cartolina-di-leccecronaca-it-per-lambasciatore-dellazerbaigian-a-roma-e-per-il-piu-illustre-dei-suoi-ospiti-d\/","title":{"rendered":"&#8220;Il tempo ruba i contorni ad una fotografia&#8221;. PALERMO, SAN FOCA, ROMA, BAKU. UNA CARTOLINA DI leccecronaca.it PER L&#8217;AMBASCIATORE DELL&#8217;AZERBAIGIAN A ROMA, E PER IL PIU&#8217; ILLUSTRE DEI SUOI OSPITI ALLA FESTA DI DOMANI"},"content":{"rendered":"<p><img decoding=\"async\" loading=\"lazy\" class=\"alignnone wp-image-167294\" src=\"https:\/\/www.leccecronaca.it\/wordpress\/wp-content\/uploads\/2020\/05\/budi.jpg\" alt=\"\" width=\"800\" height=\"637\" srcset=\"https:\/\/www.leccecronaca.it\/wordpress\/wp-content\/uploads\/2020\/05\/budi.jpg 593w, https:\/\/www.leccecronaca.it\/wordpress\/wp-content\/uploads\/2020\/05\/budi-300x239.jpg 300w\" sizes=\"(max-width: 800px) 100vw, 800px\" \/>(g.p.)______Domani, mercoled\u00ec 27 maggio 2020 &#8211; informa una nota d&#8217;agenzia &#8211; in occasione della Festa Nazionale della Repubblica dell&#8217;Azerbaigian, l\u2019ambasciata in Italia ha promosso una video-conferenza su \u00abL\u2019importanza della data del 28 maggio nella storia dell\u2019Azerbaigian e il partenariato strategico tra Italia e Azerbaigian\u00bb.<\/p>\n<p>Sar\u00e0 trasmessa in diretta sulla pagina Facebook dell&#8217;ambasciata, come recita l&#8217;invito.<\/p>\n<p>Niente da ridire, ogni Stato si auto celebra al meglio, e &#8211; \u00e8 proprio il caso di dirlo &#8211;\u00a0si fa gli affari suoi, e dei suoi governanti.<\/p>\n<p>Ora, adesso non \u00e8 il caso di ripetere cose gi\u00e0 note e consolidate, sugli intrecci affaristici e lobbystici intercorsi in tutti questi anni fra essi e le istituzioni europee, e pure quelle italiane, soprattutto a proposito della costruzione del gasdotto Tap.<\/p>\n<p>Auguri e buona celebrazione, sar\u00e0 un apericena di lusso: ci saranno pure le scatolette di caviale che regalavano ai politici europei ed italiani?<\/p>\n<p>Adesso per\u00f2, visto il pi\u00f9 illustre degli ospiti attesi per domani in ambasciata, \u00e8 il caso di tirare fuori dal nostro archivio una foto, vincendo la tristezza, che ne deriva, sopravvivendo allo squallore che ne consegue, per chi ha dimenticato tutto, e per qualche poltrona \u00e8 passato sulla pelle dei cittadini che diceva di voler difendere, sulla distruzione di quel territorio che diceva di voler tutelare.<\/p>\n<p>Il pi\u00f9 illustre degli ospiti atteso per domani \u00e8 Manlio Di Stefano, 39 anni, di Palermo, sottosegretario al Ministero degli Affari Esteri.<\/p>\n<p>La foto del nostro archivio \u00e8 del 15 maggio 2014, scattata sulla spiaggia di San Foca, dove i neo eletti parlamentari del Movimento 5 Stelle si erano dati appuntamento per concertare le iniziative da intraprendere per fermare la costruzione del gasdotto Tap.<\/p>\n<p>Da l\u00e0 verranno i cortei, magnifico quello con Beppe Grillo in persona del 21 settembre 2014, verranno le promesse, celeberrima quella di Alessandro Di Battista del 2 settembre 2017: <em>&#8220;Quando saremo al governo, lo bloccheremo definitivamente in due settimane&#8221;.<\/em><\/p>\n<p>In questa foto, anche se non si vede bene, sono presenti, fra gli altri, sui quali stendiamo quel pietoso velo, Alessandro Di Battista e &#8211; udite udite &#8211; Manlio Di Stefano.<\/p>\n<p>Ora al governo, anzi a due, ci sono andati, ma si sono rimangiato tutto.<\/p>\n<p>Ora, vanno a mangiare in casa dell&#8217;ambasciatore dell&#8217; Azerbaigian.<\/p>\n<p><img decoding=\"async\" loading=\"lazy\" class=\"alignnone size-full wp-image-167293\" src=\"https:\/\/www.leccecronaca.it\/wordpress\/wp-content\/uploads\/2020\/05\/invi.jpg\" alt=\"\" width=\"768\" height=\"960\" srcset=\"https:\/\/www.leccecronaca.it\/wordpress\/wp-content\/uploads\/2020\/05\/invi.jpg 768w, https:\/\/www.leccecronaca.it\/wordpress\/wp-content\/uploads\/2020\/05\/invi-240x300.jpg 240w\" sizes=\"(max-width: 768px) 100vw, 768px\" \/><\/p>\n<p>______<\/p>\n<p>LA RICERCA nel nostro articolo del 15 maggio 2014<\/p>\n<blockquote class=\"wp-embedded-content\" data-secret=\"IgbJNYZ6KZ\"><p><a href=\"https:\/\/www.leccecronaca.it\/index.php\/2014\/05\/15\/no-tap-senza-se-e-senza-ma-intervista-ai-deputati-del-m5s-di-tonio-leuci\/\">NO TAP SENZA SE E SENZA MA intervista ai deputati del M5S                                                         di Tonio Leuci.<\/a><\/p><\/blockquote>\n<p><iframe class=\"wp-embedded-content\" sandbox=\"allow-scripts\" security=\"restricted\" style=\"position: absolute; clip: rect(1px, 1px, 1px, 1px);\" src=\"https:\/\/www.leccecronaca.it\/index.php\/2014\/05\/15\/no-tap-senza-se-e-senza-ma-intervista-ai-deputati-del-m5s-di-tonio-leuci\/embed\/#?secret=IgbJNYZ6KZ\" data-secret=\"IgbJNYZ6KZ\" width=\"500\" height=\"282\" title=\"&#8220;NO TAP SENZA SE E SENZA MA intervista ai deputati del M5S                                                         di Tonio Leuci.&#8221; &#8212; LecceCronaca.it\" frameborder=\"0\" marginwidth=\"0\" marginheight=\"0\" scrolling=\"no\"><\/iframe><\/p>\n<p>&nbsp;<\/p>\n<p>&nbsp;<\/p>\n<p>&nbsp;<\/p>\n<fb:like href='https:\/\/www.leccecronaca.it\/index.php\/2020\/05\/26\/il-tempo-ruba-i-contorni-ad-una-fotografia-palermo-san-foca-roma-baku-una-cartolina-di-leccecronaca-it-per-lambasciatore-dellazerbaigian-a-roma-e-per-il-piu-illustre-dei-suoi-ospiti-d\/' send='true' layout='button_count' show_faces='true' width='450' height='65' action='recommend' colorscheme='light' font='lucida grande'><\/fb:like><span class=\"fb_share\"><fb:like href=\"https:\/\/www.leccecronaca.it\/index.php\/2020\/05\/26\/il-tempo-ruba-i-contorni-ad-una-fotografia-palermo-san-foca-roma-baku-una-cartolina-di-leccecronaca-it-per-lambasciatore-dellazerbaigian-a-roma-e-per-il-piu-illustre-dei-suoi-ospiti-d\/\" layout=\"button_count\"><\/fb:like><\/span>","protected":false},"excerpt":{"rendered":"<p>(g.p.)______Domani, mercoled\u00ec 27 maggio 2020 &#8211; informa una nota d&#8217;agenzia &#8211; in occasione della Festa Nazionale della Repubblica dell&#8217;Azerbaigian, l\u2019ambasciata in Italia ha promosso una video-conferenza su \u00abL\u2019importanza della data del 28 maggio nella storia dell\u2019Azerbaigian e il partenariato strategico tra Italia e Azerbaigian\u00bb. Sar\u00e0 trasmessa in diretta sulla pagina Facebook dell&#8217;ambasciata, come recita l&#8217;invito. [&hellip;]<\/p>\n","protected":false},"author":4,"featured_media":167294,"comment_status":"open","ping_status":"closed","sticky":false,"template":"","format":"standard","meta":[],"categories":[69,76],"tags":[],"_links":{"self":[{"href":"https:\/\/www.leccecronaca.it\/index.php\/wp-json\/wp\/v2\/posts\/167292"}],"collection":[{"href":"https:\/\/www.leccecronaca.it\/index.php\/wp-json\/wp\/v2\/posts"}],"about":[{"href":"https:\/\/www.leccecronaca.it\/index.php\/wp-json\/wp\/v2\/types\/post"}],"author":[{"embeddable":true,"href":"https:\/\/www.leccecronaca.it\/index.php\/wp-json\/wp\/v2\/users\/4"}],"replies":[{"embeddable":true,"href":"https:\/\/www.leccecronaca.it\/index.php\/wp-json\/wp\/v2\/comments?post=167292"}],"version-history":[{"count":5,"href":"https:\/\/www.leccecronaca.it\/index.php\/wp-json\/wp\/v2\/posts\/167292\/revisions"}],"predecessor-version":[{"id":167299,"href":"https:\/\/www.leccecronaca.it\/index.php\/wp-json\/wp\/v2\/posts\/167292\/revisions\/167299"}],"wp:featuredmedia":[{"embeddable":true,"href":"https:\/\/www.leccecronaca.it\/index.php\/wp-json\/wp\/v2\/media\/167294"}],"wp:attachment":[{"href":"https:\/\/www.leccecronaca.it\/index.php\/wp-json\/wp\/v2\/media?parent=167292"}],"wp:term":[{"taxonomy":"category","embeddable":true,"href":"https:\/\/www.leccecronaca.it\/index.php\/wp-json\/wp\/v2\/categories?post=167292"},{"taxonomy":"post_tag","embeddable":true,"href":"https:\/\/www.leccecronaca.it\/index.php\/wp-json\/wp\/v2\/tags?post=167292"}],"curies":[{"name":"wp","href":"https:\/\/api.w.org\/{rel}","templated":true}]}}