{"id":167561,"date":"2020-06-02T09:37:21","date_gmt":"2020-06-02T07:37:21","guid":{"rendered":"http:\/\/www.leccecronaca.it\/?p=167561"},"modified":"2020-06-02T10:29:24","modified_gmt":"2020-06-02T08:29:24","slug":"leccecronache-il-2-giungo-senza-la-fanfara","status":"publish","type":"post","link":"https:\/\/www.leccecronaca.it\/index.php\/2020\/06\/02\/leccecronache-il-2-giungo-senza-la-fanfara\/","title":{"rendered":"LECCECRONACHE  \/ IL 2 GIUGNO SENZA LA FANFARA"},"content":{"rendered":"<p><img decoding=\"async\" loading=\"lazy\" class=\"alignnone size-full wp-image-167562\" src=\"https:\/\/www.leccecronaca.it\/wordpress\/wp-content\/uploads\/2020\/06\/Fanfara-bersaglieri.jpg\" alt=\"\" width=\"700\" height=\"559\" srcset=\"https:\/\/www.leccecronaca.it\/wordpress\/wp-content\/uploads\/2020\/06\/Fanfara-bersaglieri.jpg 700w, https:\/\/www.leccecronaca.it\/wordpress\/wp-content\/uploads\/2020\/06\/Fanfara-bersaglieri-300x240.jpg 300w\" sizes=\"(max-width: 700px) 100vw, 700px\" \/>di <strong>Raffaele Polo<\/strong>______<\/p>\n<p>Sono un poco in imbarazzo.<\/p>\n<p>Perch\u00e9, in tutta sincerit\u00e0, mi \u00e8 sempre piaciuta la sfilata delle forze armate del 2 giugno. S\u00ec, anche io ho pensato, ho detto, ho scritto che sarebbe meglio utilizzare queste commemorazioni in altro modo, per parlare di cultura, di sensibilit\u00e0, di bisogni e certezze. E il &#8216;militarismo&#8217; non fa parte di una democrazia che dovrebbe eliminare le armi, cos\u00ec come dovrebbe evitare esibizioni che ci ricollegano ad un passato non propriamente felice&#8230;<\/p>\n<p>Lo so, lo so.<\/p>\n<p>Ma mi emoziona anche il solo pensiero della fanfara dei bersaglieri che passa correndo. E il rombo dei carri armati, dei mezzi pesanti \u00e8 un qualcosa che mi fa sentire bene, forte e sicuro in mezzo a mille difficolt\u00e0&#8230;<\/p>\n<p>Sciocchezze, vero? Un intellettuale dovrebbe ridersene di queste cose, della &#8216;Folgore&#8217; che sfila impettita, dei lagunari mimetizzati, dei marinai con le loro fresche uniformi&#8230; Quanti sodi gettati al vento, dovrei pensare: e fare un calcolo approssimativo per quantificare gli sprechi della Repubblica che, poi, non tira fuori un centesimo per chi se la passa male.<\/p>\n<p>Oltretutto, mi mancano anche gli squilli marziali e le trombe che accompagnano l&#8217;esibizione, ha voglia il Presidente della Repubblica ad offrire un concerto per soli archi che esegue pezzi interessanti ma pochissimo conosciuti e poi l&#8217;inno degli Italiani eseguito dai violini \u00e8 suggestivo, certo. Ma manca di nerbo, senza coro, poi, ma che Inno \u00e8 se non c&#8217;\u00e8 quel crescendo vocale che si sublima nel &#8216;S\u00ec&#8217; che riempie tutto lo spazio, ci solleva pieni di entusiasmo e ci fa gonfiare i petti.<\/p>\n<p>No, no, abbiate pazienza: la sfilata del 2 giugno, con le figure storiche dei combattenti, che sembra l&#8217;album delle figurine con tutte le divise degli ultimi secoli e poi i Carabinieri a cavallo col cagnolino mascotte, le Frecce Tricolori&#8230;<\/p>\n<p>Ma il Coronavirus ha cambiato anche queste manifestazioni: niente applausi, ad esempio. E togliere a noi italiani il gusto di battere le mani \u00e8 proprio un delitto. Lo facciamo sempre, ad ogni occasione. Adesso niente, perbacco, quello sfogo liberatorio di consenso pure ci \u00e8 negato.<\/p>\n<p>Allora, quest&#8217;anno \u00e8 cos\u00ec, amici.<\/p>\n<p>Con buona pace dei militari e delle loro estenuanti prove per arrivare in perfetta forma per il 2 giugno, stavolta si parla solo del valore della Repubblica e della necessit\u00e0 di essere uniti. Del ricordo delle vittime e del sacrificio dei volontari. Della necessit\u00e0 di sentirci europei e di intraprendere al pi\u00f9 presto il cammino di recupero, senza confronti e litigi. Insomma, tutti argomenti sacrosanti, ce lo ha ricordato anche il Papa. E quando lo Stato e la Chiesa dicono le stesse cose, allora veramente c&#8217;\u00e8 da pensarci&#8230;<\/p>\n<p>Addio, allora, allo &#8216;sfilamento&#8217; delle truppe e dei mezzi militari: chiss\u00e0 se si far\u00e0 ancora o se ci toccher\u00e0 ancora il raccolto concerto d&#8217;archi con musiche tristi e di circostanza, in ricordo delle vittime del Coronavirus, va bene.<\/p>\n<p>Ma mi manca la fanfara dei bersaglieri.<\/p>\n<p>Che ci volete fare, lo so che non dovevo scriverle, queste cose.<\/p>\n<p>E Buona Festa della Repubblica, allora.<\/p>\n<p>(Oggi i supermercati sono aperti).<\/p>\n<p>&nbsp;<\/p>\n<fb:like href='https:\/\/www.leccecronaca.it\/index.php\/2020\/06\/02\/leccecronache-il-2-giungo-senza-la-fanfara\/' send='true' layout='button_count' show_faces='true' width='450' height='65' action='recommend' colorscheme='light' font='lucida grande'><\/fb:like><span class=\"fb_share\"><fb:like href=\"https:\/\/www.leccecronaca.it\/index.php\/2020\/06\/02\/leccecronache-il-2-giungo-senza-la-fanfara\/\" layout=\"button_count\"><\/fb:like><\/span>","protected":false},"excerpt":{"rendered":"<p>di Raffaele Polo______ Sono un poco in imbarazzo. Perch\u00e9, in tutta sincerit\u00e0, mi \u00e8 sempre piaciuta la sfilata delle forze armate del 2 giugno. S\u00ec, anche io ho pensato, ho detto, ho scritto che sarebbe meglio utilizzare queste commemorazioni in altro modo, per parlare di cultura, di sensibilit\u00e0, di bisogni e certezze. E il &#8216;militarismo&#8217; [&hellip;]<\/p>\n","protected":false},"author":4,"featured_media":167562,"comment_status":"open","ping_status":"closed","sticky":false,"template":"","format":"standard","meta":[],"categories":[69,31],"tags":[],"_links":{"self":[{"href":"https:\/\/www.leccecronaca.it\/index.php\/wp-json\/wp\/v2\/posts\/167561"}],"collection":[{"href":"https:\/\/www.leccecronaca.it\/index.php\/wp-json\/wp\/v2\/posts"}],"about":[{"href":"https:\/\/www.leccecronaca.it\/index.php\/wp-json\/wp\/v2\/types\/post"}],"author":[{"embeddable":true,"href":"https:\/\/www.leccecronaca.it\/index.php\/wp-json\/wp\/v2\/users\/4"}],"replies":[{"embeddable":true,"href":"https:\/\/www.leccecronaca.it\/index.php\/wp-json\/wp\/v2\/comments?post=167561"}],"version-history":[{"count":2,"href":"https:\/\/www.leccecronaca.it\/index.php\/wp-json\/wp\/v2\/posts\/167561\/revisions"}],"predecessor-version":[{"id":167564,"href":"https:\/\/www.leccecronaca.it\/index.php\/wp-json\/wp\/v2\/posts\/167561\/revisions\/167564"}],"wp:featuredmedia":[{"embeddable":true,"href":"https:\/\/www.leccecronaca.it\/index.php\/wp-json\/wp\/v2\/media\/167562"}],"wp:attachment":[{"href":"https:\/\/www.leccecronaca.it\/index.php\/wp-json\/wp\/v2\/media?parent=167561"}],"wp:term":[{"taxonomy":"category","embeddable":true,"href":"https:\/\/www.leccecronaca.it\/index.php\/wp-json\/wp\/v2\/categories?post=167561"},{"taxonomy":"post_tag","embeddable":true,"href":"https:\/\/www.leccecronaca.it\/index.php\/wp-json\/wp\/v2\/tags?post=167561"}],"curies":[{"name":"wp","href":"https:\/\/api.w.org\/{rel}","templated":true}]}}