{"id":167595,"date":"2020-06-03T12:02:43","date_gmt":"2020-06-03T10:02:43","guid":{"rendered":"http:\/\/www.leccecronaca.it\/?p=167595"},"modified":"2020-06-07T10:52:33","modified_gmt":"2020-06-07T08:52:33","slug":"ripartire-o-ricominciare-il-convegno-di-san-pietro-in-lama-primo-momento-di-confronto-e-dialogo-per-la-comunita-leccecronaca-it-e-andata-a-sentire-ecco-in-sintesi-giornalistica-che-cosa-i-tant","status":"publish","type":"post","link":"https:\/\/www.leccecronaca.it\/index.php\/2020\/06\/03\/ripartire-o-ricominciare-il-convegno-di-san-pietro-in-lama-primo-momento-di-confronto-e-dialogo-per-la-comunita-leccecronaca-it-e-andata-a-sentire-ecco-in-sintesi-giornalistica-che-cosa-i-tant\/","title":{"rendered":"RIPARTIRE O RICOMINCIARE? IL CONVEGNO DI SAN PIETRO IN LAMA"},"content":{"rendered":"<p><img decoding=\"async\" loading=\"lazy\" class=\"alignnone size-full wp-image-167599\" src=\"https:\/\/www.leccecronaca.it\/wordpress\/wp-content\/uploads\/2020\/06\/quattro.jpg\" alt=\"\" width=\"1275\" height=\"692\" srcset=\"https:\/\/www.leccecronaca.it\/wordpress\/wp-content\/uploads\/2020\/06\/quattro.jpg 1275w, https:\/\/www.leccecronaca.it\/wordpress\/wp-content\/uploads\/2020\/06\/quattro-300x163.jpg 300w, https:\/\/www.leccecronaca.it\/wordpress\/wp-content\/uploads\/2020\/06\/quattro-1024x556.jpg 1024w, https:\/\/www.leccecronaca.it\/wordpress\/wp-content\/uploads\/2020\/06\/quattro-768x417.jpg 768w\" sizes=\"(max-width: 1275px) 100vw, 1275px\" \/>PRIMO MOMENTO DI CONFRONTO E DIALOGO PER LA COMUNITA&#8217;. leccecronaca.it E&#8217; ANDATA A SENTIRE. ECCO IN SINTESI GIORNALISTICA CHE COSA I TANTI E QUALIFICATI RELATORI HANNO DETTO<\/p>\n<p>di <strong>Stefania Bove<\/strong>______<\/p>\n<p>Il confronto, come momento di riflessione e di crescita, ha animato, luned\u00ec primo giugno, l\u2019area mercatale di San Pietro in Lama. Numerosa la partecipazione della comunit\u00e0 dopo il fermo imposto dal governo. Un plauso agli organizzatori, che hanno dato molti spunti di riflessione.<\/p>\n<p>Urgente la necessit\u00e0 di interrogarsi sul presente, ma soprattutto sul futuro, partendo da un interrogativo che appare sottile ma, di estrema sostanza come ben \u00e8 emerso da tutto l\u2019incontro.<\/p>\n<p>La presenza di figure di ambito scientifico e sociale oltre a collegamenti video hanno dato ulteriore spessore alla serata.<\/p>\n<p><img decoding=\"async\" loading=\"lazy\" class=\"alignnone size-full wp-image-167596\" src=\"https:\/\/www.leccecronaca.it\/wordpress\/wp-content\/uploads\/2020\/06\/cover.jpg\" alt=\"\" width=\"1280\" height=\"960\" srcset=\"https:\/\/www.leccecronaca.it\/wordpress\/wp-content\/uploads\/2020\/06\/cover.jpg 1280w, https:\/\/www.leccecronaca.it\/wordpress\/wp-content\/uploads\/2020\/06\/cover-300x225.jpg 300w, https:\/\/www.leccecronaca.it\/wordpress\/wp-content\/uploads\/2020\/06\/cover-1024x768.jpg 1024w, https:\/\/www.leccecronaca.it\/wordpress\/wp-content\/uploads\/2020\/06\/cover-768x576.jpg 768w, https:\/\/www.leccecronaca.it\/wordpress\/wp-content\/uploads\/2020\/06\/cover-400x300.jpg 400w\" sizes=\"(max-width: 1280px) 100vw, 1280px\" \/><\/p>\n<p>In collegamento video c&#8217;erano anche: il dottor\u00a0<strong>Italo Porto<\/strong> (Professore ordinario in malattie dell\u2019apparato cardiovascolare, Universit\u00e0 degli studi di Genova, Direttore U.O.C. nella clinica delle malattie cardiovascolari Policlinico San Martino IRCCS di Genova); il dottor <strong>Matteo Bassetti<\/strong> (infettivologo dell\u2019ospedale San Martino di Genova) e il dottor <strong>Giuseppe De Donno<\/strong> (pneumologo dell\u2019Ospedale Poma di Mantova).<\/p>\n<p><img decoding=\"async\" loading=\"lazy\" class=\"alignnone size-full wp-image-167597\" src=\"https:\/\/www.leccecronaca.it\/wordpress\/wp-content\/uploads\/2020\/06\/due.jpg\" alt=\"\" width=\"1271\" height=\"639\" srcset=\"https:\/\/www.leccecronaca.it\/wordpress\/wp-content\/uploads\/2020\/06\/due.jpg 1271w, https:\/\/www.leccecronaca.it\/wordpress\/wp-content\/uploads\/2020\/06\/due-300x151.jpg 300w, https:\/\/www.leccecronaca.it\/wordpress\/wp-content\/uploads\/2020\/06\/due-1024x515.jpg 1024w, https:\/\/www.leccecronaca.it\/wordpress\/wp-content\/uploads\/2020\/06\/due-768x386.jpg 768w\" sizes=\"(max-width: 1271px) 100vw, 1271px\" \/><\/p>\n<p>&nbsp;<\/p>\n<p>Per poter fornire ai nostri lettori la possibilit\u00e0 di avere un\u2019idea chiara dei molteplici ambiti toccati dai tanti interventi, di una serata molto articolata, ma comunque interessante, sia per gli argomenti affrontati, sia per gli illustri relatori, affinch\u00e9 essi possano poi, riflettendo e comparando, liberamente formare i propri convincimenti, leccecronaca.it \u00e8 andata a sentire.<\/p>\n<p>Ne riferiamo in dettaglio, dopo avere valutato l&#8217;ingente mole di informazioni raccolte, qui di seguito, anche se con una sintesi doverosa e in questa sede il necessario taglio giornalistico.<\/p>\n<p>&nbsp;<\/p>\n<p>La questione \u00e8 inevitabilmente multidisciplinare, come ben sottolineato dall\u2019attento moderatore, il dottor <strong>Giorgio Doveri<\/strong>, sia per l\u2019ambito scientifico dove varie discipline devono dialogare per raggiungere la giusta consapevolezza, diagnosi e relativo intervento, sia per il fatto che tutti noi siamo investiti da questo stravolgimento che porta a doversi porre interrogativi in ambito economico, politico e sociale.<\/p>\n<p>&nbsp;<\/p>\n<p>&nbsp;<\/p>\n<p>&nbsp;<\/p>\n<p>Partiamo dal primo intervento, affidato al dottor <strong>Carlo De Michele<\/strong>, (medico internista, membro dell\u2019ISDE, del Comitato Scientifico Multidisciplinare Indipendente e responsabile in Puglia per la Federazione italiana di ossigeno-terapia).<\/p>\n<p>Operando in Puglia ed avendo lavorato sulla questione dei disseccamenti degli olivi, egli ha evidenziato il grave squilibrio ambientale che da anni ha sconvolto l\u2019ambito agricolo, cos\u00ec come oggi l\u2019emergenza Covid19 sconvolge noi tutti.<\/p>\n<p>Ha segnalato una \u201ccrisi di sistema\u201d strettamente legata ad uno sviluppo socio-economico insostenibile, ed ha messo in evidenza come scienziati e politici siano impreparati ad affrontare i problemi intrinseci al tipo di sviluppo stesso.<\/p>\n<p>Carlo De Michele poi ha toccato la possibile, controversa e discussa relazione tra inquinamento elettromagnetico (soprattutto 5G) e pandemia, stimolato da uno dei numerosi interrogativi che hanno reso il dibattito costantemente interessante e vivace.<\/p>\n<p>Secondo il relatore, le nuove tecnologie vengono diffuse sempre in ragione delle esigenze di mercato senza essere precedute da adeguati studi sui possibili effetti nocivi; pur tuttavia, esistono studi indipendenti che hanno messo in relazione le grandi epidemie del passato con i diversi step dell\u2019inquinamento elettromagnetico come: trasmissioni radio senza fili\/Spagnola, Rete mondiale radar\/Asiatica, Rete satelliti militari\/Hong Kong.<\/p>\n<p>Certo &#8211; ha ammesso &#8211; si tratta di studi osservazionali, ma che lasciano pochi dubbi sul fatto che le onde millimetriche ad alta energia sono certamente in grado di interferire su numerose realt\u00e0 metaboliche il cui potenziale patologico viene colpevolmente ignorato.<\/p>\n<p>&nbsp;<\/p>\n<p>Il dottor <strong>Giuseppe Serravezza<\/strong> (immunologo, oncologo e Responsabile scientifico della LILT), figura popolare nel Salento per le sue battaglie in difesa del nostro territorio di tutti questi anni, luned\u00ec sera ha incentrato il suo intervento sulla rottura degli equilibri tra gli organismi viventi, dovuta ad una forzata promiscuit\u00e0 ambientale che genera malattie, essendo proprio le regole base della biologia quelle che vengono sempre pi\u00f9 ignorate per la sete di profitto a scapito della salute del sistema naturale nel suo complesso.<\/p>\n<p>&nbsp;<\/p>\n<p>Di particolare attivit\u00e0 \u00e8 stata la relazione del dottor<strong> Agostino Ciucci<\/strong> (Dirigente Medico del Vito Fazzi di Lecce, medicina e chirurgia d\u2019accettazione e d\u2019urgenza), che si \u00e8 occupato in prima linea dei pazienti Covid19 in ospedale e nella RSA La Fontanella di Soleto dopo il suo commissariamento.<\/p>\n<p>Egli ha espresso il convincimento che le condizioni del sistema immunitario, messo a dura prova da una molteplicit\u00e0 di fattori, abbiano creato le condizioni per cui anche un virus di tipo influenzale come il Coronavirus ha potuto scatenare reazioni abnormi nei soggetti pi\u00f9 fragili.<\/p>\n<p>Ne ha imputato i danni derivati alle informazioni sbagliate dettate dalla politica, che, ad esempio &#8211; ha sostenuto &#8211; ha vietato lo svolgimento delle autopsie sulle persone decedute, che, se eseguite, avrebbero evitato errori fatali di diagnosi e quindi delle relative terapie.<\/p>\n<p>Attualmente il virus \u00e8 clinicamente scomparso &#8211; ha poi sottolineato il dottore &#8211; in quanto la pur positivit\u00e0 al virus che ancora si pu\u00f2 riscontrare non \u00e8 sinonimo di malattia, perci\u00f2 ha auspicato che si eviti di attuare misure di distanziamento o l\u2019uso di mascherine, per lavorare appunto sul rafforzamento delle difese immunitarie.<\/p>\n<p>&nbsp;<\/p>\n<p>La centralit\u00e0 del ruolo del sistema immunitario \u00e8 stata sottolineata anche nell\u2019intervento brillante dalla biologa specialista in Patologia clinica <strong>Adriana Micaglio<\/strong>, che ha spinto la riflessione sull\u2019importanza della prevenzione in termini di stili di vita sani e naturali in contrapposizione ad un uso massiccio della chimica di sintesi.<\/p>\n<p>&nbsp;<\/p>\n<p>Dal punto di vista dell&#8217;impatto sociale due gli interventi.<\/p>\n<p>Il primo quello del segretario nazionale del sindacato SILP CGIL della polizia di Stato, <strong>Pietro Colapietro<\/strong>, che si \u00e8 soffermato sul ruolo delle forze dell&#8217;ordine nell&#8217;attuazione delle misure di lockdown e non solo, ricordando il sacrificio di Giovanni Falcone nella lotta alla mafia, &#8221; virus&#8221; di questo Paese. Un appunto critico personale \u00e8 emerso, a seguito di un intervento dal pubblico, rispetto ad alcune delle norme adottate dal governo per la gestione dello stato d&#8217;emergenza tutt&#8217;ora in vigore.<\/p>\n<p>&nbsp;<\/p>\n<p>Il secondo intervento, molto articolato, quello di Gino Ancona\u00a0di <strong>Gino Ancona<\/strong>\u00a0(segretario del Coordinamento per la difesa del Patrimonio Culturale contro le devastazioni ambientali), che ha puntato il dito contro la gestione politica e non scientifica della situazione, sintetizzandola come \u201cil golpe dello starnuto\u201d: non appena la scienza clinica \u00e8 riuscita a prendere in mano la situazione\u00a0 &#8211; ha sostenuto &#8211; finalmente la strage ha avuto un drastico ridimensionamento, uscendo cos\u00ec dal terrore mediatico imposto.<\/p>\n<p>Centrale \u00e8 stata la riflessione su come evitare che si possano ripetere situazioni simili di imposizione subite da tutta la popolazione: Gino Ancona propone di ricostruire la comunit\u00e0 con un suo sistema di organizzazione che impedisca qualsiasi possibilit\u00e0 di accentramento di potere. Essenziale a suo avviso \u00e8 di creare quindi un sistema di assemblee civiche che si autoconvochino\u00a0 per affrontare e risolvere le questioni in favore di ogni singolo individuo e conseguentemente di tutta la comunit\u00e0, non pi\u00f9 in ragione del profitto di qualcuno che la assoggetti fino a comprometterne anche la salute.<\/p>\n<p>&nbsp;<\/p>\n<p>Nel finale molte le domande dal pubblico, segno del fatto che di incontri come questi ci sia grande necessit\u00e0 nel sentire comune, dei tanti che sempre pi\u00f9 avvertono l\u2019esigenza di comprendere quali possano essere le nuove forme per riprendere il cammino, dopo uno stop forzato, verso la costruzione di una vita in armonia e non pi\u00f9 in contrasto con la natura.<\/p>\n<p>&nbsp;<\/p>\n<fb:like href='https:\/\/www.leccecronaca.it\/index.php\/2020\/06\/03\/ripartire-o-ricominciare-il-convegno-di-san-pietro-in-lama-primo-momento-di-confronto-e-dialogo-per-la-comunita-leccecronaca-it-e-andata-a-sentire-ecco-in-sintesi-giornalistica-che-cosa-i-tant\/' send='true' layout='button_count' show_faces='true' width='450' height='65' action='recommend' colorscheme='light' font='lucida grande'><\/fb:like><span class=\"fb_share\"><fb:like href=\"https:\/\/www.leccecronaca.it\/index.php\/2020\/06\/03\/ripartire-o-ricominciare-il-convegno-di-san-pietro-in-lama-primo-momento-di-confronto-e-dialogo-per-la-comunita-leccecronaca-it-e-andata-a-sentire-ecco-in-sintesi-giornalistica-che-cosa-i-tant\/\" layout=\"button_count\"><\/fb:like><\/span>","protected":false},"excerpt":{"rendered":"<p>PRIMO MOMENTO DI CONFRONTO E DIALOGO PER LA COMUNITA&#8217;. leccecronaca.it E&#8217; ANDATA A SENTIRE. ECCO IN SINTESI GIORNALISTICA CHE COSA I TANTI E QUALIFICATI RELATORI HANNO DETTO di Stefania Bove______ Il confronto, come momento di riflessione e di crescita, ha animato, luned\u00ec primo giugno, l\u2019area mercatale di San Pietro in Lama. Numerosa la partecipazione della [&hellip;]<\/p>\n","protected":false},"author":4,"featured_media":167599,"comment_status":"open","ping_status":"closed","sticky":false,"template":"","format":"standard","meta":[],"categories":[69,31,76],"tags":[],"_links":{"self":[{"href":"https:\/\/www.leccecronaca.it\/index.php\/wp-json\/wp\/v2\/posts\/167595"}],"collection":[{"href":"https:\/\/www.leccecronaca.it\/index.php\/wp-json\/wp\/v2\/posts"}],"about":[{"href":"https:\/\/www.leccecronaca.it\/index.php\/wp-json\/wp\/v2\/types\/post"}],"author":[{"embeddable":true,"href":"https:\/\/www.leccecronaca.it\/index.php\/wp-json\/wp\/v2\/users\/4"}],"replies":[{"embeddable":true,"href":"https:\/\/www.leccecronaca.it\/index.php\/wp-json\/wp\/v2\/comments?post=167595"}],"version-history":[{"count":7,"href":"https:\/\/www.leccecronaca.it\/index.php\/wp-json\/wp\/v2\/posts\/167595\/revisions"}],"predecessor-version":[{"id":167637,"href":"https:\/\/www.leccecronaca.it\/index.php\/wp-json\/wp\/v2\/posts\/167595\/revisions\/167637"}],"wp:featuredmedia":[{"embeddable":true,"href":"https:\/\/www.leccecronaca.it\/index.php\/wp-json\/wp\/v2\/media\/167599"}],"wp:attachment":[{"href":"https:\/\/www.leccecronaca.it\/index.php\/wp-json\/wp\/v2\/media?parent=167595"}],"wp:term":[{"taxonomy":"category","embeddable":true,"href":"https:\/\/www.leccecronaca.it\/index.php\/wp-json\/wp\/v2\/categories?post=167595"},{"taxonomy":"post_tag","embeddable":true,"href":"https:\/\/www.leccecronaca.it\/index.php\/wp-json\/wp\/v2\/tags?post=167595"}],"curies":[{"name":"wp","href":"https:\/\/api.w.org\/{rel}","templated":true}]}}